{"id":1805,"date":"2024-04-18T00:20:53","date_gmt":"2024-04-18T03:20:53","guid":{"rendered":"https:\/\/guialimeira.com.br\/2024\/04\/18\/rio-decreta-feriados-em-novembro-durante-cupula-do-g20\/"},"modified":"2024-04-18T00:20:53","modified_gmt":"2024-04-18T03:20:53","slug":"rio-decreta-feriados-em-novembro-durante-cupula-do-g20","status":"publish","type":"post","link":"https:\/\/guialimeira.com.br\/news\/rio-decreta-feriados-em-novembro-durante-cupula-do-g20\/","title":{"rendered":"Rio decreta feriados em novembro durante C\u00fapula do G20"},"content":{"rendered":"<p> <br \/>\n<\/p>\n<div>\n<p>A C\u00e2mara de Vereadores do Rio de Janeiro aprovou hoje (17) projeto PL 2857\/2024, que determina feriado\u00a0municipal\u00a0nos dias dias 18 e 19 de novembro devido \u00e0 realiza\u00e7\u00e3o da C\u00fapula do G20 ns cidade do Rio. O objetivo \u00e9 facilitar a log\u00edstica de transporte e seguran\u00e7a das autoridades durante o evento,<img data-recalc-dims=\"1\" decoding=\"async\" src=\"https:\/\/i0.wp.com\/agenciabrasil.ebc.com.br\/ebc.png?w=696&#038;ssl=1\" style=\"width:1px; height:1px; display:inline;\"\/><img data-recalc-dims=\"1\" decoding=\"async\" src=\"https:\/\/i0.wp.com\/agenciabrasil.ebc.com.br\/ebc.gif?w=696&#038;ssl=1\" style=\"width:1px; height:1px; display:inline;\"\/><\/p>\n<p>Os vereadores determinaram\u00a0que continuar\u00e3o funcionando as ind\u00fastrias situadas nas zonas norte e oeste da cidade, al\u00e9m de padarias e estabelecimentos que desenvolvam as atividades por meio de trabalho remoto.<\/p>\n<p>Na justificativa do projeto, o Poder Executivo explicou que os feriados excepcionais s\u00e3o imprescind\u00edveis para a realiza\u00e7\u00e3o do encontro dos principais l\u00edderes mundiais, porque demanda da prefeitura o apoio \u00e0s opera\u00e7\u00f5es log\u00edsticas planejadas pelo governo federal, incluindo restri\u00e7\u00f5es \u00e0 circula\u00e7\u00e3o geral como o bloqueio de vias p\u00fablicas.<\/p>\n<p>O presidente da C\u00e2mara Municipal do Rio, Carlo Caiado (PSD) comemorou a realiza\u00e7\u00e3o da C\u00fapula do G20 na cidade. &#8220;Este \u00e9 um evento muito importante, que coloca o Rio como protagonista global. O feriado \u00e9 fundamental para garantir o sucesso. Conseguimos fazer um equil\u00edbrio com o setor produtivo, com di\u00e1logo, criando exce\u00e7\u00f5es para n\u00e3o prejudicar setores importantes da economia\u201d, disse. Para Caiado, a aprova\u00e7\u00e3o da medida\u00a0\u00e9 parte importante das prepara\u00e7\u00f5es do Rio para receber mais de 30 chefes de estado e cerca de 15 mil visitantes internacionais.<\/p>\n<h2>Ind\u00fastrias<\/h2>\n<p>L\u00edder do governo na C\u00e2mara, o vereador \u00c1tila Nunes (PSD) disse que ao assegurar o pleno funcionamento das ind\u00fastrias instaladas nas zonas norte e oeste da cidade, a prefeitura atende\u00a0a\u00a0pleito de setores produtivos. \u201cA\u00a0 emenda vai diminuir o impacto negativo econ\u00f4mico para a cidade, lembrando que o prop\u00f3sito \u00e9 viabilizar a log\u00edstica nos dias do evento. Os dois feriados do m\u00eas, dos dias 15 (Proclama\u00e7\u00e3o da Rep\u00fablica)\u00a0e 20 (Feriado de Zumbi dos Palmares)\u00a0j\u00e1 est\u00e3o garantidos.\u201d<\/p>\n<p>O feriado tamb\u00e9m n\u00e3o contempla com\u00e9rcio de rua,\u00a0bares e restaurantes,\u00a0hot\u00e9is, hospedarias e pousadas,\u00a0centros comerciais e shopping centers, al\u00e9m de\u00a0estabelecimentos culturais como teatros, cinemas e bibliotecas\u00a0e pontos tur\u00edsticos.\u00a0<\/p>\n<h2>G20<\/h2>\n<p>O G20 re\u00fane os pa\u00edses com as maiores economias do mundo. Os Estados-membros se encontram anualmente para discutir iniciativas econ\u00f4micas, pol\u00edticas e sociais e se define como o principal f\u00f3rum de coopera\u00e7\u00e3o econ\u00f4mica internacional. Esta \u00e9 a primeira vez que o Brasil assume a presid\u00eancia do grupo.\u00a0<\/p>\n<\/p><\/div>\n<p><br \/>\n<br \/><a href=\"https:\/\/agenciabrasil.ebc.com.br\/politica\/noticia\/2024-04\/rio-decreta-feriados-durante-cupula-do-g20-na-cidade\" rel=\"noopener\">Ag\u00eancia Brasil<\/a><\/p>\n","protected":false},"excerpt":{"rendered":"<p>A C\u00e2mara de Vereadores do Rio de Janeiro aprovou hoje (17) projeto PL 2857\/2024, que determina feriado\u00a0municipal\u00a0nos dias dias 18 e 19 de novembro devido \u00e0 realiza\u00e7\u00e3o da C\u00fapula do G20 ns cidade do Rio. O objetivo \u00e9 facilitar a log\u00edstica de transporte e seguran\u00e7a das autoridades durante o evento, Os vereadores determinaram\u00a0que continuar\u00e3o funcionando [&hellip;]<\/p>\n","protected":false},"author":1,"featured_media":1806,"comment_status":"open","ping_status":"open","sticky":false,"template":"","format":"standard","meta":{"_jetpack_newsletter_access":"","_jetpack_dont_email_post_to_subs":false,"_jetpack_newsletter_tier_id":0,"_jetpack_memberships_contains_paywalled_content":false,"_mbp_banners":[],"_jetpack_feature_clip_id":0,"_jetpack_memberships_contains_paid_content":false,"footnotes":"","jetpack_publicize_message":"","jetpack_publicize_feature_enabled":true,"jetpack_social_post_already_shared":true,"jetpack_social_options":{"image_generator_settings":{"template":"highway","default_image_id":0,"font":"","enabled":false},"version":2},"jetpack_post_was_ever_published":false},"categories":[22],"tags":[],"class_list":["post-1805","post","type-post","status-publish","format-standard","has-post-thumbnail","category-nacional"],"jetpack_publicize_connections":[],"jetpack-related-posts":[],"jetpack_shortlink":"https:\/\/wp.me\/p7Eq1F-t7","jetpack_sharing_enabled":true,"jetpack_featured_media_url":"https:\/\/i0.wp.com\/guialimeira.com.br\/news\/wp-content\/uploads\/2024\/04\/arte_sobre_o_g20.jpg?fit=1600%2C800&ssl=1","_links":{"self":[{"href":"https:\/\/guialimeira.com.br\/news\/wp-json\/wp\/v2\/posts\/1805","targetHints":{"allow":["GET"]}}],"collection":[{"href":"https:\/\/guialimeira.com.br\/news\/wp-json\/wp\/v2\/posts"}],"about":[{"href":"https:\/\/guialimeira.com.br\/news\/wp-json\/wp\/v2\/types\/post"}],"author":[{"embeddable":true,"href":"https:\/\/guialimeira.com.br\/news\/wp-json\/wp\/v2\/users\/1"}],"replies":[{"embeddable":true,"href":"https:\/\/guialimeira.com.br\/news\/wp-json\/wp\/v2\/comments?post=1805"}],"version-history":[{"count":0,"href":"https:\/\/guialimeira.com.br\/news\/wp-json\/wp\/v2\/posts\/1805\/revisions"}],"wp:featuredmedia":[{"embeddable":true,"href":"https:\/\/guialimeira.com.br\/news\/wp-json\/wp\/v2\/media\/1806"}],"wp:attachment":[{"href":"https:\/\/guialimeira.com.br\/news\/wp-json\/wp\/v2\/media?parent=1805"}],"wp:term":[{"taxonomy":"category","embeddable":true,"href":"https:\/\/guialimeira.com.br\/news\/wp-json\/wp\/v2\/categories?post=1805"},{"taxonomy":"post_tag","embeddable":true,"href":"https:\/\/guialimeira.com.br\/news\/wp-json\/wp\/v2\/tags?post=1805"}],"curies":[{"name":"wp","href":"https:\/\/api.w.org\/{rel}","templated":true}]}}