{"id":17987,"date":"2024-11-29T10:20:19","date_gmt":"2024-11-29T13:20:19","guid":{"rendered":"https:\/\/guialimeira.com.br\/2024\/11\/29\/okonjo-iweala-conquista-novo-mandato-como-chefe-da-omc\/"},"modified":"2024-11-29T10:20:19","modified_gmt":"2024-11-29T13:20:19","slug":"okonjo-iweala-conquista-novo-mandato-como-chefe-da-omc","status":"publish","type":"post","link":"https:\/\/guialimeira.com.br\/news\/okonjo-iweala-conquista-novo-mandato-como-chefe-da-omc\/","title":{"rendered":"Okonjo-Iweala conquista novo mandato como chefe da OMC"},"content":{"rendered":"<p> <br \/>\n<\/p>\n<div>\n<p>A diretora-geral da Organiza\u00e7\u00e3o Mundial do Com\u00e9rcio (OMC), Ngozi Okonjo-Iweala, foi renomeada para o segundo mandato em\u00a0reuni\u00e3o especial nesta sexta-feira (29), informou o \u00f3rg\u00e3o em um comunicado, o que significa que seu novo mandato coincidir\u00e1 com o do presidente eleito dos Estados Unidos, Donald Trump.<img data-recalc-dims=\"1\" decoding=\"async\" src=\"https:\/\/i0.wp.com\/agenciabrasil.ebc.com.br\/ebc.png?w=696&#038;ssl=1\" style=\"width:1px; height:1px; display:inline;\"\/><img data-recalc-dims=\"1\" decoding=\"async\" src=\"https:\/\/i0.wp.com\/agenciabrasil.ebc.com.br\/ebc.gif?w=696&#038;ssl=1\" style=\"width:1px; height:1px; display:inline;\"\/><\/p>\n<p>Fontes ligadas \u00e0 OMC consideram\u00a0que o caminho a ser percorrido pela organiza\u00e7\u00e3o ser\u00e1\u00a0desafiador e, provavelmente, caracterizado por guerras comerciais, com Trump amea\u00e7ando impor pesadas tarifas sobre produtos do\u00a0M\u00e9xico, Canad\u00e1 e da China.<\/p>\n<p>Okonjo-Iweala, a ex-ministra das Finan\u00e7as da Nig\u00e9ria que fez hist\u00f3ria em 2021 ao se tornar a primeira mulher e a primeira chefe africana do \u00f3rg\u00e3o, tem amplo apoio entre os membros da OMC. Ela anunciou em setembro que concorreria novamente, com o objetivo de concluir &#8220;neg\u00f3cios inacabados&#8221;.<\/p>\n<p>Nenhum outro candidato concorreu contra ela.<\/p>\n<p>Fontes disseram que a reuni\u00e3o criou um meio de acelerar seu processo de nomea\u00e7\u00e3o para evitar qualquer risco de ser bloqueado por Trump, cujas equipes e aliados j\u00e1 criticaram Okonjo-Iweala e a OMC no passado.<\/p>\n<p>Em 2020, seu governo apoiou uma candidata rival e tentou bloquear o\u00a0primeiro mandato. Ela garantiu o apoio dos EUA somente quando o presidente Joe Biden\u00a0sucedeu Trump na Casa Branca.<\/p>\n<p><em><strong>*\u00c9 proibida a reprodu\u00e7\u00e3o deste conte\u00fado.<\/strong><\/em><\/p>\n<p>      <!-- Relacionada --><\/p>\n<p>            <!-- Relacionada -->\n    <\/div>\n<p><br \/>\n<br \/><a href=\"https:\/\/agenciabrasil.ebc.com.br\/internacional\/noticia\/2024-11\/okonjo-iweala-conquista-novo-mandato-como-chefe-da-omc\" rel=\"noopener\">Ag\u00eancia Brasil <\/a><\/p>\n","protected":false},"excerpt":{"rendered":"<p>A diretora-geral da Organiza\u00e7\u00e3o Mundial do Com\u00e9rcio (OMC), Ngozi Okonjo-Iweala, foi renomeada para o segundo mandato em\u00a0reuni\u00e3o especial nesta sexta-feira (29), informou o \u00f3rg\u00e3o em um comunicado, o que significa que seu novo mandato coincidir\u00e1 com o do presidente eleito dos Estados Unidos, Donald Trump. Fontes ligadas \u00e0 OMC consideram\u00a0que o caminho a ser percorrido [&hellip;]<\/p>\n","protected":false},"author":1,"featured_media":17988,"comment_status":"open","ping_status":"open","sticky":false,"template":"","format":"standard","meta":{"_jetpack_newsletter_access":"","_jetpack_dont_email_post_to_subs":false,"_jetpack_newsletter_tier_id":0,"_jetpack_memberships_contains_paywalled_content":false,"_mbp_banners":[],"_jetpack_feature_clip_id":0,"_jetpack_memberships_contains_paid_content":false,"footnotes":"","jetpack_publicize_message":"","jetpack_publicize_feature_enabled":true,"jetpack_social_post_already_shared":true,"jetpack_social_options":{"image_generator_settings":{"template":"highway","default_image_id":0,"font":"","enabled":false},"version":2},"jetpack_post_was_ever_published":false},"categories":[25],"tags":[],"class_list":["post-17987","post","type-post","status-publish","format-standard","has-post-thumbnail","category-internacional"],"jetpack_publicize_connections":[],"jetpack-related-posts":[],"jetpack_shortlink":"https:\/\/wp.me\/p7Eq1F-4G7","jetpack_sharing_enabled":true,"jetpack_featured_media_url":"https:\/\/i0.wp.com\/guialimeira.com.br\/news\/wp-content\/uploads\/2024\/11\/2021-02-09t164541z_1_lynxmpeh181gx_rtroptp_4_macro-omc-diretor.jpg?fit=1600%2C800&ssl=1","_links":{"self":[{"href":"https:\/\/guialimeira.com.br\/news\/wp-json\/wp\/v2\/posts\/17987","targetHints":{"allow":["GET"]}}],"collection":[{"href":"https:\/\/guialimeira.com.br\/news\/wp-json\/wp\/v2\/posts"}],"about":[{"href":"https:\/\/guialimeira.com.br\/news\/wp-json\/wp\/v2\/types\/post"}],"author":[{"embeddable":true,"href":"https:\/\/guialimeira.com.br\/news\/wp-json\/wp\/v2\/users\/1"}],"replies":[{"embeddable":true,"href":"https:\/\/guialimeira.com.br\/news\/wp-json\/wp\/v2\/comments?post=17987"}],"version-history":[{"count":0,"href":"https:\/\/guialimeira.com.br\/news\/wp-json\/wp\/v2\/posts\/17987\/revisions"}],"wp:featuredmedia":[{"embeddable":true,"href":"https:\/\/guialimeira.com.br\/news\/wp-json\/wp\/v2\/media\/17988"}],"wp:attachment":[{"href":"https:\/\/guialimeira.com.br\/news\/wp-json\/wp\/v2\/media?parent=17987"}],"wp:term":[{"taxonomy":"category","embeddable":true,"href":"https:\/\/guialimeira.com.br\/news\/wp-json\/wp\/v2\/categories?post=17987"},{"taxonomy":"post_tag","embeddable":true,"href":"https:\/\/guialimeira.com.br\/news\/wp-json\/wp\/v2\/tags?post=17987"}],"curies":[{"name":"wp","href":"https:\/\/api.w.org\/{rel}","templated":true}]}}