{"id":17813,"date":"2024-11-27T12:26:08","date_gmt":"2024-11-27T15:26:08","guid":{"rendered":"https:\/\/guialimeira.com.br\/2024\/11\/27\/chega-a-sp-decimo-terceiro-voo-com-150-repatriados-do-libano\/"},"modified":"2024-11-27T12:26:08","modified_gmt":"2024-11-27T15:26:08","slug":"chega-a-sp-decimo-terceiro-voo-com-150-repatriados-do-libano","status":"publish","type":"post","link":"https:\/\/guialimeira.com.br\/news\/chega-a-sp-decimo-terceiro-voo-com-150-repatriados-do-libano\/","title":{"rendered":"Chega a SP d\u00e9cimo terceiro voo com 150 repatriados do L\u00edbano"},"content":{"rendered":"<p> <br \/>\n<\/p>\n<div>\n<p>O d\u00e9cimo terceiro voo da For\u00e7a A\u00e9rea Brasileira (FAB) que resgatou brasileiros do L\u00edbano pousou \u00e0s 3h35 desta quarta-feira (27) na Base A\u00e9rea de S\u00e3o Paulo (Basp), em Guarulhos.<img data-recalc-dims=\"1\" decoding=\"async\" src=\"https:\/\/i0.wp.com\/agenciabrasil.ebc.com.br\/ebc.png?w=696&#038;ssl=1\" style=\"width:1px; height:1px; display:inline;\"\/><img data-recalc-dims=\"1\" decoding=\"async\" src=\"https:\/\/i0.wp.com\/agenciabrasil.ebc.com.br\/ebc.gif?w=696&#038;ssl=1\" style=\"width:1px; height:1px; display:inline;\"\/><\/p>\n<p>Estavam a bordo 150 repatriados e um animal de estima\u00e7\u00e3o, no voo que integra a Opera\u00e7\u00e3o Ra\u00edzes do Cedro, iniciada em 2 de outubro e coordenada pelo governo federal.<\/p>\n<p>A aeronave KC-30 tem sido utilizada nas repatria\u00e7\u00f5es. A log\u00edstica envolve o uso de aeronave e de servidores da For\u00e7a A\u00e9rea Brasileira e um intenso trabalho de articula\u00e7\u00e3o do Itamaraty. Segundo o governo federal, a comunidade brasileira no L\u00edbano tem cerca de 20 mil pessoas.<\/p>\n<p>As a\u00e7\u00f5es de repatria\u00e7\u00e3o foram determinadas pelo presidente Luiz In\u00e1cio Lula da Silva desde o agravamento do conflito no pa\u00eds, com bombardeios a\u00e9reos massivos de Israel contra cidades libanesas. Os bombardeios s\u00e3o desdobramento da <a href=\"https:\/\/agenciabrasil.ebc.com.br\/geral\/noticia\/2024-09\/entenda-por-que-gaza-motivou-os-bombardeios-de-israel-contra-o-libano\" target=\"_blank\" rel=\"noopener\">campanha militar israelense<\/a> na Faixa de Gaza, territ\u00f3rio palestino ocupado por Tel-Aviv.<\/p>\n<h2>Cessar-fogo<\/h2>\n<p>Na madrugada desta quarta-feira, entrou em vigor o acordo de cessar-fogo entre o grupo xiita Hezbollah e Israel, mediado pelos Estados Unidos e pela Fran\u00e7a.<\/p>\n<p>O acordo prev\u00ea a retirada, a partir de hoje, das for\u00e7as de Israel do L\u00edbano em um prazo de 60 dias. J\u00e1 o Hezbollah comprometeu-se a ir para Norte do Rio Litani, uma fronteira estabelecida no final da \u00faltima guerra entre Israel e o Hezbollah, em 2006.<\/p>\n<p>Dessa forma, haver\u00e1 a libera\u00e7\u00e3o de uma faixa que ser\u00e1 patrulhada pelo ex\u00e9rcito liban\u00eas e pela for\u00e7a das Na\u00e7\u00f5es Unidas no L\u00edbano (Unifil), os capacetes azuis. Segundo o acordo, o ex\u00e9rcito liban\u00eas deve tamb\u00e9m enviar 5 mil soldados para o Sul do pa\u00eds.<\/p>\n<p>A <strong>Ag\u00eancia Brasil<\/strong> solicitou \u00e0 FAB atualiza\u00e7\u00f5es sobre a opera\u00e7\u00e3o de repatria\u00e7\u00e3o Ra\u00edzes do Cedro, diante do novo cen\u00e1rio de tr\u00e9gua no conflito.<\/p>\n<p>\u00a0<\/p>\n<p>      <!-- Relacionada --><\/p>\n<p>            <!-- Relacionada -->\n    <\/div>\n<p><br \/>\n<br \/><a href=\"https:\/\/agenciabrasil.ebc.com.br\/internacional\/noticia\/2024-11\/chega-sp-decimo-terceiro-voo-com-150-repatriados-do-libano\" rel=\"noopener\">Ag\u00eancia Brasil <\/a><\/p>\n","protected":false},"excerpt":{"rendered":"<p>O d\u00e9cimo terceiro voo da For\u00e7a A\u00e9rea Brasileira (FAB) que resgatou brasileiros do L\u00edbano pousou \u00e0s 3h35 desta quarta-feira (27) na Base A\u00e9rea de S\u00e3o Paulo (Basp), em Guarulhos. Estavam a bordo 150 repatriados e um animal de estima\u00e7\u00e3o, no voo que integra a Opera\u00e7\u00e3o Ra\u00edzes do Cedro, iniciada em 2 de outubro e coordenada [&hellip;]<\/p>\n","protected":false},"author":1,"featured_media":269,"comment_status":"open","ping_status":"open","sticky":false,"template":"","format":"standard","meta":{"_jetpack_newsletter_access":"","_jetpack_dont_email_post_to_subs":false,"_jetpack_newsletter_tier_id":0,"_jetpack_memberships_contains_paywalled_content":false,"_mbp_banners":[],"_jetpack_feature_clip_id":0,"_jetpack_memberships_contains_paid_content":false,"footnotes":"","jetpack_publicize_message":"","jetpack_publicize_feature_enabled":true,"jetpack_social_post_already_shared":true,"jetpack_social_options":{"image_generator_settings":{"template":"highway","default_image_id":0,"font":"","enabled":false},"version":2},"jetpack_post_was_ever_published":false},"categories":[25],"tags":[],"class_list":["post-17813","post","type-post","status-publish","format-standard","has-post-thumbnail","category-internacional"],"jetpack_publicize_connections":[],"jetpack-related-posts":[],"jetpack_shortlink":"https:\/\/wp.me\/p7Eq1F-4Dj","jetpack_sharing_enabled":true,"jetpack_featured_media_url":"https:\/\/i0.wp.com\/guialimeira.com.br\/news\/wp-content\/uploads\/2024\/03\/thumb_1200x600_agbrasil.png?fit=1200%2C600&ssl=1","_links":{"self":[{"href":"https:\/\/guialimeira.com.br\/news\/wp-json\/wp\/v2\/posts\/17813","targetHints":{"allow":["GET"]}}],"collection":[{"href":"https:\/\/guialimeira.com.br\/news\/wp-json\/wp\/v2\/posts"}],"about":[{"href":"https:\/\/guialimeira.com.br\/news\/wp-json\/wp\/v2\/types\/post"}],"author":[{"embeddable":true,"href":"https:\/\/guialimeira.com.br\/news\/wp-json\/wp\/v2\/users\/1"}],"replies":[{"embeddable":true,"href":"https:\/\/guialimeira.com.br\/news\/wp-json\/wp\/v2\/comments?post=17813"}],"version-history":[{"count":0,"href":"https:\/\/guialimeira.com.br\/news\/wp-json\/wp\/v2\/posts\/17813\/revisions"}],"wp:featuredmedia":[{"embeddable":true,"href":"https:\/\/guialimeira.com.br\/news\/wp-json\/wp\/v2\/media\/269"}],"wp:attachment":[{"href":"https:\/\/guialimeira.com.br\/news\/wp-json\/wp\/v2\/media?parent=17813"}],"wp:term":[{"taxonomy":"category","embeddable":true,"href":"https:\/\/guialimeira.com.br\/news\/wp-json\/wp\/v2\/categories?post=17813"},{"taxonomy":"post_tag","embeddable":true,"href":"https:\/\/guialimeira.com.br\/news\/wp-json\/wp\/v2\/tags?post=17813"}],"curies":[{"name":"wp","href":"https:\/\/api.w.org\/{rel}","templated":true}]}}