{"id":1781,"date":"2024-04-17T19:16:04","date_gmt":"2024-04-17T22:16:04","guid":{"rendered":"https:\/\/guialimeira.com.br\/2024\/04\/17\/stf-comeca-a-analisar-lei-que-impoe-restricoes-para-laqueadura\/"},"modified":"2024-04-17T19:16:04","modified_gmt":"2024-04-17T22:16:04","slug":"stf-comeca-a-analisar-lei-que-impoe-restricoes-para-laqueadura","status":"publish","type":"post","link":"https:\/\/guialimeira.com.br\/news\/stf-comeca-a-analisar-lei-que-impoe-restricoes-para-laqueadura\/","title":{"rendered":"STF come\u00e7a a analisar lei que imp\u00f5e restri\u00e7\u00f5es para laqueadura"},"content":{"rendered":"<p> <br \/>\n<\/p>\n<div>\n<p>O Supremo Tribunal Federal (STF) ouviu nesta quarta-feira (17) as sustenta\u00e7\u00f5es orais das partes envolvidas no julgamento sobre a constitucionalidade da lei que estabeleceu crit\u00e9rios para realiza\u00e7\u00e3o de cirurgias de esteriliza\u00e7\u00e3o volunt\u00e1ria de homens e mulheres, m\u00e9todos conhecidos como vasectomia e laqueadura.\u00a0<img data-recalc-dims=\"1\" decoding=\"async\" src=\"https:\/\/i0.wp.com\/agenciabrasil.ebc.com.br\/ebc.png?w=696&#038;ssl=1\" style=\"width:1px; height:1px; display:inline;\"\/><img data-recalc-dims=\"1\" decoding=\"async\" src=\"https:\/\/i0.wp.com\/agenciabrasil.ebc.com.br\/ebc.gif?w=696&#038;ssl=1\" style=\"width:1px; height:1px; display:inline;\"\/><\/p>\n<p>Os ministros ouviram representantes de diversas entidades que atuam na defesa dos direitos das mulheres e da defensoria p\u00fablica antes de proferirem seus votos. A data do julgamento do processo ainda n\u00e3o foi definida.<\/p>\n<p>A Corte vai julgar trechos da Lei 9.263\/1996, conhecida como Lei do Planejamento Familiar,\u00a0a partir de uma a\u00e7\u00e3o protocolada pelo PSB, em 2018.\u00a0Na pr\u00e1tica, as restri\u00e7\u00f5es atingem principalmente as mulheres.<\/p>\n<p>O texto original previa que homens e mulheres s\u00f3 poderiam realizar laqueadura e vasectomia se tivessem idade m\u00ednima de 25 anos, pelo menos dois filhos vivos, e\u00a0ap\u00f3s o cumprimento de\u00a0intervalo m\u00ednimo de 60 dias.<\/p>\n<p>No per\u00edodo, de acordo com a lei, homens e mulheres devem ter acesso a servi\u00e7o de aconselhamento para &#8220;desencorajar a esteriliza\u00e7\u00e3o precoce&#8221;. Al\u00e9m disso, a norma definiu que a esteriliza\u00e7\u00e3o dependia da autoriza\u00e7\u00e3o expressa do c\u00f4njuge.<\/p>\n<p>Em 2022, a Lei 14.443 promoveu altera\u00e7\u00f5es na norma original sobre o tema. A autoriza\u00e7\u00e3o para realiza\u00e7\u00e3o da laqueadura foi retirada, e a idade m\u00ednima passou para 21 anos. Contudo, a restri\u00e7\u00e3o do m\u00e9todo continuou condicionado ao n\u00famero m\u00ednimo de dois filhos.<\/p>\n<p>Durante as sustenta\u00e7\u00f5es, a advogada Ana Let\u00edcia Rodrigues, representante do PSB, afirmou que as limita\u00e7\u00f5es s\u00e3o contra os direitos reprodutivos e representam interfer\u00eancia indevida do Estado no planejamento familiar dos brasileiros.<\/p>\n<p>&#8220;Trata-se de uma intoler\u00e1vel interven\u00e7\u00e3o estatal, que condiciona a pr\u00e1tica de um direito a um uso espec\u00edfico do corpo e sexualidade, qual seja, a concep\u00e7\u00e3o de filhos, refor\u00e7ando uma cultura de maternidade compuls\u00f3ria, dificultado acesso a m\u00e9todo contraceptivo eficaz&#8221;, afirmou.<\/p>\n<p>A advogada Ligia Ziggiotti, do Instituto Brasileiro de Direito de Fam\u00edlia (IBDFAM), disse que a autonomia das mulheres deve ser respeitada e a esterilidade volunt\u00e1ria deve ser garantida para mulheres com mais de 18 anos.\u00a0Para Ligia, n\u00e3o cabe ao Estado exigir mais maturidade ou mais filhos para condicionar a laqueadura.<\/p>\n<p>&#8220;Um Estado que seja democr\u00e1tico de direito n\u00e3o pode limitar um exerc\u00edcio de liberdade, partindo da premissa de que a escolha de uma mulher civilmente capaz que n\u00e3o deseje engravidar \u00e9 uma escolha duvidosa&#8221;, afirmou.<\/p>\n<p>Para a defensora p\u00fablica\u00a0Tatiana Mello Arag\u00e3o,\u00a0representante da Defensoria P\u00fablica da Uni\u00e3o (DPU),\u00a0somente a idade m\u00ednima de 18 anos pode ser imposta para impedir a esteriliza\u00e7\u00e3o volunt\u00e1ria.<\/p>\n<p>&#8220;Embora a disposi\u00e7\u00e3o legislativa seja dirigida a ambos sexos, a mulher experimenta de forma muito mais intensa essa situa\u00e7\u00e3o. Historicamente, a ela compete o dever de evitar a concep\u00e7\u00e3o, tanto que a laqueadura \u00e9 amplamente mais utilizada no Brasil que a vasectomia&#8221;, completou.<\/p>\n<p>O novo modelo que ouve as partes em plen\u00e1rio antes do julgamento foi implantado no ano passado pelo presidente do STF, Lu\u00eds Roberto Barroso. O m\u00e9todo \u00e9 utilizado pela Suprema Corte dos Estados Unidos.<\/p>\n<\/p><\/div>\n<p><br \/>\n<br \/><a href=\"https:\/\/agenciabrasil.ebc.com.br\/justica\/noticia\/2024-04\/stf-comeca-analisar-lei-que-impoe-restricoes-para-laqueadura\" rel=\"noopener\">Ag\u00eancia Brasil<\/a><\/p>\n","protected":false},"excerpt":{"rendered":"<p>O Supremo Tribunal Federal (STF) ouviu nesta quarta-feira (17) as sustenta\u00e7\u00f5es orais das partes envolvidas no julgamento sobre a constitucionalidade da lei que estabeleceu crit\u00e9rios para realiza\u00e7\u00e3o de cirurgias de esteriliza\u00e7\u00e3o volunt\u00e1ria de homens e mulheres, m\u00e9todos conhecidos como vasectomia e laqueadura.\u00a0 Os ministros ouviram representantes de diversas entidades que atuam na defesa dos direitos [&hellip;]<\/p>\n","protected":false},"author":1,"featured_media":1782,"comment_status":"open","ping_status":"open","sticky":false,"template":"","format":"standard","meta":{"_jetpack_newsletter_access":"","_jetpack_dont_email_post_to_subs":false,"_jetpack_newsletter_tier_id":0,"_jetpack_memberships_contains_paywalled_content":false,"_mbp_banners":[],"_jetpack_feature_clip_id":0,"_jetpack_memberships_contains_paid_content":false,"footnotes":"","jetpack_publicize_message":"","jetpack_publicize_feature_enabled":true,"jetpack_social_post_already_shared":true,"jetpack_social_options":{"image_generator_settings":{"template":"highway","default_image_id":0,"font":"","enabled":false},"version":2},"jetpack_post_was_ever_published":false},"categories":[22],"tags":[],"class_list":["post-1781","post","type-post","status-publish","format-standard","has-post-thumbnail","category-nacional"],"jetpack_publicize_connections":[],"jetpack-related-posts":[],"jetpack_shortlink":"https:\/\/wp.me\/p7Eq1F-sJ","jetpack_sharing_enabled":true,"jetpack_featured_media_url":"https:\/\/i0.wp.com\/guialimeira.com.br\/news\/wp-content\/uploads\/2024\/04\/medicos.jpg?fit=1600%2C800&ssl=1","_links":{"self":[{"href":"https:\/\/guialimeira.com.br\/news\/wp-json\/wp\/v2\/posts\/1781","targetHints":{"allow":["GET"]}}],"collection":[{"href":"https:\/\/guialimeira.com.br\/news\/wp-json\/wp\/v2\/posts"}],"about":[{"href":"https:\/\/guialimeira.com.br\/news\/wp-json\/wp\/v2\/types\/post"}],"author":[{"embeddable":true,"href":"https:\/\/guialimeira.com.br\/news\/wp-json\/wp\/v2\/users\/1"}],"replies":[{"embeddable":true,"href":"https:\/\/guialimeira.com.br\/news\/wp-json\/wp\/v2\/comments?post=1781"}],"version-history":[{"count":0,"href":"https:\/\/guialimeira.com.br\/news\/wp-json\/wp\/v2\/posts\/1781\/revisions"}],"wp:featuredmedia":[{"embeddable":true,"href":"https:\/\/guialimeira.com.br\/news\/wp-json\/wp\/v2\/media\/1782"}],"wp:attachment":[{"href":"https:\/\/guialimeira.com.br\/news\/wp-json\/wp\/v2\/media?parent=1781"}],"wp:term":[{"taxonomy":"category","embeddable":true,"href":"https:\/\/guialimeira.com.br\/news\/wp-json\/wp\/v2\/categories?post=1781"},{"taxonomy":"post_tag","embeddable":true,"href":"https:\/\/guialimeira.com.br\/news\/wp-json\/wp\/v2\/tags?post=1781"}],"curies":[{"name":"wp","href":"https:\/\/api.w.org\/{rel}","templated":true}]}}