{"id":17801,"date":"2024-11-27T08:17:45","date_gmt":"2024-11-27T11:17:45","guid":{"rendered":"https:\/\/guialimeira.com.br\/2024\/11\/27\/brasil-atingiu-a-marca-de-672-mil-pacientes-que-se-tratam-com-cannabis\/"},"modified":"2024-11-27T08:17:45","modified_gmt":"2024-11-27T11:17:45","slug":"brasil-atingiu-a-marca-de-672-mil-pacientes-que-se-tratam-com-cannabis","status":"publish","type":"post","link":"https:\/\/guialimeira.com.br\/news\/brasil-atingiu-a-marca-de-672-mil-pacientes-que-se-tratam-com-cannabis\/","title":{"rendered":"Brasil atingiu a marca de 672 mil pacientes que se tratam com cannabis"},"content":{"rendered":"<p> <br \/>\n<\/p>\n<div>\n<p>Este ano, o Brasil atingiu a marca de 672 mil pacientes que se tratam com cannabis medicinal, n\u00famero recorde e 56% superior ao do ano passado. O dado consta do anu\u00e1rio produzido pela Kaya Mind e divulgado nessa ter\u00e7a-feira (26).<img data-recalc-dims=\"1\" decoding=\"async\" src=\"https:\/\/i0.wp.com\/agenciabrasil.ebc.com.br\/ebc.png?w=696&#038;ssl=1\" style=\"width:1px; height:1px; display:inline;\"\/><img data-recalc-dims=\"1\" decoding=\"async\" src=\"https:\/\/i0.wp.com\/agenciabrasil.ebc.com.br\/ebc.gif?w=696&#038;ssl=1\" style=\"width:1px; height:1px; display:inline;\"\/><\/p>\n<p>O segmento movimentou R$ 853 milh\u00f5es, valor que ajuda a dimensionar sua for\u00e7a. Outro dado mencionado pelo relat\u00f3rio \u00e9 o de que os pacientes est\u00e3o espalhados por aproximadamente 80% dos munic\u00edpios.<\/p>\n<blockquote>\n<p>Segundo Maria Eugenia Riscala, CEO da empresa Kaya, que abriga a Kaya Mind, h\u00e1 mais de 2.180 produtos de cannabis medicinal, variedade que contempla diversas necessidades. &#8220;A expans\u00e3o da cannabis medicinal \u00e9 vis\u00edvel no Brasil, n\u00e3o apenas em n\u00fameros, mas na forma como a medicina integra essas op\u00e7\u00f5es de tratamento \u00e0 rotina dos pacientes em todo o pa\u00eds&#8221;, diz.<\/p>\n<\/blockquote>\n<p>A quantia atingida este ano supera em 22% a do ano passado, de R$ 699 milh\u00f5es. A proje\u00e7\u00e3o \u00e9 de que o faturamento chegue a R$ 1 bilh\u00e3o em 2025.<\/p>\n<p>Em 2021, o montante foi bem inferior, de R$ 144 milh\u00f5es, passando, no ano seguinte, para R$ 364 milh\u00f5es.<\/p>\n<p>Para o chefe de Intelig\u00eancia e s\u00f3cio da Kaya, Thiago Cardoso, os progressos no campo da regulamenta\u00e7\u00e3o da cannabis, como a libera\u00e7\u00e3o, pelo Supremo Tribunal Federal quanto ao cultivo da planta (https:\/\/agenciabrasil.ebc.com.br\/justica\/noticia\/2024-11\/stj-autoriza-cultivo-de-cannabis-para-fins-medicinais) t\u00eam colocado o Brasil em evid\u00eancia. Ao todo, este ano, 413 empresas estrangeiras exportaram produtos para o pa\u00eds, o que significou, ainda, diversifica\u00e7\u00e3o dos itens nesse mercado.<\/p>\n<blockquote>\n<p>&#8220;Esse avan\u00e7o permite que mais pacientes encontrem solu\u00e7\u00f5es terap\u00eauticas adequadas \u00e0s suas necessidades e posiciona o Brasil como um mercado competitivo e inovador no cen\u00e1rio global&#8221;, avalia Thiago.<\/p>\n<\/blockquote>\n<p>Os frascos com c\u00e1psulas e as embalagens de \u00f3leos, sprays e t\u00f3picos ainda n\u00e3o se sobressaem nas prateleiras por conta dos entraves relativos \u00e0 legaliza\u00e7\u00e3o. Isso ajuda a explicar por que quase metade dos pacientes medicinais (47%) dependem da importa\u00e7\u00e3o do produto que necessitam e que conseguem mediante prescri\u00e7\u00e3o m\u00e9dica. O restante recorre a farm\u00e1cias (31%) e associa\u00e7\u00f5es (22%), sendo que estas exercem um papel fundamental para quem n\u00e3o tem condi\u00e7\u00f5es financeiras de cobrir os gastos.<\/p>\n<p>Jonadabe Oliveira da Silva, vice-presidente da TO Ananda (https:\/\/www.instagram.com\/toananda_\/), associa\u00e7\u00e3o do Tocantins que oferece apoio a pacientes e familiares de pacientes que usam a cannabis medicinal, diz que observa at\u00e9 mesmo pessoas mais conservadoras compreendendo que se trata de algo verdadeiramente eficaz e abandonando o preconceito.<\/p>\n<blockquote>\n<p>&#8220;Est\u00e3o quebrando [a vis\u00e3o preconceituosa ou de que \u00e9 tabu] depois de ver pacientes&#8221;, afirma Jonadabe.<\/p>\n<\/blockquote>\n<p>A organiza\u00e7\u00e3o completou dois anos, sempre mantendo o esp\u00edrito de colabora\u00e7\u00e3o e de senso coletivo. Ele conta que a entidade surgiu a partir da experi\u00eancia da presidente atual, que tomava um analg\u00e9sico conhecido, bastante forte, para dor, durante muito tempo e resolveu se desintoxicar. Ela, ent\u00e3o, conheceu o \u00f3leo de cannabis. &#8220;E a\u00ed, ela foi procurar pessoas que tinham alguma hist\u00f3ria com o \u00f3leo&#8221;, esclarece Silva.<\/p>\n<p>Atualmente, a associa\u00e7\u00e3o conta com o apoio da Defensoria P\u00fablica e da Funda\u00e7\u00e3o Oswaldo Cruz (Fiocruz) e, para o ano que vem, a expectativa \u00e9 a de que fechem parcerias com laborat\u00f3rios e institui\u00e7\u00f5es de ensino superior privadas. A amplia\u00e7\u00e3o da entidade tem dado seguran\u00e7a a Silva, inclusive, para trocar de carreira. &#8220;Eu atuo como cabeleireiro, mas estou em transi\u00e7\u00e3o, estudando o cultivo, o mercado.&#8221;\u00a0<\/p>\n<p>      <!-- Relacionada --><\/p>\n<p>            <!-- Relacionada -->\n    <\/div>\n<p><script async src=\"\/\/www.instagram.com\/embed.js\"><\/script><br \/>\n<br \/><br \/>\n<br \/><a href=\"https:\/\/agenciabrasil.ebc.com.br\/saude\/noticia\/2024-11\/brasil-atingiu-marca-de-672-mil-pacientes-que-se-tratam-com-cannabis\" rel=\"noopener\">Ag\u00eancia Brasil <\/a><\/p>\n","protected":false},"excerpt":{"rendered":"<p>Este ano, o Brasil atingiu a marca de 672 mil pacientes que se tratam com cannabis medicinal, n\u00famero recorde e 56% superior ao do ano passado. O dado consta do anu\u00e1rio produzido pela Kaya Mind e divulgado nessa ter\u00e7a-feira (26). O segmento movimentou R$ 853 milh\u00f5es, valor que ajuda a dimensionar sua for\u00e7a. Outro dado [&hellip;]<\/p>\n","protected":false},"author":1,"featured_media":17802,"comment_status":"open","ping_status":"open","sticky":false,"template":"","format":"standard","meta":{"_jetpack_newsletter_access":"","_jetpack_dont_email_post_to_subs":false,"_jetpack_newsletter_tier_id":0,"_jetpack_memberships_contains_paywalled_content":false,"_mbp_banners":[],"_jetpack_feature_clip_id":0,"_jetpack_memberships_contains_paid_content":false,"footnotes":"","jetpack_publicize_message":"","jetpack_publicize_feature_enabled":true,"jetpack_social_post_already_shared":true,"jetpack_social_options":{"image_generator_settings":{"template":"highway","default_image_id":0,"font":"","enabled":false},"version":2},"jetpack_post_was_ever_published":false},"categories":[15],"tags":[],"class_list":["post-17801","post","type-post","status-publish","format-standard","has-post-thumbnail","category-saude"],"jetpack_publicize_connections":[],"jetpack-related-posts":[],"jetpack_shortlink":"https:\/\/wp.me\/p7Eq1F-4D7","jetpack_sharing_enabled":true,"jetpack_featured_media_url":"https:\/\/i0.wp.com\/guialimeira.com.br\/news\/wp-content\/uploads\/2024\/11\/cannabis.jpg?fit=1600%2C800&ssl=1","_links":{"self":[{"href":"https:\/\/guialimeira.com.br\/news\/wp-json\/wp\/v2\/posts\/17801","targetHints":{"allow":["GET"]}}],"collection":[{"href":"https:\/\/guialimeira.com.br\/news\/wp-json\/wp\/v2\/posts"}],"about":[{"href":"https:\/\/guialimeira.com.br\/news\/wp-json\/wp\/v2\/types\/post"}],"author":[{"embeddable":true,"href":"https:\/\/guialimeira.com.br\/news\/wp-json\/wp\/v2\/users\/1"}],"replies":[{"embeddable":true,"href":"https:\/\/guialimeira.com.br\/news\/wp-json\/wp\/v2\/comments?post=17801"}],"version-history":[{"count":0,"href":"https:\/\/guialimeira.com.br\/news\/wp-json\/wp\/v2\/posts\/17801\/revisions"}],"wp:featuredmedia":[{"embeddable":true,"href":"https:\/\/guialimeira.com.br\/news\/wp-json\/wp\/v2\/media\/17802"}],"wp:attachment":[{"href":"https:\/\/guialimeira.com.br\/news\/wp-json\/wp\/v2\/media?parent=17801"}],"wp:term":[{"taxonomy":"category","embeddable":true,"href":"https:\/\/guialimeira.com.br\/news\/wp-json\/wp\/v2\/categories?post=17801"},{"taxonomy":"post_tag","embeddable":true,"href":"https:\/\/guialimeira.com.br\/news\/wp-json\/wp\/v2\/tags?post=17801"}],"curies":[{"name":"wp","href":"https:\/\/api.w.org\/{rel}","templated":true}]}}