{"id":17781,"date":"2024-11-26T20:27:38","date_gmt":"2024-11-26T23:27:38","guid":{"rendered":"https:\/\/guialimeira.com.br\/?p=17781"},"modified":"2024-11-26T20:27:40","modified_gmt":"2024-11-26T23:27:40","slug":"%f0%9f%93%8d-brasilia-reuniao-entre-murilo-felix-e-miguel-lombardi","status":"publish","type":"post","link":"https:\/\/guialimeira.com.br\/news\/%f0%9f%93%8d-brasilia-reuniao-entre-murilo-felix-e-miguel-lombardi\/","title":{"rendered":"\ud83d\udccd Bras\u00edlia: Reuni\u00e3o entre Murilo Felix e Miguel Lombardi"},"content":{"rendered":"\n<p class=\"wp-block-paragraph\">\ud83e\udd1d Hoje, o prefeito eleito de Limeira, @murilo.felix, e o deputado federal Miguel Lombardi (@miguel.lombardi) se reuniram em Bras\u00edlia para alinhar prioridades e fortalecer os la\u00e7os institucionais entre a nova administra\u00e7\u00e3o municipal e o mandato federal.<\/p>\n\n\n\n<p class=\"wp-block-paragraph\">\u2705 <strong>Murilo Felix:<\/strong><br>\u201cApresentei a situa\u00e7\u00e3o da transi\u00e7\u00e3o administrativa e discutimos as necessidades da nossa cidade junto ao Governo Federal. Agrade\u00e7o ao deputado pela aten\u00e7\u00e3o e pelas emendas j\u00e1 destinadas a Limeira. Tenho certeza de que essa ser\u00e1 uma parceria s\u00f3lida para beneficiar nossa popula\u00e7\u00e3o.\u201d<\/p>\n\n\n\n<p class=\"wp-block-paragraph\">\u2705 <strong>Miguel Lombardi:<\/strong><br>\u201cAgrade\u00e7o ao Murilo pela visita ao gabinete. Firmamos o compromisso de colocar Limeira em primeiro lugar, trabalhando juntos por avan\u00e7os importantes para a cidade. Que Deus aben\u00e7oe essa nova jornada!\u201d<\/p>\n\n\n\n<p class=\"wp-block-paragraph\">\ud83d\udd17 Limeira segue em boas m\u00e3os com uni\u00e3o e di\u00e1logo em prol de todos! \ud83d\ude4c\ud83d\udcaa<br>#Limeira #Gest\u00e3o2025 #TrabalhoPorLimeira #Uni\u00e3oPorLimeira<br><br><\/p>\n","protected":false},"excerpt":{"rendered":"<p>\ud83e\udd1d Hoje, o prefeito eleito de Limeira, @murilo.felix, e o deputado federal Miguel Lombardi (@miguel.lombardi) se reuniram em Bras\u00edlia para alinhar prioridades e fortalecer os la\u00e7os institucionais entre a nova administra\u00e7\u00e3o municipal e o mandato federal. \u2705 Murilo Felix:\u201cApresentei a situa\u00e7\u00e3o da transi\u00e7\u00e3o administrativa e discutimos as necessidades da nossa cidade junto ao Governo Federal. [&hellip;]<\/p>\n","protected":false},"author":1,"featured_media":17782,"comment_status":"open","ping_status":"open","sticky":false,"template":"","format":"standard","meta":{"_jetpack_newsletter_access":"","_jetpack_dont_email_post_to_subs":false,"_jetpack_newsletter_tier_id":0,"_jetpack_memberships_contains_paywalled_content":false,"_mbp_banners":[],"_jetpack_feature_clip_id":0,"_jetpack_memberships_contains_paid_content":false,"footnotes":"","jetpack_publicize_message":"","jetpack_publicize_feature_enabled":true,"jetpack_social_post_already_shared":true,"jetpack_social_options":{"image_generator_settings":{"template":"highway","default_image_id":0,"font":"","enabled":false},"version":2},"jetpack_post_was_ever_published":false},"categories":[16,19],"tags":[],"class_list":["post-17781","post","type-post","status-publish","format-standard","has-post-thumbnail","category-local","category-politica"],"jetpack_publicize_connections":[],"jetpack-related-posts":[],"jetpack_shortlink":"https:\/\/wp.me\/p7Eq1F-4CN","jetpack_sharing_enabled":true,"jetpack_featured_media_url":"https:\/\/i0.wp.com\/guialimeira.com.br\/news\/wp-content\/uploads\/2024\/11\/468476121_1106825074154664_7109286227699395683_n.jpg?fit=1280%2C960&ssl=1","_links":{"self":[{"href":"https:\/\/guialimeira.com.br\/news\/wp-json\/wp\/v2\/posts\/17781","targetHints":{"allow":["GET"]}}],"collection":[{"href":"https:\/\/guialimeira.com.br\/news\/wp-json\/wp\/v2\/posts"}],"about":[{"href":"https:\/\/guialimeira.com.br\/news\/wp-json\/wp\/v2\/types\/post"}],"author":[{"embeddable":true,"href":"https:\/\/guialimeira.com.br\/news\/wp-json\/wp\/v2\/users\/1"}],"replies":[{"embeddable":true,"href":"https:\/\/guialimeira.com.br\/news\/wp-json\/wp\/v2\/comments?post=17781"}],"version-history":[{"count":1,"href":"https:\/\/guialimeira.com.br\/news\/wp-json\/wp\/v2\/posts\/17781\/revisions"}],"predecessor-version":[{"id":17783,"href":"https:\/\/guialimeira.com.br\/news\/wp-json\/wp\/v2\/posts\/17781\/revisions\/17783"}],"wp:featuredmedia":[{"embeddable":true,"href":"https:\/\/guialimeira.com.br\/news\/wp-json\/wp\/v2\/media\/17782"}],"wp:attachment":[{"href":"https:\/\/guialimeira.com.br\/news\/wp-json\/wp\/v2\/media?parent=17781"}],"wp:term":[{"taxonomy":"category","embeddable":true,"href":"https:\/\/guialimeira.com.br\/news\/wp-json\/wp\/v2\/categories?post=17781"},{"taxonomy":"post_tag","embeddable":true,"href":"https:\/\/guialimeira.com.br\/news\/wp-json\/wp\/v2\/tags?post=17781"}],"curies":[{"name":"wp","href":"https:\/\/api.w.org\/{rel}","templated":true}]}}