{"id":17765,"date":"2024-11-26T19:04:51","date_gmt":"2024-11-26T22:04:51","guid":{"rendered":"https:\/\/guialimeira.com.br\/2024\/11\/26\/campanha-digital-de-alerta-contra-a-aids-tem-foco-nos-jovens\/"},"modified":"2024-11-26T19:04:51","modified_gmt":"2024-11-26T22:04:51","slug":"campanha-digital-de-alerta-contra-a-aids-tem-foco-nos-jovens","status":"publish","type":"post","link":"https:\/\/guialimeira.com.br\/news\/campanha-digital-de-alerta-contra-a-aids-tem-foco-nos-jovens\/","title":{"rendered":"Campanha digital de alerta contra a Aids tem foco nos jovens"},"content":{"rendered":"<p> <br \/>\n<\/p>\n<div>\n<p>A Sociedade Brasileira de Infectologia (SBI) lan\u00e7ou nesta ter\u00e7a-feira (26) a campanha digital <em>HIV\/Aids &#8211; Lembrar para jamais esquecer<\/em>, que consistir\u00e1 na divulga\u00e7\u00e3o de informa\u00e7\u00f5es sobre a transmiss\u00e3o do v\u00edrus e o desenvolvimento da doen\u00e7a, recuperando a hist\u00f3ria da Aids\u00a0no mundo, o que inclui falar sobre sua rela\u00e7\u00e3o com a desigualdade social e o estigma. A popula\u00e7\u00e3o que tem entre 13 e 29 anos \u00e9 o principal p\u00fablico-alvo da a\u00e7\u00e3o.<img data-recalc-dims=\"1\" decoding=\"async\" src=\"https:\/\/i0.wp.com\/agenciabrasil.ebc.com.br\/ebc.png?w=696&#038;ssl=1\" style=\"width:1px; height:1px; display:inline;\"\/><img data-recalc-dims=\"1\" decoding=\"async\" src=\"https:\/\/i0.wp.com\/agenciabrasil.ebc.com.br\/ebc.gif?w=696&#038;ssl=1\" style=\"width:1px; height:1px; display:inline;\"\/><\/p>\n<p>Postagens, v\u00eddeos e uma miniss\u00e9rie documental destacam, entre outros dados,\u00a0que em 2022, quase um quarto (23,4%) dos diagn\u00f3sticos foram de jovens com idade entre 15 e 24 anos.\u00a0<\/p>\n<p>O primeiro dos quatro epis\u00f3dios da miniss\u00e9rie\u00a0ir\u00e1 ao ar no canal da entidade no <a href=\"https:\/\/www.youtube.com\/channel\/UC_wYNM7oYzT68pPwRPob9fA\" target=\"_blank\" rel=\"noopener\">YouTube<\/a>, no dia 1\u00ba de dezembro, Dia Mundial de Combate \u00e0 Aids. Produ\u00e7\u00e3o traz\u00a0balan\u00e7o das quatro d\u00e9cadas do HIV no pa\u00eds e relatos de hist\u00f3rias e experi\u00eancias de quem viveu e conviveu com o v\u00edrus, em \u00e9pocas e realidades diferentes, mostrando as mudan\u00e7as e transforma\u00e7\u00f5es da jornada de quem lida com isso diariamente.<\/p>\n<h2>Boletim<\/h2>\n<p>A entidade tamb\u00e9m alerta para o aumento de casos entre mulheres com 50 anos de idade ou mais. A porcentagem subiu de 11,4% dos diagn\u00f3sticos, em 2012, para 20,3% em 2022. Naquele ano, o \u00faltimo que tem os dados consolidados em relat\u00f3rio pelo Minist\u00e9rio da Sa\u00fade, verificou-se uma porcentagem de 40,7% de casos novos entre pessoas com idade entre 20 e 29 anos.\u00a0<\/p>\n<p>De acordo com o <a href=\"https:\/\/www.gov.br\/aids\/pt-br\/central-de-conteudo\/boletins-epidemiologicos\/2023\/hiv-aids\/boletim-epidemiologico-hiv-e-aids-2023.pdf\/view\" target=\"_blank\" rel=\"noopener\">Boletim Epidemiol\u00f3gico HIV\/Aids<\/a> divulgado em dezembro de 2023, pelo Minist\u00e9rio da Sa\u00fade, 489.594 infec\u00e7\u00f5es foram notificadas entre 2007 e 2023. A maioria dos casos, 345.069 (70,5%), em homens, ante 144.364 (29,5%) em mulheres.<\/p>\n<p>De 1980 a junho de 2023, foram registrados\u00a01.124.063 casos de aids no Brasil. O boletim destaca que, em m\u00e9dia, houve 35,9 mil novos\u00a0casos de aids nos \u00faltimos cinco anos.\u00a0<\/p>\n<p>Conforme ressalta o coordenador cient\u00edfico da SBI, Alexandre Naime Barbosa, \u00e9 importante detectar a infec\u00e7\u00e3o por HIV o quanto antes. Ele observa, por\u00e9m, que parte significativa da popula\u00e7\u00e3o fica sem acesso \u00e0 rede de atendimento em sa\u00fade, tanto a\u00a0que permitiria o diagn\u00f3stico precoce, por meio de testes, como ao tratamento. O direito ao teste consta da\u00a0Lei\u00a09.313\/96, que data do governo de Jos\u00e9 Sarney. O texto diz que \u00e9 obrigat\u00f3rio assegurar\u00a0acesso universal e gratuito aos medicamentos anti-retrovirais pelo Sistema \u00danico de Sa\u00fade (SUS).\u00a0<\/p>\n<h2>PrEP<\/h2>\n<p>&#8220;Assim como tuberculose, hansen\u00edase e um s\u00e9rie de outras infec\u00e7\u00f5es, o HIV\/Aids \u00e9, no Brasil, uma doen\u00e7a determinante social. Ao todo, 65% dos novos casos, em 2022, foram entre pretos e pardos, ou seja, negros, porque eles t\u00eam menos acesso a estrat\u00e9gias de preven\u00e7\u00e3o. \u00c9 onde a PrEP [Profilaxia Pr\u00e9-Exposi\u00e7\u00e3o] nem chega, as pessoas n\u00e3o conhecem&#8221;, afirma Barbosa. O boletim da pasta de Sa\u00fade destaca\u00a0que, &#8220;at\u00e9 2013, a cor de pele branca representava a maior parte dos casos. Nos anos subsequentes, houve um aumento de casos notificados entre pretos e principalmente em pardos, representando mais da metade das ocorr\u00eancias a partir de 2015. Em 2022, entre os casos notificados no Sinan [Sistema de Informa\u00e7\u00e3o de Agravos de Notifica\u00e7\u00e3o], 29,9% ocorreram entre brancos e 62,8% entre negros&#8221;.<\/p>\n<p>A <a href=\"https:\/\/www.gov.br\/aids\/pt-br\/assuntos\/prevencao-combinada\/prep-profilaxia-pre-exposicao\/prep-profilaxia-pre-exposicao#:~:text=Ela%20consiste%20na%20tomada%20de,Infec%C3%A7%C3%B5es%20Sexualmente%20Transmiss%C3%ADveis%20(IST\" target=\"_blank\" rel=\"noopener\">PrEP<\/a>\u00a0consiste em, antes da rela\u00e7\u00e3o sexual, tomar comprimidos (tenofovir + entricitabina) que blindam o organismo de poss\u00edveis contatos com o HIV. A pessoa em PrEP realiza acompanhamento regular, por meio de consultas m\u00e9dicas e testagem para o HIV e outras Infec\u00e7\u00f5es Sexualmente Transmiss\u00edveis (IST).<\/p>\n<p>A PrEP est\u00e1 dispon\u00edvel no SUS desde 2018 e tem sido usada principalmente por homens gays e brancos. Al\u00e9m dessa caracter\u00edstica de orienta\u00e7\u00e3o sexual, tamb\u00e9m corresponde ao perfil predominante dos usu\u00e1rios a alta escolaridade. Em 2022, cerca de 50 mil pessoas utilizavam o m\u00e9todo preventivo, n\u00famero que saltou para 73 mil\u00a0no ano passado. Somente na capital paulista, s\u00e3o quase 26 mil pessoas.<\/p>\n<p>Perguntado em rela\u00e7\u00e3o ao desenvolvimento de uma vacina que imunize contra o HIV, o coordenador do Comit\u00ea Cient\u00edfico de HIV\/Aids e ISTs da entidade, Jos\u00e9 Valdez Madruga, lembra o fracasso do Estudo Mosaico, realizado em oito pa\u00edses da Europa e Am\u00e9ricas e que testou uma subst\u00e2ncia em 3,9 mil pessoas. A conclus\u00e3o foi a de que o imunizante n\u00e3o tinha efic\u00e1cia. &#8220;Foi um banho de \u00e1gua fria. O estudo pegava partes do v\u00edrus HIV e foi interrompido, porque a vacina era segura, mas n\u00e3o prevenia contra o HIV&#8221;, explica.<\/p>\n<p>Na coletiva de imprensa do lan\u00e7amento da campanha, diversos influencers foram convidados a debater aspectos da comunica\u00e7\u00e3o em torno da tem\u00e1tica. Uma das sugest\u00f5es foi a de que haja multiplicidade de ve\u00edculos e linguagens de comunica\u00e7\u00e3o ao transmitir as mensagens, que devem simplificar os termos e evitar um vocabul\u00e1rio rebuscado, para facilitar a compreens\u00e3o por todo o p\u00fablico.<\/p>\n<p>Na ocasi\u00e3o, o influenciador Lucas Raniel defendeu que os comunicadores, jornalistas ou n\u00e3o, substituam palavras que remetam \u00e0 guerra, parando de escrever ou dizer express\u00f5es como &#8220;luta contra o HIV\/Aids&#8221;. &#8220;A gente \u00e9 tratada como alvo&#8221;, declara.\u00a0<\/p>\n<p>      <!-- Relacionada --><\/p>\n<p>            <!-- Relacionada -->\n    <\/div>\n<p><br \/>\n<br \/><a href=\"https:\/\/agenciabrasil.ebc.com.br\/saude\/noticia\/2024-11\/campanha-digital-de-alerta-contra-aids-tem-foco-nos-jovens\" rel=\"noopener\">Ag\u00eancia Brasil <\/a><\/p>\n","protected":false},"excerpt":{"rendered":"<p>A Sociedade Brasileira de Infectologia (SBI) lan\u00e7ou nesta ter\u00e7a-feira (26) a campanha digital HIV\/Aids &#8211; Lembrar para jamais esquecer, que consistir\u00e1 na divulga\u00e7\u00e3o de informa\u00e7\u00f5es sobre a transmiss\u00e3o do v\u00edrus e o desenvolvimento da doen\u00e7a, recuperando a hist\u00f3ria da Aids\u00a0no mundo, o que inclui falar sobre sua rela\u00e7\u00e3o com a desigualdade social e o estigma. [&hellip;]<\/p>\n","protected":false},"author":1,"featured_media":7787,"comment_status":"open","ping_status":"open","sticky":false,"template":"","format":"standard","meta":{"_jetpack_newsletter_access":"","_jetpack_dont_email_post_to_subs":false,"_jetpack_newsletter_tier_id":0,"_jetpack_memberships_contains_paywalled_content":false,"_mbp_banners":[],"_jetpack_feature_clip_id":0,"_jetpack_memberships_contains_paid_content":false,"footnotes":"","jetpack_publicize_message":"","jetpack_publicize_feature_enabled":true,"jetpack_social_post_already_shared":true,"jetpack_social_options":{"image_generator_settings":{"template":"highway","default_image_id":0,"font":"","enabled":false},"version":2},"jetpack_post_was_ever_published":false},"categories":[15],"tags":[],"class_list":["post-17765","post","type-post","status-publish","format-standard","has-post-thumbnail","category-saude"],"jetpack_publicize_connections":[],"jetpack-related-posts":[],"jetpack_shortlink":"https:\/\/wp.me\/p7Eq1F-4Cx","jetpack_sharing_enabled":true,"jetpack_featured_media_url":"https:\/\/i0.wp.com\/guialimeira.com.br\/news\/wp-content\/uploads\/2024\/06\/agencia_brasil251112mcsp10.jpg?fit=1600%2C800&ssl=1","_links":{"self":[{"href":"https:\/\/guialimeira.com.br\/news\/wp-json\/wp\/v2\/posts\/17765","targetHints":{"allow":["GET"]}}],"collection":[{"href":"https:\/\/guialimeira.com.br\/news\/wp-json\/wp\/v2\/posts"}],"about":[{"href":"https:\/\/guialimeira.com.br\/news\/wp-json\/wp\/v2\/types\/post"}],"author":[{"embeddable":true,"href":"https:\/\/guialimeira.com.br\/news\/wp-json\/wp\/v2\/users\/1"}],"replies":[{"embeddable":true,"href":"https:\/\/guialimeira.com.br\/news\/wp-json\/wp\/v2\/comments?post=17765"}],"version-history":[{"count":0,"href":"https:\/\/guialimeira.com.br\/news\/wp-json\/wp\/v2\/posts\/17765\/revisions"}],"wp:featuredmedia":[{"embeddable":true,"href":"https:\/\/guialimeira.com.br\/news\/wp-json\/wp\/v2\/media\/7787"}],"wp:attachment":[{"href":"https:\/\/guialimeira.com.br\/news\/wp-json\/wp\/v2\/media?parent=17765"}],"wp:term":[{"taxonomy":"category","embeddable":true,"href":"https:\/\/guialimeira.com.br\/news\/wp-json\/wp\/v2\/categories?post=17765"},{"taxonomy":"post_tag","embeddable":true,"href":"https:\/\/guialimeira.com.br\/news\/wp-json\/wp\/v2\/tags?post=17765"}],"curies":[{"name":"wp","href":"https:\/\/api.w.org\/{rel}","templated":true}]}}