{"id":17655,"date":"2024-11-25T10:35:56","date_gmt":"2024-11-25T13:35:56","guid":{"rendered":"https:\/\/guialimeira.com.br\/2024\/11\/25\/lula-parabeniza-presidente-eleito-do-uruguai\/"},"modified":"2024-11-25T10:35:56","modified_gmt":"2024-11-25T13:35:56","slug":"lula-parabeniza-presidente-eleito-do-uruguai","status":"publish","type":"post","link":"https:\/\/guialimeira.com.br\/news\/lula-parabeniza-presidente-eleito-do-uruguai\/","title":{"rendered":"Lula parabeniza presidente eleito do Uruguai"},"content":{"rendered":"<p> <br \/>\n<\/p>\n<div>\n<p>O presidente Luiz In\u00e1cio Lula da Silva parabenizou o presidente eleito do Uruguai, Yamandu Orsi (foto),<a href=\"https:\/\/agenciabrasil.ebc.com.br\/internacional\/noticia\/2024-11\/candidato-da-oposicao-vence-eleicoes-presidenciais-no-uruguai\" target=\"_blank\" rel=\"noopener\"> pela vit\u00f3ria nas urnas <\/a>no pleito desse domingo (24). O candidato da coliga\u00e7\u00e3o de esquerda Frente Ampla venceu o segundo turno\u00a0das elei\u00e7\u00f5es presidenciais em uma vit\u00f3ria que marca a volta ao poder do partido liderado pelo ex-presidente uruguaio Jos\u00e9 Mujica.<img data-recalc-dims=\"1\" decoding=\"async\" src=\"https:\/\/i0.wp.com\/agenciabrasil.ebc.com.br\/ebc.png?w=696&#038;ssl=1\" style=\"width:1px; height:1px; display:inline;\"\/><img data-recalc-dims=\"1\" decoding=\"async\" src=\"https:\/\/i0.wp.com\/agenciabrasil.ebc.com.br\/ebc.gif?w=696&#038;ssl=1\" style=\"width:1px; height:1px; display:inline;\"\/><\/p>\n<p>\u201cQuero congratular o povo uruguaio pela realiza\u00e7\u00e3o de elei\u00e7\u00f5es democr\u00e1ticas e pac\u00edficas e, em especial, o presidente eleito Yamandu Orsi, a Frente Ampla e meu amigo Pepe Mujica pela vit\u00f3ria no pleito de hoje. Essa \u00e9 uma vit\u00f3ria de toda a Am\u00e9rica Latina e do Caribe\u201d, escreveu Lula nas redes sociais.<\/p>\n<h2>Mercosul<\/h2>\n<p>\u201cBrasil e Uruguai seguir\u00e3o trabalhando juntos no Mercosul e em outros f\u00f3runs pelo desenvolvimento justo e sustent\u00e1vel, pela paz e em prol da integra\u00e7\u00e3o regional\u201d, acrescentou o presidente brasileiro.<\/p>\n<p>Orsi venceu o advers\u00e1rio de centro-direita \u00c1lvaro Delgado, do Partido Nacional, que era apoiado pelo atual presidente do Uruguai, Luis Lacalle Pou.<\/p>\n<p>      <!-- Relacionada --><\/p>\n<p>            <!-- Relacionada -->\n    <\/div>\n<p><br \/>\n<br \/><a href=\"https:\/\/agenciabrasil.ebc.com.br\/internacional\/noticia\/2024-11\/lula-parabeniza-presidente-eleito-do-uruguai\" rel=\"noopener\">Ag\u00eancia Brasil <\/a><\/p>\n","protected":false},"excerpt":{"rendered":"<p>O presidente Luiz In\u00e1cio Lula da Silva parabenizou o presidente eleito do Uruguai, Yamandu Orsi (foto), pela vit\u00f3ria nas urnas no pleito desse domingo (24). O candidato da coliga\u00e7\u00e3o de esquerda Frente Ampla venceu o segundo turno\u00a0das elei\u00e7\u00f5es presidenciais em uma vit\u00f3ria que marca a volta ao poder do partido liderado pelo ex-presidente uruguaio Jos\u00e9 [&hellip;]<\/p>\n","protected":false},"author":1,"featured_media":17656,"comment_status":"open","ping_status":"open","sticky":false,"template":"","format":"standard","meta":{"_jetpack_newsletter_access":"","_jetpack_dont_email_post_to_subs":false,"_jetpack_newsletter_tier_id":0,"_jetpack_memberships_contains_paywalled_content":false,"_mbp_banners":[],"_jetpack_feature_clip_id":0,"_jetpack_memberships_contains_paid_content":false,"footnotes":"","jetpack_publicize_message":"","jetpack_publicize_feature_enabled":true,"jetpack_social_post_already_shared":true,"jetpack_social_options":{"image_generator_settings":{"template":"highway","default_image_id":0,"font":"","enabled":false},"version":2},"jetpack_post_was_ever_published":false},"categories":[25],"tags":[],"class_list":["post-17655","post","type-post","status-publish","format-standard","has-post-thumbnail","category-internacional"],"jetpack_publicize_connections":[],"jetpack-related-posts":[],"jetpack_shortlink":"https:\/\/wp.me\/p7Eq1F-4AL","jetpack_sharing_enabled":true,"jetpack_featured_media_url":"https:\/\/i0.wp.com\/guialimeira.com.br\/news\/wp-content\/uploads\/2024\/11\/yamandu_orsi5.jpg?fit=1600%2C800&ssl=1","_links":{"self":[{"href":"https:\/\/guialimeira.com.br\/news\/wp-json\/wp\/v2\/posts\/17655","targetHints":{"allow":["GET"]}}],"collection":[{"href":"https:\/\/guialimeira.com.br\/news\/wp-json\/wp\/v2\/posts"}],"about":[{"href":"https:\/\/guialimeira.com.br\/news\/wp-json\/wp\/v2\/types\/post"}],"author":[{"embeddable":true,"href":"https:\/\/guialimeira.com.br\/news\/wp-json\/wp\/v2\/users\/1"}],"replies":[{"embeddable":true,"href":"https:\/\/guialimeira.com.br\/news\/wp-json\/wp\/v2\/comments?post=17655"}],"version-history":[{"count":0,"href":"https:\/\/guialimeira.com.br\/news\/wp-json\/wp\/v2\/posts\/17655\/revisions"}],"wp:featuredmedia":[{"embeddable":true,"href":"https:\/\/guialimeira.com.br\/news\/wp-json\/wp\/v2\/media\/17656"}],"wp:attachment":[{"href":"https:\/\/guialimeira.com.br\/news\/wp-json\/wp\/v2\/media?parent=17655"}],"wp:term":[{"taxonomy":"category","embeddable":true,"href":"https:\/\/guialimeira.com.br\/news\/wp-json\/wp\/v2\/categories?post=17655"},{"taxonomy":"post_tag","embeddable":true,"href":"https:\/\/guialimeira.com.br\/news\/wp-json\/wp\/v2\/tags?post=17655"}],"curies":[{"name":"wp","href":"https:\/\/api.w.org\/{rel}","templated":true}]}}