{"id":17648,"date":"2024-11-25T09:32:50","date_gmt":"2024-11-25T12:32:50","guid":{"rendered":"https:\/\/guialimeira.com.br\/2024\/11\/25\/hemorio-lanca-hoje-campanha-unidos-pelo-sangue\/"},"modified":"2024-11-25T09:32:50","modified_gmt":"2024-11-25T12:32:50","slug":"hemorio-lanca-hoje-campanha-unidos-pelo-sangue","status":"publish","type":"post","link":"https:\/\/guialimeira.com.br\/news\/hemorio-lanca-hoje-campanha-unidos-pelo-sangue\/","title":{"rendered":"Hemorio lan\u00e7a hoje campanha Unidos pelo Sangue"},"content":{"rendered":"<p> <br \/>\n<\/p>\n<div>\n<p>O Instituto Estadual de Hematologia Arthur de Siqueira Cavalcanti \u2013 Hemorio &#8211; completa 80 anos com o lan\u00e7amento da campanha Unidos pelo Sangue, nesta segunda-feira (25), quando \u00e9 celebrado o Dia Nacional do Doador de Sangue.<img data-recalc-dims=\"1\" decoding=\"async\" src=\"https:\/\/i0.wp.com\/agenciabrasil.ebc.com.br\/ebc.png?w=696&#038;ssl=1\" style=\"width:1px; height:1px; display:inline;\"\/><img data-recalc-dims=\"1\" decoding=\"async\" src=\"https:\/\/i0.wp.com\/agenciabrasil.ebc.com.br\/ebc.gif?w=696&#038;ssl=1\" style=\"width:1px; height:1px; display:inline;\"\/><\/p>\n<p>No maior hemocentro do estado do Rio de Janeiro, a programa\u00e7\u00e3o come\u00e7a \u00e0s 8h30, com atividades para destacar a import\u00e2ncia da doa\u00e7\u00e3o de sangue como um gesto solid\u00e1rio e de amor ao pr\u00f3ximo, que salva vidas.<\/p>\n<p>Para a abertura oficial, a programa\u00e7\u00e3o prev\u00ea apresenta\u00e7\u00e3o de artistas e influenciadores digitais. Os comediantes do Grupo 4K apresentar\u00e3o a <em>Com\u00e9dia entre Amigos<\/em>, seguida de um cortejo musical que percorrer\u00e1 as depend\u00eancias da unidade. Paralelamente, no p\u00e1tio do Hemocentro, haver\u00e1 interven\u00e7\u00f5es dos artistas pl\u00e1sticos independentes Andr\u00e9 Rongo e Alfredo Borret.<\/p>\n<p>\u201cAndr\u00e9 vai preparar um grafite em tapume gigante, onde os doadores poder\u00e3o deixar mensagens de est\u00edmulo \u00e0 doa\u00e7\u00e3o e sua assinatura. J\u00e1 Alfredo produzir\u00e1 mil \u00edm\u00e3s de geladeira em tampinhas de garrafa para distribuir aos doadores. O Hemorio tamb\u00e9m far\u00e1 homenagens aos doadores mais antigos e mais ass\u00edduos e \u00e0s fam\u00edlias doadoras\u201d, informou a institui\u00e7\u00e3o.<\/p>\n<p>O diretor do Hemocentro, Luiz Amorim, afirmou que o estoque de sangue do Hemorio abastece 100 unidades p\u00fablicas de sa\u00fade, entre elas todos os grandes hospitais de emerg\u00eancia do estado e unidades da rede federal, al\u00e9m do pr\u00f3prio hospital, que atende pacientes com doen\u00e7as hematol\u00f3gicas como anemia falciforme, hemofilia e leucemia, entre outras.<\/p>\n<p>\u201cPor isso, os doadores s\u00e3o pe\u00e7as fundamentais nessa engrenagem, nada mais justo do que homenage\u00e1-los. \u00c9 uma forma de agradecer por este gesto nobre e de amor ao pr\u00f3ximo\u201d, disse.<\/p>\n<p>Entre janeiro e o dia 21 de novembro deste ano, o Hemorio recebeu 81.792 doa\u00e7\u00f5es. A expectativa \u00e9 fechar o ano com 92 mil. Amorim alertou, que durante o per\u00edodo de festas de fim de ano, as doa\u00e7\u00f5es costumam diminuir.<\/p>\n<p>\u201cCom a proximidade das festas de Natal e Ano Novo as doa\u00e7\u00f5es tendem a cair tamb\u00e9m entre 10% e 15%. Somente com o apoio de doadores de sangue conseguiremos manter os estoques equilibrados, por isso a mobiliza\u00e7\u00e3o precisa ser constante\u201d, indicou.<\/p>\n<h2>Campanha<\/h2>\n<p>Este ser\u00e1 o sexto ano consecutivo em que uma empresa de <em>branding<\/em> &#8211; especializada em gastronomia &#8211; vai realizar, em parceria com o Hemorio, a campanha\u00a0<em>Cozinhar t\u00e1 no Sangue. <\/em>Reunira <em>chefs<\/em> de cozinha como Jana\u00edna Torres, Carole Crema, Tati Lund, Danilo Parah e Jo\u00e3o Paulo Frankenfeld em a\u00e7\u00f5es nas redes sociais para incentivar a doa\u00e7\u00e3o de sangue.<\/p>\n<p>\u201cA <em>chef<\/em> Renata Iglesias, idealizadora da a\u00e7\u00e3o conjunta, estar\u00e1 no Sal\u00e3o do Doador do Hemorio para doar sangue e falar sobre a iniciativa que contar\u00e1 com tantas estrelas da gastronomia brasileira\u201d, concluiu.<\/p>\n<p>A programa\u00e7\u00e3o segue nesta ter\u00e7a-feira (26), quando haver\u00e1 tamb\u00e9m apresenta\u00e7\u00e3o da Bateria do Botafogo Samba Clube, Rei Momo, Kaio Mackenzie e a rainha de bateria da Portela, Bianca Monteiro, al\u00e9m da bateria-mirim da escola de samba Unidos de Vila Isabel.<\/p>\n<p>Para doar sangue, \u00e9 preciso ter entre 16 e 69 anos de idade, pesar mais de 50 kg, estar em boas condi\u00e7\u00f5es de sa\u00fade, dormir pelo menos seis horas na noite anterior \u00e0 doa\u00e7\u00e3o e n\u00e3o ingerir bebida alco\u00f3lica nas 12 horas antes da doa\u00e7\u00e3o. N\u00e3o \u00e9 necess\u00e1rio estar em jejum, apenas deve-se evitar alimentos gordurosos nas quatro horas que antes da doa\u00e7\u00e3o, n\u00e3o fumar duas horas antes, apresentar um documento oficial com foto, como carteira de identidade, carteira nacional de habilita\u00e7\u00e3o e passaporte, entre outros.<\/p>\n<h2>Consentimento<\/h2>\n<p>Os menores de 18 anos devem apresentar Termo de Consentimento padr\u00e3o assinado pelos pais ou respons\u00e1vel legal. Alguns medicamentos podem impedir a doa\u00e7\u00e3o, ocorrendo o mesmo se tiver feito tatuagem em per\u00edodo inferior a seis meses.<\/p>\n<p>\u201cDoen\u00e7as hematol\u00f3gicas, card\u00edacas, renais, pulmonares, hep\u00e1ticas, autoimunes, diabetes, hipertireoidismo, hansen\u00edase, tuberculose, c\u00e2ncer, sangramentos anormais, convuls\u00f5es ou portadores de doen\u00e7as infecciosas transmiss\u00edveis pelo sangue tamb\u00e9m impedem a doa\u00e7\u00e3o. Uma doa\u00e7\u00e3o pode ajudar a salvar at\u00e9 quatro vidas\u201d, acrescentou o Hemocentro.<\/p>\n<p>Quem quiser mais detalhes sobre doa\u00e7\u00f5es pode acessar as redes sociais do Hemorio (@hemorio) ou ligar para o <em>Disque Sangue<\/em> de segunda a sexta-feira, exceto feriados, das 7h \u00e0s 17h, telefone (21) 3916-8310.<\/p>\n<p>      <!-- Relacionada --><\/p>\n<p>            <!-- Relacionada -->\n    <\/div>\n<p><br \/>\n<br \/><a href=\"https:\/\/agenciabrasil.ebc.com.br\/saude\/noticia\/2024-11\/hemorio-lanca-hoje-campanha-unidos-pelo-sangue\" rel=\"noopener\">Ag\u00eancia Brasil <\/a><\/p>\n","protected":false},"excerpt":{"rendered":"<p>O Instituto Estadual de Hematologia Arthur de Siqueira Cavalcanti \u2013 Hemorio &#8211; completa 80 anos com o lan\u00e7amento da campanha Unidos pelo Sangue, nesta segunda-feira (25), quando \u00e9 celebrado o Dia Nacional do Doador de Sangue. No maior hemocentro do estado do Rio de Janeiro, a programa\u00e7\u00e3o come\u00e7a \u00e0s 8h30, com atividades para destacar a [&hellip;]<\/p>\n","protected":false},"author":1,"featured_media":14082,"comment_status":"open","ping_status":"open","sticky":false,"template":"","format":"standard","meta":{"_jetpack_newsletter_access":"","_jetpack_dont_email_post_to_subs":false,"_jetpack_newsletter_tier_id":0,"_jetpack_memberships_contains_paywalled_content":false,"_mbp_banners":[],"_jetpack_feature_clip_id":0,"_jetpack_memberships_contains_paid_content":false,"footnotes":"","jetpack_publicize_message":"","jetpack_publicize_feature_enabled":true,"jetpack_social_post_already_shared":true,"jetpack_social_options":{"image_generator_settings":{"template":"highway","default_image_id":0,"font":"","enabled":false},"version":2},"jetpack_post_was_ever_published":false},"categories":[15],"tags":[],"class_list":["post-17648","post","type-post","status-publish","format-standard","has-post-thumbnail","category-saude"],"jetpack_publicize_connections":[],"jetpack-related-posts":[],"jetpack_shortlink":"https:\/\/wp.me\/p7Eq1F-4AE","jetpack_sharing_enabled":true,"jetpack_featured_media_url":"https:\/\/i0.wp.com\/guialimeira.com.br\/news\/wp-content\/uploads\/2024\/09\/51127982959_a5e4fc0a82_o.jpg?fit=1600%2C800&ssl=1","_links":{"self":[{"href":"https:\/\/guialimeira.com.br\/news\/wp-json\/wp\/v2\/posts\/17648","targetHints":{"allow":["GET"]}}],"collection":[{"href":"https:\/\/guialimeira.com.br\/news\/wp-json\/wp\/v2\/posts"}],"about":[{"href":"https:\/\/guialimeira.com.br\/news\/wp-json\/wp\/v2\/types\/post"}],"author":[{"embeddable":true,"href":"https:\/\/guialimeira.com.br\/news\/wp-json\/wp\/v2\/users\/1"}],"replies":[{"embeddable":true,"href":"https:\/\/guialimeira.com.br\/news\/wp-json\/wp\/v2\/comments?post=17648"}],"version-history":[{"count":0,"href":"https:\/\/guialimeira.com.br\/news\/wp-json\/wp\/v2\/posts\/17648\/revisions"}],"wp:featuredmedia":[{"embeddable":true,"href":"https:\/\/guialimeira.com.br\/news\/wp-json\/wp\/v2\/media\/14082"}],"wp:attachment":[{"href":"https:\/\/guialimeira.com.br\/news\/wp-json\/wp\/v2\/media?parent=17648"}],"wp:term":[{"taxonomy":"category","embeddable":true,"href":"https:\/\/guialimeira.com.br\/news\/wp-json\/wp\/v2\/categories?post=17648"},{"taxonomy":"post_tag","embeddable":true,"href":"https:\/\/guialimeira.com.br\/news\/wp-json\/wp\/v2\/tags?post=17648"}],"curies":[{"name":"wp","href":"https:\/\/api.w.org\/{rel}","templated":true}]}}