{"id":17643,"date":"2024-11-25T08:55:39","date_gmt":"2024-11-25T11:55:39","guid":{"rendered":"https:\/\/guialimeira.com.br\/?p=17643"},"modified":"2024-11-25T08:55:42","modified_gmt":"2024-11-25T11:55:42","slug":"suzano-e-instituto-bold-concluem-formacao-que-incentiva-a-insercao-de-jovens-no-mercado-de-trabalho","status":"publish","type":"post","link":"https:\/\/guialimeira.com.br\/news\/suzano-e-instituto-bold-concluem-formacao-que-incentiva-a-insercao-de-jovens-no-mercado-de-trabalho\/","title":{"rendered":"Suzano e Instituto Bold concluem forma\u00e7\u00e3o que incentiva a inser\u00e7\u00e3o de jovens no mercado de trabalho"},"content":{"rendered":"\n<p class=\"wp-block-paragraph\"><em>O Projeto Jornada Jovem Consciente conta com a participa\u00e7\u00e3o de mais de 150 jovens do interior de S\u00e3o Paulo<\/em><\/p>\n\n\n\n<p class=\"wp-block-paragraph\">A Suzano, maior produtora mundial de celulose e refer\u00eancia global na fabrica\u00e7\u00e3o de bioprodutos desenvolvidos a partir do eucalipto, em parceria com o Instituto Bold, concluiu o primeiro ciclo de forma\u00e7\u00e3o do projeto Jornada Jovem Consciente com a participa\u00e7\u00e3o de mais de 150 jovens do interior de S\u00e3o Paulo. O projeto&nbsp;tem como objetivo fomentar a equidade de oportunidades para&nbsp;pessoas em situa\u00e7\u00e3o de vulnerabilidade social&nbsp;por meio de acelera\u00e7\u00e3o e proje\u00e7\u00e3o de talentos no mercado de trabalho.&nbsp;Ao longo da execu\u00e7\u00e3o do projeto, cerca de 20 jovens participantes j\u00e1 foram contratados por empresas do mercado, e outros j\u00e1 est\u00e3o participando de processos seletivos e iniciativas de empreendedorismo.<\/p>\n\n\n\n<p class=\"wp-block-paragraph\">&#8220;Para n\u00f3s da Suzano \u00e9 uma satisfa\u00e7\u00e3o ver os resultados deste projeto com mais de 150 jovens que est\u00e3o preparados e treinados para os desafios do mercado de trabalho. Apoiar projetos como este \u00e9 um reflexo da vis\u00e3o de uma empresa centen\u00e1ria, que busca atuar como agente de transforma\u00e7\u00e3o na comunidade em que est\u00e1 inserida e ajudar a formar pessoas que inspiram e transformam, impulsionando mudan\u00e7as significativas e duradouras na sociedade. Essa a\u00e7\u00e3o refor\u00e7a o nosso direcionador que diz que s\u00f3 \u00e9 bom para n\u00f3s se for bom para o mundo&#8221;, destaca Adriano da Silva Martins, coordenador de Relacionamento Social da Suzano.<\/p>\n\n\n\n<p class=\"wp-block-paragraph\">Para o gestor educacional&nbsp;do Instituto Bold,&nbsp;Marcio Yo Ki,&nbsp;o projeto foi importante para o&nbsp;desenvolvimento de autoconhecimento, intelig\u00eancia emocional, habilidades t\u00e9cnicas e socioemocionais&nbsp;dos jovens. \u201cO Time do Instituto Bold, est\u00e1 muito feliz com a realiza\u00e7\u00e3o do Projeto Jornada Jovem Consciente em parceria com a Suzano, que certamente est\u00e1 gerando mudan\u00e7as e transforma\u00e7\u00f5es individuais e em todo ecossistema que os estudantes est\u00e3o inseridos. Estamos cumprindo nossa miss\u00e3o que \u00e9 promover o desenvolvimento pessoal e profissional de pessoas em situa\u00e7\u00e3o de vulnerabilidade social e econ\u00f4mica, por meio de uma educa\u00e7\u00e3o inovadora, impactando positivamente\u201d.<\/p>\n\n\n\n<p class=\"wp-block-paragraph\"><strong>O programa<\/strong><\/p>\n\n\n\n<p class=\"wp-block-paragraph\">O projeto Jornada Jovem Consciente \u00e9&nbsp;direcionado a estudantes de baixa renda, provenientes de escolas p\u00fablicas, com idades entre 14 e 17 anos. O objetivo \u00e9 promover tanto o desenvolvimento pessoal quanto profissional desses jovens, fornecendo ferramentas para que eles possam ingressar ou aprimorar sua atua\u00e7\u00e3o em grandes organiza\u00e7\u00f5es.<\/p>\n\n\n\n<p class=\"wp-block-paragraph\">A iniciativa realiza um acompanhamento dos estudantes e busca fomentar o desenvolvimento de conhecimentos e habilidades pr\u00e1ticas, as chamadas soft skills, que s\u00e3o essenciais para terem sucesso no mercado de trabalho.<\/p>\n\n\n\n<p class=\"wp-block-paragraph\">Por isso, diferentes etapas da jornada s\u00e3o oferecidas aos participantes, que v\u00e3o desde a conscientiza\u00e7\u00e3o sobre seu prop\u00f3sito de vida e autoconhecimento at\u00e9 intelig\u00eancia emocional e orienta\u00e7\u00e3o de carreira. Tudo isso contribui para que diminua a barreira para o ingresso dos jovens ao primeiro emprego e tamb\u00e9m acelera o potencial destes jovens fornecendo as experi\u00eancias pr\u00e1ticas necess\u00e1rias para que se tornem protagonistas de suas vidas.<\/p>\n\n\n\n<p class=\"wp-block-paragraph\">O estudante Arthur Biazin Agard, de 15 anos, morador de Americana, \u00e9 um dos jovens beneficiados pelo programa e elogia a iniciativa. \u201cA mentoria do programa Jovem Consciente foi excelente para a minha vida! Aprendi muito com as aulas, destaquei minhas qualidades como organiza\u00e7\u00e3o e com o autoconhecimento consegui ter a certeza do que eu queria. Me aprofundei em temas que me interessam e escolhi pela \u00e1rea de ci\u00eancias biol\u00f3gicas. Essa \u00e1rea tem muitas oportunidades em que posso me especializar\u201d, destaca.<\/p>\n\n\n\n<p class=\"wp-block-paragraph\"><strong>Instituto Bold<\/strong><\/p>\n\n\n\n<p class=\"wp-block-paragraph\">O Instituto Bold nasceu em 2017 em Boston, nos EUA, com a miss\u00e3o de se tornar uma aceleradora de pessoas, com foco em intelig\u00eancia emocional e empreendedorismo, sendo a ponte entre jovens e empresas para fomentar diversidade e inclus\u00e3o social. Neste ano o projeto alcan\u00e7ou mais de 900 jovens em todo o pa\u00eds, refor\u00e7ando seu compromisso com a capacita\u00e7\u00e3o e desenvolvimento de jovens de comunidades locais.<\/p>\n\n\n\n<p class=\"wp-block-paragraph\"><strong>Sobre a Suzano<\/strong><\/p>\n\n\n\n<p class=\"wp-block-paragraph\">A Suzano \u00e9 a maior produtora mundial de celulose, uma das maiores produtoras de pap\u00e9is da Am\u00e9rica Latina, l\u00edder no segmento de papel higi\u00eanico no Brasil e refer\u00eancia no desenvolvimento de solu\u00e7\u00f5es sustent\u00e1veis e inovadoras a partir de mat\u00e9ria-prima de fonte renov\u00e1vel. Nossos produtos e solu\u00e7\u00f5es est\u00e3o presentes na vida de mais de 2 bilh\u00f5es de pessoas, abastecem mais de 100 pa\u00edses e incluem celulose, pap\u00e9is para imprimir e escrever, pap\u00e9is para embalagens, copos e canudos, pap\u00e9is sanit\u00e1rios e produtos absorventes, al\u00e9m de novos bioprodutos desenvolvidos para atender a demanda global. A inova\u00e7\u00e3o e a sustentabilidade orientam nosso prop\u00f3sito de \u201cRenovar a vida a partir da \u00e1rvore\u201d e nosso trabalho no enfrentamento dos desafios da sociedade e do planeta. Com 100 anos de hist\u00f3ria, temos a\u00e7\u00f5es nas bolsas do Brasil (SUZB3) e dos Estados Unidos (SUZ). Saiba mais na p\u00e1gina&nbsp;<a href=\"http:\/\/www.suzano.com.br\/\" target=\"_blank\" rel=\"noreferrer noopener\">www.suzano.com.br<\/a><\/p>\n","protected":false},"excerpt":{"rendered":"<p>O Projeto Jornada Jovem Consciente conta com a participa\u00e7\u00e3o de mais de 150 jovens do interior de S\u00e3o Paulo A Suzano, maior produtora mundial de celulose e refer\u00eancia global na fabrica\u00e7\u00e3o de bioprodutos desenvolvidos a partir do eucalipto, em parceria com o Instituto Bold, concluiu o primeiro ciclo de forma\u00e7\u00e3o do projeto Jornada Jovem Consciente [&hellip;]<\/p>\n","protected":false},"author":2,"featured_media":17644,"comment_status":"open","ping_status":"open","sticky":false,"template":"","format":"standard","meta":{"_jetpack_newsletter_access":"","_jetpack_dont_email_post_to_subs":false,"_jetpack_newsletter_tier_id":0,"_jetpack_memberships_contains_paywalled_content":false,"_mbp_banners":[],"_jetpack_feature_clip_id":0,"_jetpack_memberships_contains_paid_content":false,"footnotes":"","jetpack_publicize_message":"","jetpack_publicize_feature_enabled":true,"jetpack_social_post_already_shared":true,"jetpack_social_options":{"image_generator_settings":{"template":"highway","default_image_id":0,"font":"","enabled":false},"version":2},"jetpack_post_was_ever_published":false},"categories":[1],"tags":[],"class_list":["post-17643","post","type-post","status-publish","format-standard","has-post-thumbnail","category-geral"],"jetpack_publicize_connections":[],"jetpack-related-posts":[],"jetpack_shortlink":"https:\/\/wp.me\/p7Eq1F-4Az","jetpack_sharing_enabled":true,"jetpack_featured_media_url":"https:\/\/i0.wp.com\/guialimeira.com.br\/news\/wp-content\/uploads\/2024\/11\/Jovem-Consciente.jpeg?fit=604%2C217&ssl=1","_links":{"self":[{"href":"https:\/\/guialimeira.com.br\/news\/wp-json\/wp\/v2\/posts\/17643","targetHints":{"allow":["GET"]}}],"collection":[{"href":"https:\/\/guialimeira.com.br\/news\/wp-json\/wp\/v2\/posts"}],"about":[{"href":"https:\/\/guialimeira.com.br\/news\/wp-json\/wp\/v2\/types\/post"}],"author":[{"embeddable":true,"href":"https:\/\/guialimeira.com.br\/news\/wp-json\/wp\/v2\/users\/2"}],"replies":[{"embeddable":true,"href":"https:\/\/guialimeira.com.br\/news\/wp-json\/wp\/v2\/comments?post=17643"}],"version-history":[{"count":1,"href":"https:\/\/guialimeira.com.br\/news\/wp-json\/wp\/v2\/posts\/17643\/revisions"}],"predecessor-version":[{"id":17645,"href":"https:\/\/guialimeira.com.br\/news\/wp-json\/wp\/v2\/posts\/17643\/revisions\/17645"}],"wp:featuredmedia":[{"embeddable":true,"href":"https:\/\/guialimeira.com.br\/news\/wp-json\/wp\/v2\/media\/17644"}],"wp:attachment":[{"href":"https:\/\/guialimeira.com.br\/news\/wp-json\/wp\/v2\/media?parent=17643"}],"wp:term":[{"taxonomy":"category","embeddable":true,"href":"https:\/\/guialimeira.com.br\/news\/wp-json\/wp\/v2\/categories?post=17643"},{"taxonomy":"post_tag","embeddable":true,"href":"https:\/\/guialimeira.com.br\/news\/wp-json\/wp\/v2\/tags?post=17643"}],"curies":[{"name":"wp","href":"https:\/\/api.w.org\/{rel}","templated":true}]}}