{"id":1760,"date":"2024-04-17T16:12:43","date_gmt":"2024-04-17T19:12:43","guid":{"rendered":"https:\/\/guialimeira.com.br\/2024\/04\/17\/por-assedio-moral-ex-presidente-da-fundacao-palmares-fica-inelegivel\/"},"modified":"2024-04-17T16:12:43","modified_gmt":"2024-04-17T19:12:43","slug":"por-assedio-moral-ex-presidente-da-fundacao-palmares-fica-inelegivel","status":"publish","type":"post","link":"https:\/\/guialimeira.com.br\/news\/por-assedio-moral-ex-presidente-da-fundacao-palmares-fica-inelegivel\/","title":{"rendered":"Por ass\u00e9dio moral, ex-presidente da Funda\u00e7\u00e3o Palmares fica ineleg\u00edvel"},"content":{"rendered":"<p> <br \/>\n<\/p>\n<div>\n<p>A Controladoria-Geral da Uni\u00e3o (CGU) determinou que o ex-presidente da Funda\u00e7\u00e3o Cultural Palmares S\u00e9rgio Camargo fique ineleg\u00edvel por 8 anos. Ele tamb\u00e9m n\u00e3o poder\u00e1 ser indicado para cargos em comiss\u00e3o ou fun\u00e7\u00f5es de confian\u00e7a no Poder Executivo Federal pelo mesmo prazo.\u00a0<img data-recalc-dims=\"1\" decoding=\"async\" src=\"https:\/\/i0.wp.com\/agenciabrasil.ebc.com.br\/ebc.png?w=696&#038;ssl=1\" style=\"width:1px; height:1px; display:inline;\"\/><img data-recalc-dims=\"1\" decoding=\"async\" src=\"https:\/\/i0.wp.com\/agenciabrasil.ebc.com.br\/ebc.gif?w=696&#038;ssl=1\" style=\"width:1px; height:1px; display:inline;\"\/><\/p>\n<p>A san\u00e7\u00e3o de destitui\u00e7\u00e3o de cargo em comiss\u00e3o, publicada no <em>Di\u00e1rio Oficial da Uni\u00e3o<\/em> desta quarta-feira (17), \u00e9 resultado de um processo administrativo disciplinar (PAD) instaurado para apurar a pr\u00e1tica de ass\u00e9dio moral.\u00a0<\/p>\n<p>Segundo a CGU, foram comprovadas condutas praticadas por S\u00e9rgio Camargo como\u00a0viola\u00e7\u00e3o da moralidade administrativa por promover demiss\u00f5es de terceirizados por motivos ideol\u00f3gicos, uso do cargo para contratar empregado terceirizado e tratamento sem urbanidade a diretores e coordenadores hierarquicamente subordinados.\u00a0<\/p>\n<p>S\u00e9rgio Camargo foi presidente da Funda\u00e7\u00e3o Palmares entre novembro de 2019 e mar\u00e7o de 2022. Ele tamb\u00e9m j\u00e1 foi alvo de uma a\u00e7\u00e3o civil p\u00fablica apresentada pelo Minist\u00e9rio P\u00fablico do Trabalho (MPT) por ass\u00e9dio moral contra servidores e colaboradores da entidade.\u00a0<\/p>\n<p>Procurado pela <strong>Ag\u00eancia Brasil<\/strong>, Camargo ainda n\u00e3o se manifestou sobre a decis\u00e3o da CGU.<\/p>\n<\/p><\/div>\n<p><br \/>\n<br \/><a href=\"https:\/\/agenciabrasil.ebc.com.br\/geral\/noticia\/2024-04\/por-assedio-moral-ex-presidente-da-fundacao-palmares-fica-inelegivel\" rel=\"noopener\">Ag\u00eancia Brasil<\/a><\/p>\n","protected":false},"excerpt":{"rendered":"<p>A Controladoria-Geral da Uni\u00e3o (CGU) determinou que o ex-presidente da Funda\u00e7\u00e3o Cultural Palmares S\u00e9rgio Camargo fique ineleg\u00edvel por 8 anos. Ele tamb\u00e9m n\u00e3o poder\u00e1 ser indicado para cargos em comiss\u00e3o ou fun\u00e7\u00f5es de confian\u00e7a no Poder Executivo Federal pelo mesmo prazo.\u00a0 A san\u00e7\u00e3o de destitui\u00e7\u00e3o de cargo em comiss\u00e3o, publicada no Di\u00e1rio Oficial da Uni\u00e3o [&hellip;]<\/p>\n","protected":false},"author":1,"featured_media":269,"comment_status":"open","ping_status":"open","sticky":false,"template":"","format":"standard","meta":{"_jetpack_newsletter_access":"","_jetpack_dont_email_post_to_subs":false,"_jetpack_newsletter_tier_id":0,"_jetpack_memberships_contains_paywalled_content":false,"_mbp_banners":[],"_jetpack_feature_clip_id":0,"_jetpack_memberships_contains_paid_content":false,"footnotes":"","jetpack_publicize_message":"","jetpack_publicize_feature_enabled":true,"jetpack_social_post_already_shared":true,"jetpack_social_options":{"image_generator_settings":{"template":"highway","default_image_id":0,"font":"","enabled":false},"version":2},"jetpack_post_was_ever_published":false},"categories":[22],"tags":[],"class_list":["post-1760","post","type-post","status-publish","format-standard","has-post-thumbnail","category-nacional"],"jetpack_publicize_connections":[],"jetpack-related-posts":[],"jetpack_shortlink":"https:\/\/wp.me\/p7Eq1F-so","jetpack_sharing_enabled":true,"jetpack_featured_media_url":"https:\/\/i0.wp.com\/guialimeira.com.br\/news\/wp-content\/uploads\/2024\/03\/thumb_1200x600_agbrasil.png?fit=1200%2C600&ssl=1","_links":{"self":[{"href":"https:\/\/guialimeira.com.br\/news\/wp-json\/wp\/v2\/posts\/1760","targetHints":{"allow":["GET"]}}],"collection":[{"href":"https:\/\/guialimeira.com.br\/news\/wp-json\/wp\/v2\/posts"}],"about":[{"href":"https:\/\/guialimeira.com.br\/news\/wp-json\/wp\/v2\/types\/post"}],"author":[{"embeddable":true,"href":"https:\/\/guialimeira.com.br\/news\/wp-json\/wp\/v2\/users\/1"}],"replies":[{"embeddable":true,"href":"https:\/\/guialimeira.com.br\/news\/wp-json\/wp\/v2\/comments?post=1760"}],"version-history":[{"count":0,"href":"https:\/\/guialimeira.com.br\/news\/wp-json\/wp\/v2\/posts\/1760\/revisions"}],"wp:featuredmedia":[{"embeddable":true,"href":"https:\/\/guialimeira.com.br\/news\/wp-json\/wp\/v2\/media\/269"}],"wp:attachment":[{"href":"https:\/\/guialimeira.com.br\/news\/wp-json\/wp\/v2\/media?parent=1760"}],"wp:term":[{"taxonomy":"category","embeddable":true,"href":"https:\/\/guialimeira.com.br\/news\/wp-json\/wp\/v2\/categories?post=1760"},{"taxonomy":"post_tag","embeddable":true,"href":"https:\/\/guialimeira.com.br\/news\/wp-json\/wp\/v2\/tags?post=1760"}],"curies":[{"name":"wp","href":"https:\/\/api.w.org\/{rel}","templated":true}]}}