{"id":17585,"date":"2024-11-23T14:48:45","date_gmt":"2024-11-23T17:48:45","guid":{"rendered":"https:\/\/guialimeira.com.br\/2024\/11\/23\/prefeitura-de-sao-paulo-realiza-dia-d-de-prevencao-e-combate-a-dengue\/"},"modified":"2024-11-23T14:48:45","modified_gmt":"2024-11-23T17:48:45","slug":"prefeitura-de-sao-paulo-realiza-dia-d-de-prevencao-e-combate-a-dengue","status":"publish","type":"post","link":"https:\/\/guialimeira.com.br\/news\/prefeitura-de-sao-paulo-realiza-dia-d-de-prevencao-e-combate-a-dengue\/","title":{"rendered":"Prefeitura de S\u00e3o Paulo realiza Dia D de Preven\u00e7\u00e3o e Combate \u00e0 Dengue"},"content":{"rendered":"<p> <br \/>\n<\/p>\n<div>\n<p>A prefeitura de S\u00e3o Paulo promove neste s\u00e1bado (23) o Dia D de Combate \u00e0 Dengue e demais Arboviroses, como parte da campanha de Mobiliza\u00e7\u00e3o de Preven\u00e7\u00e3o e Combate \u00e0 Dengue: <em>N\u00e3o Deixe a Dengue Entrar!<\/em>. A campanha come\u00e7ou no \u00faltimo dia 11 e prossegue at\u00e9 o dia 29. As atividades come\u00e7aram \u00e0s 8h e v\u00e3o at\u00e9 \u00e0s 17h, em todas as 479 Unidades B\u00e1sicas de Sa\u00fade (UBSs) da cidade e em seis pontos estrat\u00e9gicos, distribu\u00eddos nas regi\u00f5es centro, norte, sul, leste, oeste e sudeste.<img data-recalc-dims=\"1\" decoding=\"async\" src=\"https:\/\/i0.wp.com\/agenciabrasil.ebc.com.br\/ebc.png?w=696&#038;ssl=1\" style=\"width:1px; height:1px; display:inline;\"\/><img data-recalc-dims=\"1\" decoding=\"async\" src=\"https:\/\/i0.wp.com\/agenciabrasil.ebc.com.br\/ebc.gif?w=696&#038;ssl=1\" style=\"width:1px; height:1px; display:inline;\"\/><\/p>\n<p>\u201cA busca engaja crian\u00e7as e adolescentes como multiplicadores de conhecimento. Nas escolas, alunos est\u00e3o sendo incentivados a criarem materiais como cartazes, apresenta\u00e7\u00f5es e jogos educativos com o apoio de professores e gr\u00eamios estudantis. Essa abordagem refor\u00e7a a cultura de sa\u00fade e cidadania, essencial para a preven\u00e7\u00e3o a longo prazo\u201d, diz a prefeitura.<\/p>\n<p>Segundo a Secretaria Municipal de Sa\u00fade (SMS), todas as UBSs da cidade estar\u00e3o abertas para vacina\u00e7\u00e3o contra a dengue para o p\u00fablico eleg\u00edvel, ou seja, crian\u00e7as e adolescentes de 10 a 14 anos que residem ou estudam na cidade de S\u00e3o Paulo. Al\u00e9m disso, ser\u00e3o realizadas a\u00e7\u00f5es educativas internas e externas, com orienta\u00e7\u00f5es sobre a elimina\u00e7\u00e3o de criadouros, sinais e sintomas da dengue, e import\u00e2ncia da busca por atendimento m\u00e9dico.<\/p>\n<p>Tamb\u00e9m ao longo do dia os CEUs e escolas municipais estar\u00e3o abertos para a participa\u00e7\u00e3o de oficinas, rodas de conversa, apresenta\u00e7\u00f5es educativas sobre o ciclo do mosquito e formas de preven\u00e7\u00e3o, al\u00e9m de atividades interativas que envolvem estudantes e comunidades locais. As unidades abertas s\u00e3o CEU Tr\u00eas Pontes (zona Leste); CEU Jaguar\u00e9 (zona Oeste); CEU Heli\u00f3polis \u2013 Prof\u00aa Arlete Persoli (zona Sudeste); CEU Alvarenga (zona Sul); CEU Parque Novo Mundo (zona Norte); e EMEF Celso Leite Ribeiro Filho (Centro).<\/p>\n<p>      <!-- Relacionada --><\/p>\n<p>            <!-- Relacionada -->\n    <\/div>\n<p><br \/>\n<br \/><a href=\"https:\/\/agenciabrasil.ebc.com.br\/saude\/noticia\/2024-11\/prefeitura-de-sao-paulo-realiza-dia-d-de-prevencao-e-combate-dengue\" rel=\"noopener\">Ag\u00eancia Brasil <\/a><\/p>\n","protected":false},"excerpt":{"rendered":"<p>A prefeitura de S\u00e3o Paulo promove neste s\u00e1bado (23) o Dia D de Combate \u00e0 Dengue e demais Arboviroses, como parte da campanha de Mobiliza\u00e7\u00e3o de Preven\u00e7\u00e3o e Combate \u00e0 Dengue: N\u00e3o Deixe a Dengue Entrar!. A campanha come\u00e7ou no \u00faltimo dia 11 e prossegue at\u00e9 o dia 29. As atividades come\u00e7aram \u00e0s 8h e [&hellip;]<\/p>\n","protected":false},"author":1,"featured_media":1447,"comment_status":"open","ping_status":"open","sticky":false,"template":"","format":"standard","meta":{"_jetpack_newsletter_access":"","_jetpack_dont_email_post_to_subs":false,"_jetpack_newsletter_tier_id":0,"_jetpack_memberships_contains_paywalled_content":false,"_mbp_banners":[],"_jetpack_feature_clip_id":0,"_jetpack_memberships_contains_paid_content":false,"footnotes":"","jetpack_publicize_message":"","jetpack_publicize_feature_enabled":true,"jetpack_social_post_already_shared":true,"jetpack_social_options":{"image_generator_settings":{"template":"highway","default_image_id":0,"font":"","enabled":false},"version":2},"jetpack_post_was_ever_published":false},"categories":[15],"tags":[],"class_list":["post-17585","post","type-post","status-publish","format-standard","has-post-thumbnail","category-saude"],"jetpack_publicize_connections":[],"jetpack-related-posts":[],"jetpack_shortlink":"https:\/\/wp.me\/p7Eq1F-4zD","jetpack_sharing_enabled":true,"jetpack_featured_media_url":"https:\/\/i0.wp.com\/guialimeira.com.br\/news\/wp-content\/uploads\/2024\/04\/img_9326.jpg?fit=1600%2C800&ssl=1","_links":{"self":[{"href":"https:\/\/guialimeira.com.br\/news\/wp-json\/wp\/v2\/posts\/17585","targetHints":{"allow":["GET"]}}],"collection":[{"href":"https:\/\/guialimeira.com.br\/news\/wp-json\/wp\/v2\/posts"}],"about":[{"href":"https:\/\/guialimeira.com.br\/news\/wp-json\/wp\/v2\/types\/post"}],"author":[{"embeddable":true,"href":"https:\/\/guialimeira.com.br\/news\/wp-json\/wp\/v2\/users\/1"}],"replies":[{"embeddable":true,"href":"https:\/\/guialimeira.com.br\/news\/wp-json\/wp\/v2\/comments?post=17585"}],"version-history":[{"count":0,"href":"https:\/\/guialimeira.com.br\/news\/wp-json\/wp\/v2\/posts\/17585\/revisions"}],"wp:featuredmedia":[{"embeddable":true,"href":"https:\/\/guialimeira.com.br\/news\/wp-json\/wp\/v2\/media\/1447"}],"wp:attachment":[{"href":"https:\/\/guialimeira.com.br\/news\/wp-json\/wp\/v2\/media?parent=17585"}],"wp:term":[{"taxonomy":"category","embeddable":true,"href":"https:\/\/guialimeira.com.br\/news\/wp-json\/wp\/v2\/categories?post=17585"},{"taxonomy":"post_tag","embeddable":true,"href":"https:\/\/guialimeira.com.br\/news\/wp-json\/wp\/v2\/tags?post=17585"}],"curies":[{"name":"wp","href":"https:\/\/api.w.org\/{rel}","templated":true}]}}