{"id":17582,"date":"2024-11-23T12:46:56","date_gmt":"2024-11-23T15:46:56","guid":{"rendered":"https:\/\/guialimeira.com.br\/2024\/11\/23\/df-promove-dia-de-combate-a-dengue-para-eliminar-focos-do-aedes-aegypt\/"},"modified":"2024-11-23T12:46:56","modified_gmt":"2024-11-23T15:46:56","slug":"df-promove-dia-de-combate-a-dengue-para-eliminar-focos-do-aedes-aegypt","status":"publish","type":"post","link":"https:\/\/guialimeira.com.br\/news\/df-promove-dia-de-combate-a-dengue-para-eliminar-focos-do-aedes-aegypt\/","title":{"rendered":"DF promove dia de combate \u00e0 dengue para eliminar focos do Aedes aegypt"},"content":{"rendered":"<p> <br \/>\n<\/p>\n<div>\n<p>A Secretaria de Sa\u00fade do Distrito Federal (SES-DF) convocou, neste s\u00e1bado (23) a popula\u00e7\u00e3o a participar do Dia de Combate \u00e0 Dengue e realizar a\u00e7\u00f5es de combate ao mosquito transmissor da doen\u00e7a, o\u00a0<em>Aedes aegypti<\/em>.<img data-recalc-dims=\"1\" decoding=\"async\" src=\"https:\/\/i0.wp.com\/agenciabrasil.ebc.com.br\/ebc.png?w=696&#038;ssl=1\" style=\"width:1px; height:1px; display:inline;\"\/><img data-recalc-dims=\"1\" decoding=\"async\" src=\"https:\/\/i0.wp.com\/agenciabrasil.ebc.com.br\/ebc.gif?w=696&#038;ssl=1\" style=\"width:1px; height:1px; display:inline;\"\/><\/p>\n<p>O objetivo \u00e9 eliminar\u00a0\u00e1gua parada, onde o inseto pode depositar\u00a0ovos. Entre os criadouros est\u00e3o potes, vasos de plantas, pneus, garrafas PET, calhas das resid\u00eancias e at\u00e9 mesmo recipientes pequenos, como tampinhas de garrafas.<\/p>\n<p>Por isso, a pasta pede \u00e0 comunidade que mantenha caixas-d\u2019\u00e1gua, ton\u00e9is e barris bem tampados, coloque areia nos pratos de vasos de planta, amarre bem os sacos de lixo e n\u00e3o acumulem entulhos e sucatas como forma de evitar a reprodu\u00e7\u00e3o do\u00a0Aedes aegypti.<\/p>\n<p>Em publica\u00e7\u00e3o <a href=\"https:\/\/www.saude.df.gov.br\/w\/dia-nacional-de-combate-%C3%A0-dengue-destaca-mobiliza%C3%A7%C3%A3o-contra-o-aedes-aegypti\" target=\"_blank\" rel=\"noopener\">em rede social<\/a>,\u00a0o subsecret\u00e1rio de Vigil\u00e2ncia \u00e0 Sa\u00fade da SES-DF, Fabiano dos Anjos, refor\u00e7a a import\u00e2ncia da participa\u00e7\u00e3o de cada um no combate ao vetor. \u201cParticipe desta campanha de mobiliza\u00e7\u00e3o nacional fazendo a sua parte. Limpe o seu quintal e elimine qualquer criadouro do mosquito no seu ambiente. A preven\u00e7\u00e3o \u00e9 um esfor\u00e7o conjunto\u201d.<\/p>\n<h2>Vacina<\/h2>\n<p>O subsecret\u00e1rio lembra, ainda, que a vacina contra a dengue est\u00e1\u00a0dispon\u00edvel para a imuniza\u00e7\u00e3o de crian\u00e7as e adolescentes de 10 a 14 anos, nas Unidades B\u00e1sicas de Sa\u00fade (UBS), antes conhecidas como centros de sa\u00fade ou postos de sa\u00fade.<\/p>\n<p>A lista dos locais de vacina\u00e7\u00e3o abertos e hor\u00e1rio de funcionamento neste s\u00e1bado, no Distrito Federal, est\u00e1 dispon\u00edvel no <a href=\"https:\/\/www.saude.df.gov.br\/pt\/web\/guest\/locais-de-vacinacao\" target=\"_blank\" rel=\"noopener\">site da Secretaria de Sa\u00fade do Distrito Federal<\/a>.<\/p>\n<p>Em 2024, o Minist\u00e9rio da Sa\u00fade tem a campanha de esclarecimentos \u201c<a href=\"http:\/\/\u00a0https:\/\/www.gov.br\/saude\/pt-br\/campanhas-da-saude\/2024\/mosquito\" target=\"_blank\">Tem 10 minutinhos? A hora de prevenir \u00e9 agora<\/a>\u201d,\u00a0que incentiva a popula\u00e7\u00e3o a dedicar pouco tempo por semana para eliminar poss\u00edveis criadouros do mosquito e a receber os agentes comunit\u00e1rios de sa\u00fade para prevenir os focos do mosquito.<\/p>\n<p>Os principais sintomas da dengue s\u00e3o febre alta, dores musculares e articulares,\u00a0manchas vermelhas na pele, dor de cabe\u00e7a ou atr\u00e1s dos olhos.<\/p>\n<p>      <!-- Relacionada --><\/p>\n<p>            <!-- Relacionada -->\n    <\/div>\n<p><br \/>\n<br \/><a href=\"https:\/\/agenciabrasil.ebc.com.br\/saude\/noticia\/2024-11\/df-promove-dia-de-combate-dengue-para-eliminar-focos-do-aedes-aegypt\" rel=\"noopener\">Ag\u00eancia Brasil <\/a><\/p>\n","protected":false},"excerpt":{"rendered":"<p>A Secretaria de Sa\u00fade do Distrito Federal (SES-DF) convocou, neste s\u00e1bado (23) a popula\u00e7\u00e3o a participar do Dia de Combate \u00e0 Dengue e realizar a\u00e7\u00f5es de combate ao mosquito transmissor da doen\u00e7a, o\u00a0Aedes aegypti. O objetivo \u00e9 eliminar\u00a0\u00e1gua parada, onde o inseto pode depositar\u00a0ovos. Entre os criadouros est\u00e3o potes, vasos de plantas, pneus, garrafas PET, [&hellip;]<\/p>\n","protected":false},"author":1,"featured_media":754,"comment_status":"open","ping_status":"open","sticky":false,"template":"","format":"standard","meta":{"_jetpack_newsletter_access":"","_jetpack_dont_email_post_to_subs":false,"_jetpack_newsletter_tier_id":0,"_jetpack_memberships_contains_paywalled_content":false,"_mbp_banners":[],"_jetpack_feature_clip_id":0,"_jetpack_memberships_contains_paid_content":false,"footnotes":"","jetpack_publicize_message":"","jetpack_publicize_feature_enabled":true,"jetpack_social_post_already_shared":true,"jetpack_social_options":{"image_generator_settings":{"template":"highway","default_image_id":0,"font":"","enabled":false},"version":2},"jetpack_post_was_ever_published":false},"categories":[15],"tags":[],"class_list":["post-17582","post","type-post","status-publish","format-standard","has-post-thumbnail","category-saude"],"jetpack_publicize_connections":[],"jetpack-related-posts":[],"jetpack_shortlink":"https:\/\/wp.me\/p7Eq1F-4zA","jetpack_sharing_enabled":true,"jetpack_featured_media_url":"https:\/\/i0.wp.com\/guialimeira.com.br\/news\/wp-content\/uploads\/2024\/04\/combate_dengue_13.jpg?fit=1600%2C800&ssl=1","_links":{"self":[{"href":"https:\/\/guialimeira.com.br\/news\/wp-json\/wp\/v2\/posts\/17582","targetHints":{"allow":["GET"]}}],"collection":[{"href":"https:\/\/guialimeira.com.br\/news\/wp-json\/wp\/v2\/posts"}],"about":[{"href":"https:\/\/guialimeira.com.br\/news\/wp-json\/wp\/v2\/types\/post"}],"author":[{"embeddable":true,"href":"https:\/\/guialimeira.com.br\/news\/wp-json\/wp\/v2\/users\/1"}],"replies":[{"embeddable":true,"href":"https:\/\/guialimeira.com.br\/news\/wp-json\/wp\/v2\/comments?post=17582"}],"version-history":[{"count":0,"href":"https:\/\/guialimeira.com.br\/news\/wp-json\/wp\/v2\/posts\/17582\/revisions"}],"wp:featuredmedia":[{"embeddable":true,"href":"https:\/\/guialimeira.com.br\/news\/wp-json\/wp\/v2\/media\/754"}],"wp:attachment":[{"href":"https:\/\/guialimeira.com.br\/news\/wp-json\/wp\/v2\/media?parent=17582"}],"wp:term":[{"taxonomy":"category","embeddable":true,"href":"https:\/\/guialimeira.com.br\/news\/wp-json\/wp\/v2\/categories?post=17582"},{"taxonomy":"post_tag","embeddable":true,"href":"https:\/\/guialimeira.com.br\/news\/wp-json\/wp\/v2\/tags?post=17582"}],"curies":[{"name":"wp","href":"https:\/\/api.w.org\/{rel}","templated":true}]}}