{"id":1756,"date":"2024-04-17T16:07:45","date_gmt":"2024-04-17T19:07:45","guid":{"rendered":"https:\/\/guialimeira.com.br\/2024\/04\/17\/deputados-se-recusam-a-relatar-caso-contra-brazao-no-conselho-de-etica\/"},"modified":"2024-04-17T16:07:45","modified_gmt":"2024-04-17T19:07:45","slug":"deputados-se-recusam-a-relatar-caso-contra-brazao-no-conselho-de-etica","status":"publish","type":"post","link":"https:\/\/guialimeira.com.br\/news\/deputados-se-recusam-a-relatar-caso-contra-brazao-no-conselho-de-etica\/","title":{"rendered":"Deputados se recusam a relatar caso contra Braz\u00e3o no Conselho de \u00c9tica"},"content":{"rendered":"<p> <br \/>\n<\/p>\n<div>\n<p>Os deputados federais Ricardo Ayres (Republicanos-TO), Bruno Ganem (Podemos-SP) e Gabriel Mota (Republicanos-RR) informaram, nesta quarta-feira (17), que desistiram de relatar o processo no Conselho de \u00c9tica da C\u00e2mara dos Deputados contra o deputado Chiquinho Braz\u00e3o (Sem partido-RJ), preso e acusado de ser\u00a0mandante do assassinato da vereadora carioca Marielle Franco, em 2018.<img data-recalc-dims=\"1\" decoding=\"async\" src=\"https:\/\/i0.wp.com\/agenciabrasil.ebc.com.br\/ebc.png?w=696&#038;ssl=1\" style=\"width:1px; height:1px; display:inline;\"\/><img data-recalc-dims=\"1\" decoding=\"async\" src=\"https:\/\/i0.wp.com\/agenciabrasil.ebc.com.br\/ebc.gif?w=696&#038;ssl=1\" style=\"width:1px; height:1px; display:inline;\"\/><\/p>\n<p>\u201c[A lista tr\u00edplice] n\u00e3o vingou, digamos assim, \u00e9 porque suas excel\u00eancias retiraram os nomes, declinaram da nobil\u00edssima fun\u00e7\u00e3o, que alguns consideram arriscada, n\u00e3o sei porqu\u00ea\u201d, destacou o deputado Chico Alencar (PSOL-RJ), que presidiu o colegiado na sess\u00e3o de hoje.<\/p>\n<p>Bruno Ganem informou que n\u00e3o poderia relatar o caso por causa das tarefas de pr\u00e9-candidatura para as elei\u00e7\u00f5es municipais de outubro deste ano.\u00a0Por sua vez, o deputado Ricardo Ayres disse que desistiu por j\u00e1 ter sido escolhido para relatar outro processo por quebra de decoro parlamentar. J\u00e1 Gabriel Mota n\u00e3o justificou a recusa. O processo contra Braz\u00e3o pode levar \u00e0 cassa\u00e7\u00e3o do mandato do parlamentar, que\u00a0<a href=\"https:\/\/agenciabrasil.ebc.com.br\/politica\/noticia\/2024-03\/irmaos-brazao-sao-levados-para-presidios-em-campo-grande-e-porto-velho\" target=\"_blank\" rel=\"noopener\">est\u00e1 preso na Penitenci\u00e1ria Federal<\/a> de Campo Grande (MS).\u00a0\u00a0<\/p>\n<p>Na \u00faltima quarta-feira (10), o plen\u00e1rio da C\u00e2mara <a href=\"https:\/\/agenciabrasil.ebc.com.br\/politica\/noticia\/2024-04\/camara-decide-manter-prisao-de-deputado-chiquinho-brazao\" target=\"_blank\" rel=\"noopener\">votou por manter a pris\u00e3o de Braz\u00e3o<\/a> com 277 votos contra 129 e 28 absten\u00e7\u00f5es.\u00a0Ayres e Ganem votaram para manter a pris\u00e3o de Braz\u00e3o e Mota n\u00e3o compareceu \u00e0 vota\u00e7\u00e3o.<\/p>\n<p>Com a desist\u00eancia dos\u00a0parlamentares, foram sorteados novos\u00a0nomes: as deputadas Jack Rocha (PT- ES), Ros\u00e2ngela Reis (PL-MG) e o deputado Joseildo Ramos (PT-BA). Desses, apenas Ros\u00e2ngela votou pela liberta\u00e7\u00e3o de Braz\u00e3o. Agora, caber\u00e1 ao presidente do Conselho de \u00c9tica,\u00a0o deputado Leur Lomanto J\u00fanior (Uni\u00e3o\/BA), escolher um\u00a0nome\u00a0da nova lista sorteada.\u00a0<\/p>\n<p>O deputado que presidia a sess\u00e3o, Chico Alencar, disse esperar que, agora, possa sair um nome para relatar o caso. \u201cRoguemos, mandemos energias para que ningu\u00e9m decline\u201d, disse o deputado, acrescentando que \u201ca gente tem a convic\u00e7\u00e3o de que esses n\u00e3o declinar\u00e3o da tarefa\u201d.<\/p>\n<h2>Arquivamentos<\/h2>\n<p>O Conselho de \u00c9tica da C\u00e2mara dos Deputados ainda arquivou, nesta quarta-feira, as representa\u00e7\u00f5es por quebra de decoro parlamentar contra quatro parlamentares: Ricardo Salles (PL-SP), General Gir\u00e3o (PL-RN), Lindbergh Farias (PT-RJ) e S\u00e2mia Bomfim (PSOL-SP).<\/p>\n<p>Salles, por exemplo, foi acusado de quebra de decoro pelo Partido dos Trabalhadores (PT) por fazer a defesa da <a href=\"https:\/\/agenciabrasil.ebc.com.br\/geral\/noticia\/2024-03\/ditadura-militar-ou-civil-militar-saiba-o-que-esta-por-tras-dos-nomes\" target=\"_blank\" rel=\"noopener\">ditadura civil-militar<\/a> que governou o Brasil de 1964 a 1985. Por sua vez, Gir\u00e3o foi acusado de quebra de decoro pelo PSOL por amea\u00e7ar \u201cdar um soco\u201d em outro parlamentar.\u00a0<\/p>\n<p>J\u00e1 S\u00e2mia Bomfim foi acusada de quebra de decoro pelo Partido Liberal (PL) por \u201cataques \u00e0 honra\u201d dos parlamentares do PL durante a Comiss\u00e3o Parlamentar de Inqu\u00e9rito (CPI) que investigou as a\u00e7\u00f5es do Movimento dos Trabalhadores Rurais Sem Terra (MST). Por \u00faltimo, o Conselho\u00a0analisou o pedido contra Lindebergh por ele ter chamado outra parlamentar de terrorista.<\/p>\n<p>Todos os quatro relatores que analisaram essas representa\u00e7\u00f5es votaram pelo arquivamento dos casos, posi\u00e7\u00e3o que foi seguida pela maioria do Conselho. \u00a0<\/p>\n<\/p><\/div>\n<p><br \/>\n<br \/><a href=\"https:\/\/agenciabrasil.ebc.com.br\/geral\/noticia\/2024-04\/deputados-se-recusam-relatar-caso-contra-brazao-no-conselho-de-etica\" rel=\"noopener\">Ag\u00eancia Brasil<\/a><\/p>\n","protected":false},"excerpt":{"rendered":"<p>Os deputados federais Ricardo Ayres (Republicanos-TO), Bruno Ganem (Podemos-SP) e Gabriel Mota (Republicanos-RR) informaram, nesta quarta-feira (17), que desistiram de relatar o processo no Conselho de \u00c9tica da C\u00e2mara dos Deputados contra o deputado Chiquinho Braz\u00e3o (Sem partido-RJ), preso e acusado de ser\u00a0mandante do assassinato da vereadora carioca Marielle Franco, em 2018. \u201c[A lista tr\u00edplice] [&hellip;]<\/p>\n","protected":false},"author":1,"featured_media":1757,"comment_status":"open","ping_status":"open","sticky":false,"template":"","format":"standard","meta":{"_jetpack_newsletter_access":"","_jetpack_dont_email_post_to_subs":false,"_jetpack_newsletter_tier_id":0,"_jetpack_memberships_contains_paywalled_content":false,"_mbp_banners":[],"_jetpack_feature_clip_id":0,"_jetpack_memberships_contains_paid_content":false,"footnotes":"","jetpack_publicize_message":"","jetpack_publicize_feature_enabled":true,"jetpack_social_post_already_shared":true,"jetpack_social_options":{"image_generator_settings":{"template":"highway","default_image_id":0,"font":"","enabled":false},"version":2},"jetpack_post_was_ever_published":false},"categories":[1],"tags":[],"class_list":["post-1756","post","type-post","status-publish","format-standard","has-post-thumbnail","category-geral"],"jetpack_publicize_connections":[],"jetpack-related-posts":[],"jetpack_shortlink":"https:\/\/wp.me\/p7Eq1F-sk","jetpack_sharing_enabled":true,"jetpack_featured_media_url":"https:\/\/i0.wp.com\/guialimeira.com.br\/news\/wp-content\/uploads\/2024\/04\/img20190827200821926.jpg?fit=1600%2C800&ssl=1","_links":{"self":[{"href":"https:\/\/guialimeira.com.br\/news\/wp-json\/wp\/v2\/posts\/1756","targetHints":{"allow":["GET"]}}],"collection":[{"href":"https:\/\/guialimeira.com.br\/news\/wp-json\/wp\/v2\/posts"}],"about":[{"href":"https:\/\/guialimeira.com.br\/news\/wp-json\/wp\/v2\/types\/post"}],"author":[{"embeddable":true,"href":"https:\/\/guialimeira.com.br\/news\/wp-json\/wp\/v2\/users\/1"}],"replies":[{"embeddable":true,"href":"https:\/\/guialimeira.com.br\/news\/wp-json\/wp\/v2\/comments?post=1756"}],"version-history":[{"count":0,"href":"https:\/\/guialimeira.com.br\/news\/wp-json\/wp\/v2\/posts\/1756\/revisions"}],"wp:featuredmedia":[{"embeddable":true,"href":"https:\/\/guialimeira.com.br\/news\/wp-json\/wp\/v2\/media\/1757"}],"wp:attachment":[{"href":"https:\/\/guialimeira.com.br\/news\/wp-json\/wp\/v2\/media?parent=1756"}],"wp:term":[{"taxonomy":"category","embeddable":true,"href":"https:\/\/guialimeira.com.br\/news\/wp-json\/wp\/v2\/categories?post=1756"},{"taxonomy":"post_tag","embeddable":true,"href":"https:\/\/guialimeira.com.br\/news\/wp-json\/wp\/v2\/tags?post=1756"}],"curies":[{"name":"wp","href":"https:\/\/api.w.org\/{rel}","templated":true}]}}