{"id":17526,"date":"2024-11-22T20:31:03","date_gmt":"2024-11-22T23:31:03","guid":{"rendered":"https:\/\/guialimeira.com.br\/2024\/11\/22\/governo-processa-17-planos-de-saude-por-cancelamentos-unilaterais\/"},"modified":"2024-11-22T20:31:03","modified_gmt":"2024-11-22T23:31:03","slug":"governo-processa-17-planos-de-saude-por-cancelamentos-unilaterais","status":"publish","type":"post","link":"https:\/\/guialimeira.com.br\/news\/governo-processa-17-planos-de-saude-por-cancelamentos-unilaterais\/","title":{"rendered":"Governo processa 17 planos de sa\u00fade por cancelamentos unilaterais"},"content":{"rendered":"<p> <br \/>\n<\/p>\n<div>\n<p>A Secretaria Nacional do Consumidor (Senacon) instaurou um processo administrativo sancionat\u00f3rio contra 17 operadoras de planos e quatro associa\u00e7\u00f5es de sa\u00fade por cancelamentos unilaterais de contratos e por pr\u00e1ticas consideradas abusivas. Segundo o \u00f3rg\u00e3o, ligado ao Minist\u00e9rio da Justi\u00e7a e Seguran\u00e7a P\u00fablica, as pr\u00e1ticas provocam graves consequ\u00eancias, como a interrup\u00e7\u00e3o de tratamentos essenciais e aumento da judicializa\u00e7\u00e3o no setor.<img data-recalc-dims=\"1\" decoding=\"async\" src=\"https:\/\/i0.wp.com\/agenciabrasil.ebc.com.br\/ebc.png?w=696&#038;ssl=1\" style=\"width:1px; height:1px; display:inline;\"\/><img data-recalc-dims=\"1\" decoding=\"async\" src=\"https:\/\/i0.wp.com\/agenciabrasil.ebc.com.br\/ebc.gif?w=696&#038;ssl=1\" style=\"width:1px; height:1px; display:inline;\"\/><\/p>\n<p>A decis\u00e3o ocorre ap\u00f3s a conclus\u00e3o de um estudo detalhado de monitoramento de mercado que identificou as irregularidades nas rescis\u00f5es. \u201cA pr\u00e1tica, que fere os princ\u00edpios do C\u00f3digo de Defesa do Consumidor e da regulamenta\u00e7\u00e3o do setor de sa\u00fade suplementar, afeta diretamente a vida de milhares de brasileiros, muitos deles em situa\u00e7\u00e3o de vulnerabilidade devido a problemas graves de sa\u00fade\u201d, diz a Senacon.<\/p>\n<p>Segundo o levantamento do Departamento de Prote\u00e7\u00e3o e Defesa do Consumidor (DPDC), as operadoras notificadas t\u00eam utilizado lacunas contratuais ou interpretado normas de forma prejudicial ao consumidor para justificar rescis\u00f5es. A an\u00e1lise feita pela Senacon aponta que os rompimentos unilaterais ocorrem sem justificativa plaus\u00edvel ou descumprem o princ\u00edpio da continuidade do atendimento.\u00a0<\/p>\n<p>Quando o processo sancionat\u00f3rio for instaurado, as empresas ser\u00e3o devidamente notificadas e ter\u00e3o prazo para apresentar defesa e corrigir eventuais irregularidades.<\/p>\n<p>Em julho deste ano, a <a href=\"https:\/\/agenciabrasil.ebc.com.br\/saude\/noticia\/2024-07\/senacon-notifica-planos-de-saude-apos-cancelamentos-unilaterais\" rel=\"noopener\">Senacon j\u00e1 havia notificado<\/a> as operadoras a prestarem esclarecimentos sobre cancelamentos unilaterais de contratos, devido ao aumento expressivo de reclama\u00e7\u00f5es registradas nos sistemas consumidor.gov.br e ProConsumidor. Na \u00e9poca, algumas operadoras afirmaram que os cancelamentos ocorreram em contratos coletivos e empresariais e n\u00e3o foram direcionados a pessoas vulner\u00e1veis.\u00a0<\/p>\n<p>Os consumidores podem registrar den\u00fancias junto aos \u00f3rg\u00e3os de defesa, como a plataforma <a href=\"http:\/\/consumidor.gov.br\" rel=\"noopener\">consumidor.gov.br<\/a> e os Institutos de Defesa do Consumidor (Procons) estaduais.<\/p>\n<p>      <!-- Relacionada --><\/p>\n<p>            <!-- Relacionada -->\n    <\/div>\n<p><br \/>\n<br \/><a href=\"https:\/\/agenciabrasil.ebc.com.br\/saude\/noticia\/2024-11\/governo-processa-17-planos-de-saude-por-cancelamentos-unilaterais\" rel=\"noopener\">Ag\u00eancia Brasil <\/a><\/p>\n","protected":false},"excerpt":{"rendered":"<p>A Secretaria Nacional do Consumidor (Senacon) instaurou um processo administrativo sancionat\u00f3rio contra 17 operadoras de planos e quatro associa\u00e7\u00f5es de sa\u00fade por cancelamentos unilaterais de contratos e por pr\u00e1ticas consideradas abusivas. Segundo o \u00f3rg\u00e3o, ligado ao Minist\u00e9rio da Justi\u00e7a e Seguran\u00e7a P\u00fablica, as pr\u00e1ticas provocam graves consequ\u00eancias, como a interrup\u00e7\u00e3o de tratamentos essenciais e aumento [&hellip;]<\/p>\n","protected":false},"author":1,"featured_media":8261,"comment_status":"open","ping_status":"open","sticky":false,"template":"","format":"standard","meta":{"_jetpack_newsletter_access":"","_jetpack_dont_email_post_to_subs":false,"_jetpack_newsletter_tier_id":0,"_jetpack_memberships_contains_paywalled_content":false,"_mbp_banners":[],"_jetpack_feature_clip_id":0,"_jetpack_memberships_contains_paid_content":false,"footnotes":"","jetpack_publicize_message":"","jetpack_publicize_feature_enabled":true,"jetpack_social_post_already_shared":true,"jetpack_social_options":{"image_generator_settings":{"template":"highway","default_image_id":0,"font":"","enabled":false},"version":2},"jetpack_post_was_ever_published":false},"categories":[15],"tags":[],"class_list":["post-17526","post","type-post","status-publish","format-standard","has-post-thumbnail","category-saude"],"jetpack_publicize_connections":[],"jetpack-related-posts":[],"jetpack_shortlink":"https:\/\/wp.me\/p7Eq1F-4yG","jetpack_sharing_enabled":true,"jetpack_featured_media_url":"https:\/\/i0.wp.com\/guialimeira.com.br\/news\/wp-content\/uploads\/2024\/06\/plano_de_saude_1703221440.jpg?fit=1600%2C800&ssl=1","_links":{"self":[{"href":"https:\/\/guialimeira.com.br\/news\/wp-json\/wp\/v2\/posts\/17526","targetHints":{"allow":["GET"]}}],"collection":[{"href":"https:\/\/guialimeira.com.br\/news\/wp-json\/wp\/v2\/posts"}],"about":[{"href":"https:\/\/guialimeira.com.br\/news\/wp-json\/wp\/v2\/types\/post"}],"author":[{"embeddable":true,"href":"https:\/\/guialimeira.com.br\/news\/wp-json\/wp\/v2\/users\/1"}],"replies":[{"embeddable":true,"href":"https:\/\/guialimeira.com.br\/news\/wp-json\/wp\/v2\/comments?post=17526"}],"version-history":[{"count":0,"href":"https:\/\/guialimeira.com.br\/news\/wp-json\/wp\/v2\/posts\/17526\/revisions"}],"wp:featuredmedia":[{"embeddable":true,"href":"https:\/\/guialimeira.com.br\/news\/wp-json\/wp\/v2\/media\/8261"}],"wp:attachment":[{"href":"https:\/\/guialimeira.com.br\/news\/wp-json\/wp\/v2\/media?parent=17526"}],"wp:term":[{"taxonomy":"category","embeddable":true,"href":"https:\/\/guialimeira.com.br\/news\/wp-json\/wp\/v2\/categories?post=17526"},{"taxonomy":"post_tag","embeddable":true,"href":"https:\/\/guialimeira.com.br\/news\/wp-json\/wp\/v2\/tags?post=17526"}],"curies":[{"name":"wp","href":"https:\/\/api.w.org\/{rel}","templated":true}]}}