{"id":17506,"date":"2024-11-22T17:27:50","date_gmt":"2024-11-22T20:27:50","guid":{"rendered":"https:\/\/guialimeira.com.br\/2024\/11\/22\/oms-decide-que-mpox-ainda-figura-como-emergencia-global\/"},"modified":"2024-11-22T17:27:50","modified_gmt":"2024-11-22T20:27:50","slug":"oms-decide-que-mpox-ainda-figura-como-emergencia-global","status":"publish","type":"post","link":"https:\/\/guialimeira.com.br\/news\/oms-decide-que-mpox-ainda-figura-como-emergencia-global\/","title":{"rendered":"OMS decide que mpox ainda figura como emerg\u00eancia global"},"content":{"rendered":"<p> <br \/>\n<\/p>\n<div>\n<p>O diretor-geral da Organiza\u00e7\u00e3o Mundial da Sa\u00fade (OMS), Tedros Adhanom Ghebreyesus, anunciou nesta sexta-feira (22) que a mpox segue figurando como emerg\u00eancia em sa\u00fade p\u00fablica de import\u00e2ncia internacional. Em seu perfil na rede social X, ele destacou que a decis\u00e3o foi tomada ap\u00f3s reuni\u00e3o do comit\u00ea de emerg\u00eancia convocada para esta sexta-feira (22).<img data-recalc-dims=\"1\" decoding=\"async\" src=\"https:\/\/i0.wp.com\/agenciabrasil.ebc.com.br\/ebc.png?w=696&#038;ssl=1\" style=\"width:1px; height:1px; display:inline;\"\/><img data-recalc-dims=\"1\" decoding=\"async\" src=\"https:\/\/i0.wp.com\/agenciabrasil.ebc.com.br\/ebc.gif?w=696&#038;ssl=1\" style=\"width:1px; height:1px; display:inline;\"\/><\/p>\n<p>\u201cMinha decis\u00e3o baseia-se no n\u00famero crescente e na cont\u00ednua dispers\u00e3o geogr\u00e1fica dos casos, nos desafios operacionais e na necessidade de montar e sustentar uma resposta coesa entre pa\u00edses e parceiros\u201d, escreveu.<\/p>\n<p>\u201cApelo aos pa\u00edses afetados para que intensifiquem suas respostas e para que a solidariedade da comunidade internacional nos ajude a acabar com os surtos\u201d, concluiu Tedros.<\/p>\n<h2>Entenda<\/h2>\n<p>Em agosto, a OMS decretou que o cen\u00e1rio de mpox no continente africano constitu\u00eda emerg\u00eancia em sa\u00fade p\u00fablica de import\u00e2ncia internacional em raz\u00e3o do risco de dissemina\u00e7\u00e3o global e de uma potencial nova pandemia. Este \u00e9 o mais alto n\u00edvel de alerta da entidade.<\/p>\n<p>Em coletiva de imprensa em Genebra \u00e0 \u00e9poca, o diretor-geral da OMS, Tedros Adhanom Ghebreyesus, destacou que surtos de mpox v\u00eam sendo reportados na Rep\u00fablica Democr\u00e1tica do Congo h\u00e1 mais de uma d\u00e9cada e que as infec\u00e7\u00f5es t\u00eam aumentado ao longo dos \u00faltimos anos.<\/p>\n<p>Em julho de 2022, a entidade havia decretado <em>status<\/em> de emerg\u00eancia global para a mpox em raz\u00e3o do surto da doen\u00e7a em diversos pa\u00edses.<\/p>\n<h2>A doen\u00e7a<\/h2>\n<p>A mpox \u00e9 uma doen\u00e7a zoon\u00f3tica viral. A transmiss\u00e3o para humanos pode ocorrer por meio do contato com animais silvestres infectados, pessoas infectadas pelo v\u00edrus e materiais contaminados. Os sintomas, em geral, incluem erup\u00e7\u00f5es cut\u00e2neas ou les\u00f5es de pele, linfonodos inchados (\u00ednguas), febre, dores no corpo, dor de cabe\u00e7a, calafrio e fraqueza.<\/p>\n<p>As les\u00f5es podem ser planas ou levemente elevadas, preenchidas com l\u00edquido claro ou amarelado, podendo formar crostas que secam e caem. O n\u00famero de les\u00f5es pode variar de algumas a milhares. As erup\u00e7\u00f5es tendem a se concentrar no rosto, na palma das m\u00e3os e na planta dos p\u00e9s, mas podem ocorrer em qualquer parte do corpo, inclusive na boca, nos olhos, nos \u00f3rg\u00e3os genitais e no \u00e2nus.<\/p>\n<p>      <!-- Relacionada --><\/p>\n<p>            <!-- Relacionada -->\n    <\/div>\n<p><br \/>\n<br \/><a href=\"https:\/\/agenciabrasil.ebc.com.br\/saude\/noticia\/2024-11\/oms-decide-que-mpox-ainda-figura-como-emergencia-global\" rel=\"noopener\">Ag\u00eancia Brasil <\/a><\/p>\n","protected":false},"excerpt":{"rendered":"<p>O diretor-geral da Organiza\u00e7\u00e3o Mundial da Sa\u00fade (OMS), Tedros Adhanom Ghebreyesus, anunciou nesta sexta-feira (22) que a mpox segue figurando como emerg\u00eancia em sa\u00fade p\u00fablica de import\u00e2ncia internacional. Em seu perfil na rede social X, ele destacou que a decis\u00e3o foi tomada ap\u00f3s reuni\u00e3o do comit\u00ea de emerg\u00eancia convocada para esta sexta-feira (22). \u201cMinha decis\u00e3o [&hellip;]<\/p>\n","protected":false},"author":1,"featured_media":11868,"comment_status":"open","ping_status":"open","sticky":false,"template":"","format":"standard","meta":{"_jetpack_newsletter_access":"","_jetpack_dont_email_post_to_subs":false,"_jetpack_newsletter_tier_id":0,"_jetpack_memberships_contains_paywalled_content":false,"_mbp_banners":[],"_jetpack_feature_clip_id":0,"_jetpack_memberships_contains_paid_content":false,"footnotes":"","jetpack_publicize_message":"","jetpack_publicize_feature_enabled":true,"jetpack_social_post_already_shared":true,"jetpack_social_options":{"image_generator_settings":{"template":"highway","default_image_id":0,"font":"","enabled":false},"version":2},"jetpack_post_was_ever_published":false},"categories":[15],"tags":[],"class_list":["post-17506","post","type-post","status-publish","format-standard","has-post-thumbnail","category-saude"],"jetpack_publicize_connections":[],"jetpack-related-posts":[],"jetpack_shortlink":"https:\/\/wp.me\/p7Eq1F-4ym","jetpack_sharing_enabled":true,"jetpack_featured_media_url":"https:\/\/i0.wp.com\/guialimeira.com.br\/news\/wp-content\/uploads\/2024\/08\/2022-01-06t154554z_1_lynxmpei050m7_rtroptp_4_health-coronavirus-who.jpg?fit=1600%2C800&ssl=1","_links":{"self":[{"href":"https:\/\/guialimeira.com.br\/news\/wp-json\/wp\/v2\/posts\/17506","targetHints":{"allow":["GET"]}}],"collection":[{"href":"https:\/\/guialimeira.com.br\/news\/wp-json\/wp\/v2\/posts"}],"about":[{"href":"https:\/\/guialimeira.com.br\/news\/wp-json\/wp\/v2\/types\/post"}],"author":[{"embeddable":true,"href":"https:\/\/guialimeira.com.br\/news\/wp-json\/wp\/v2\/users\/1"}],"replies":[{"embeddable":true,"href":"https:\/\/guialimeira.com.br\/news\/wp-json\/wp\/v2\/comments?post=17506"}],"version-history":[{"count":0,"href":"https:\/\/guialimeira.com.br\/news\/wp-json\/wp\/v2\/posts\/17506\/revisions"}],"wp:featuredmedia":[{"embeddable":true,"href":"https:\/\/guialimeira.com.br\/news\/wp-json\/wp\/v2\/media\/11868"}],"wp:attachment":[{"href":"https:\/\/guialimeira.com.br\/news\/wp-json\/wp\/v2\/media?parent=17506"}],"wp:term":[{"taxonomy":"category","embeddable":true,"href":"https:\/\/guialimeira.com.br\/news\/wp-json\/wp\/v2\/categories?post=17506"},{"taxonomy":"post_tag","embeddable":true,"href":"https:\/\/guialimeira.com.br\/news\/wp-json\/wp\/v2\/tags?post=17506"}],"curies":[{"name":"wp","href":"https:\/\/api.w.org\/{rel}","templated":true}]}}