{"id":1749,"date":"2024-04-17T14:10:50","date_gmt":"2024-04-17T17:10:50","guid":{"rendered":"https:\/\/guialimeira.com.br\/2024\/04\/17\/relator-acata-sugestoes-da-oposicao-para-cotas-raciais-em-concurso\/"},"modified":"2024-04-17T14:10:50","modified_gmt":"2024-04-17T17:10:50","slug":"relator-acata-sugestoes-da-oposicao-para-cotas-raciais-em-concurso","status":"publish","type":"post","link":"https:\/\/guialimeira.com.br\/news\/relator-acata-sugestoes-da-oposicao-para-cotas-raciais-em-concurso\/","title":{"rendered":"Relator acata sugest\u00f5es da oposi\u00e7\u00e3o para cotas raciais em concurso"},"content":{"rendered":"<p> <br \/>\n<\/p>\n<div>\n<p>Na tentativa de fazer avan\u00e7ar no Senado a proposta que prorroga a cota racial para concurso p\u00fablico, o relator do projeto de lei (PL), senador Humberto Costa (PT-PE), acatou, total ou parcialmente, sete emendas apresentadas por senadores, a maioria da oposi\u00e7\u00e3o.\u00a0O novo relat\u00f3rio foi apresentado nesta quarta-feira (17) na\u00a0Comiss\u00e3o de Constitui\u00e7\u00e3o e Justi\u00e7a (CCJ).<img data-recalc-dims=\"1\" decoding=\"async\" src=\"https:\/\/i0.wp.com\/agenciabrasil.ebc.com.br\/ebc.png?w=696&#038;ssl=1\" style=\"width:1px; height:1px; display:inline;\"\/><img data-recalc-dims=\"1\" decoding=\"async\" src=\"https:\/\/i0.wp.com\/agenciabrasil.ebc.com.br\/ebc.gif?w=696&#038;ssl=1\" style=\"width:1px; height:1px; display:inline;\"\/><\/p>\n<p>Entre os pedidos acatados, est\u00e1 a redu\u00e7\u00e3o de 25 para dez\u00a0anos de prazo de vig\u00eancia da nova lei e a exclus\u00e3o de cotas espec\u00edficas para ind\u00edgenas nos concursos para o Minist\u00e9rio dos Povos Ind\u00edgenas e a Funda\u00e7\u00e3o Nacional dos Povos Ind\u00edgenas\u00a0(Funai).<\/p>\n<p>Costa ainda acatou o pedido para excluir o artigo que previa metas de representatividade \u00e9tnico-racial nos quadros do servi\u00e7o p\u00fablico, a exemplo da ocupa\u00e7\u00e3o dos cargos de chefia, que deveria respeitar a propor\u00e7\u00e3o populacional dos grupos raciais calculados pelo\u00a0Instituto Brasileiro de Geografia e Estat\u00edstica (IBGE.)\u00a0<\/p>\n<p>Outras emendas acatadas pelo relator criaram novas regras para verifica\u00e7\u00e3o da ra\u00e7a do participante do concurso, como a exig\u00eancia de normas padronizadas nacionalmente, e tamb\u00e9m mais diretrizes\u00a0para o combate \u00e0s fraudes.<\/p>\n<p>Com o novo relat\u00f3rio apresentado, foi concedido novo pedido de vista para os senadores analisarem as mudan\u00e7as. A vota\u00e7\u00e3o do projeto, com isso, foi adiada para pr\u00f3xima quarta-feira (24).\u00a0O PL tramita em car\u00e1ter terminativo na CCJ. Ou seja, caso aprovado, deve seguir direto para C\u00e2mara dos Deputados.<\/p>\n<p>\u201cEntendo que as modifica\u00e7\u00f5es todas que n\u00f3s fizemos foram no sentido de acatar emendas. A maioria esmagadora produzida pela pr\u00f3pria oposi\u00e7\u00e3o\u201d, disse Costa.\u00a0As mudan\u00e7as atendidas pelo relator foram solicitadas por senadores como Alessandro Vieira (MDB-SE), Fl\u00e1vio Bolsonaro (PL-RJ), Carlos Viana (Podemos-MG), Magno Malta (PL-ES) e Rog\u00e9rio Marinho (PL-RN).<\/p>\n<p>Em rela\u00e7\u00e3o \u00e0 lei atual, o PL amplia de 20% para 30% as vagas destinadas \u00e0s cotas raciais, incluindo ainda ind\u00edgenas e quilombolas. Atualmente, as cotas raciais em concursos p\u00fablicos, ou processos seletivos, s\u00e3o destinadas apenas \u00e0\u00a0popula\u00e7\u00e3o negra. A legisla\u00e7\u00e3o em vigor, aprovada em 2014, perde seus efeitos em junho deste ano.<\/p>\n<p>Devido ao prazo para o vencimento das regras atuais de cotas raciais para concursos p\u00fablicos, o relator Humberto Costa apelou para que o projeto fosse votado ainda nesta quarta-feira.<\/p>\n<p>\u201cTemos um concurso em andamento e, se essas regras n\u00e3o estiverem expl\u00edcitas e claras, podemos ter grandes problemas com judicializa\u00e7\u00f5es, principalmente no processo de posse dessas pessoas, porque os concursos devem acontecer na vig\u00eancia da atual lei, e o processo de tomada de posse e incorpora\u00e7\u00e3o ao servi\u00e7o p\u00fablico vai acontecer <em>a posteriori<\/em>\u201d, destacou Costa.<\/p>\n<p>L\u00edder da oposi\u00e7\u00e3o, Rog\u00e9rio Marinho destacou que a mat\u00e9ria \u00e9 bastante controversa e que \u00e9 preciso debater mais a quest\u00e3o das cotas raciais. \u201c\u00c9 humanamente imposs\u00edvel nos debru\u00e7armos sobre esse projeto, e deliberarmos, sem termos a possibilidade de verificarmos que tipo de modifica\u00e7\u00f5es ocorreram para, eventualmente, fazermos novos acr\u00e9scimos\u201d, afirmou.<\/p>\n<\/p><\/div>\n<p><br \/>\n<br \/><a href=\"https:\/\/agenciabrasil.ebc.com.br\/politica\/noticia\/2024-04\/relator-acata-sugestoes-da-oposicao-para-cotas-raciais-em-concurso\" rel=\"noopener\">Ag\u00eancia Brasil<\/a><\/p>\n","protected":false},"excerpt":{"rendered":"<p>Na tentativa de fazer avan\u00e7ar no Senado a proposta que prorroga a cota racial para concurso p\u00fablico, o relator do projeto de lei (PL), senador Humberto Costa (PT-PE), acatou, total ou parcialmente, sete emendas apresentadas por senadores, a maioria da oposi\u00e7\u00e3o.\u00a0O novo relat\u00f3rio foi apresentado nesta quarta-feira (17) na\u00a0Comiss\u00e3o de Constitui\u00e7\u00e3o e Justi\u00e7a (CCJ). Entre [&hellip;]<\/p>\n","protected":false},"author":1,"featured_media":1750,"comment_status":"open","ping_status":"open","sticky":false,"template":"","format":"standard","meta":{"_jetpack_newsletter_access":"","_jetpack_dont_email_post_to_subs":false,"_jetpack_newsletter_tier_id":0,"_jetpack_memberships_contains_paywalled_content":false,"_mbp_banners":[],"_jetpack_feature_clip_id":0,"_jetpack_memberships_contains_paid_content":false,"footnotes":"","jetpack_publicize_message":"","jetpack_publicize_feature_enabled":true,"jetpack_social_post_already_shared":true,"jetpack_social_options":{"image_generator_settings":{"template":"highway","default_image_id":0,"font":"","enabled":false},"version":2},"jetpack_post_was_ever_published":false},"categories":[22],"tags":[],"class_list":["post-1749","post","type-post","status-publish","format-standard","has-post-thumbnail","category-nacional"],"jetpack_publicize_connections":[],"jetpack-related-posts":[],"jetpack_shortlink":"https:\/\/wp.me\/p7Eq1F-sd","jetpack_sharing_enabled":true,"jetpack_featured_media_url":"https:\/\/i0.wp.com\/guialimeira.com.br\/news\/wp-content\/uploads\/2024\/04\/lula9589-5.jpg?fit=1600%2C800&ssl=1","_links":{"self":[{"href":"https:\/\/guialimeira.com.br\/news\/wp-json\/wp\/v2\/posts\/1749","targetHints":{"allow":["GET"]}}],"collection":[{"href":"https:\/\/guialimeira.com.br\/news\/wp-json\/wp\/v2\/posts"}],"about":[{"href":"https:\/\/guialimeira.com.br\/news\/wp-json\/wp\/v2\/types\/post"}],"author":[{"embeddable":true,"href":"https:\/\/guialimeira.com.br\/news\/wp-json\/wp\/v2\/users\/1"}],"replies":[{"embeddable":true,"href":"https:\/\/guialimeira.com.br\/news\/wp-json\/wp\/v2\/comments?post=1749"}],"version-history":[{"count":0,"href":"https:\/\/guialimeira.com.br\/news\/wp-json\/wp\/v2\/posts\/1749\/revisions"}],"wp:featuredmedia":[{"embeddable":true,"href":"https:\/\/guialimeira.com.br\/news\/wp-json\/wp\/v2\/media\/1750"}],"wp:attachment":[{"href":"https:\/\/guialimeira.com.br\/news\/wp-json\/wp\/v2\/media?parent=1749"}],"wp:term":[{"taxonomy":"category","embeddable":true,"href":"https:\/\/guialimeira.com.br\/news\/wp-json\/wp\/v2\/categories?post=1749"},{"taxonomy":"post_tag","embeddable":true,"href":"https:\/\/guialimeira.com.br\/news\/wp-json\/wp\/v2\/tags?post=1749"}],"curies":[{"name":"wp","href":"https:\/\/api.w.org\/{rel}","templated":true}]}}