{"id":1737,"date":"2024-04-17T12:03:42","date_gmt":"2024-04-17T15:03:42","guid":{"rendered":"https:\/\/guialimeira.com.br\/2024\/04\/17\/crianca-de-sete-anos-e-atingida-por-tiro-na-cabeca-em-paraisopolis\/"},"modified":"2024-04-17T12:03:42","modified_gmt":"2024-04-17T15:03:42","slug":"crianca-de-sete-anos-e-atingida-por-tiro-na-cabeca-em-paraisopolis","status":"publish","type":"post","link":"https:\/\/guialimeira.com.br\/news\/crianca-de-sete-anos-e-atingida-por-tiro-na-cabeca-em-paraisopolis\/","title":{"rendered":"Crian\u00e7a de sete anos \u00e9 atingida por tiro na cabe\u00e7a em Parais\u00f3polis"},"content":{"rendered":"<p> <br \/>\n<\/p>\n<div>\n<p>Um menino de sete anos, que ia a p\u00e9 para a escola, foi baleado no rosto na comunidade do Parais\u00f3polis, zona sul da cidade de S\u00e3o Paulo. Ele foi encaminhado para a AMA (Assist\u00eancia M\u00e9dica Ambulatorial) Parais\u00f3polis, onde foi socorrido \u00e0s 7h50 e, por volta de 9h, foi transferido para o Hospital do Campo Limpo, onde est\u00e1 consciente e sob cuidados m\u00e9dicos.<img data-recalc-dims=\"1\" decoding=\"async\" src=\"https:\/\/i0.wp.com\/agenciabrasil.ebc.com.br\/ebc.png?w=696&#038;ssl=1\" style=\"width:1px; height:1px; display:inline;\"\/><img data-recalc-dims=\"1\" decoding=\"async\" src=\"https:\/\/i0.wp.com\/agenciabrasil.ebc.com.br\/ebc.gif?w=696&#038;ssl=1\" style=\"width:1px; height:1px; display:inline;\"\/><\/p>\n<p>Segundo informa\u00e7\u00f5es da Secretaria de Seguran\u00e7a P\u00fablica de S\u00e3o Paulo (SSP), policiais militares faziam patrulhamento quando foram recebidos a tiros por criminosos na Viela Passarinho.<\/p>\n<p>\u201cOs policiais intervieram e os suspeitos fugiram. Ap\u00f3s a a\u00e7\u00e3o, foi constatado que uma crian\u00e7a estava com um ferimento na cabe\u00e7a. Todas as circunst\u00e2ncias dos fatos est\u00e3o sendo apuradas para investigar a origem do ferimento da crian\u00e7a\u201d, diz nota da SSP.<\/p>\n<\/p><\/div>\n<p><br \/>\n<br \/><a href=\"https:\/\/agenciabrasil.ebc.com.br\/geral\/noticia\/2024-04\/crianca-de-sete-anos-e-atingida-por-tiro-na-cabeca-em-paraisopolis\" rel=\"noopener\">Ag\u00eancia Brasil<\/a><\/p>\n","protected":false},"excerpt":{"rendered":"<p>Um menino de sete anos, que ia a p\u00e9 para a escola, foi baleado no rosto na comunidade do Parais\u00f3polis, zona sul da cidade de S\u00e3o Paulo. Ele foi encaminhado para a AMA (Assist\u00eancia M\u00e9dica Ambulatorial) Parais\u00f3polis, onde foi socorrido \u00e0s 7h50 e, por volta de 9h, foi transferido para o Hospital do Campo Limpo, [&hellip;]<\/p>\n","protected":false},"author":1,"featured_media":269,"comment_status":"open","ping_status":"open","sticky":false,"template":"","format":"standard","meta":{"_jetpack_newsletter_access":"","_jetpack_dont_email_post_to_subs":false,"_jetpack_newsletter_tier_id":0,"_jetpack_memberships_contains_paywalled_content":false,"_mbp_banners":[],"_jetpack_feature_clip_id":0,"_jetpack_memberships_contains_paid_content":false,"footnotes":"","jetpack_publicize_message":"","jetpack_publicize_feature_enabled":true,"jetpack_social_post_already_shared":true,"jetpack_social_options":{"image_generator_settings":{"template":"highway","default_image_id":0,"font":"","enabled":false},"version":2},"jetpack_post_was_ever_published":false},"categories":[1],"tags":[],"class_list":["post-1737","post","type-post","status-publish","format-standard","has-post-thumbnail","category-geral"],"jetpack_publicize_connections":[],"jetpack-related-posts":[],"jetpack_shortlink":"https:\/\/wp.me\/p7Eq1F-s1","jetpack_sharing_enabled":true,"jetpack_featured_media_url":"https:\/\/i0.wp.com\/guialimeira.com.br\/news\/wp-content\/uploads\/2024\/03\/thumb_1200x600_agbrasil.png?fit=1200%2C600&ssl=1","_links":{"self":[{"href":"https:\/\/guialimeira.com.br\/news\/wp-json\/wp\/v2\/posts\/1737","targetHints":{"allow":["GET"]}}],"collection":[{"href":"https:\/\/guialimeira.com.br\/news\/wp-json\/wp\/v2\/posts"}],"about":[{"href":"https:\/\/guialimeira.com.br\/news\/wp-json\/wp\/v2\/types\/post"}],"author":[{"embeddable":true,"href":"https:\/\/guialimeira.com.br\/news\/wp-json\/wp\/v2\/users\/1"}],"replies":[{"embeddable":true,"href":"https:\/\/guialimeira.com.br\/news\/wp-json\/wp\/v2\/comments?post=1737"}],"version-history":[{"count":0,"href":"https:\/\/guialimeira.com.br\/news\/wp-json\/wp\/v2\/posts\/1737\/revisions"}],"wp:featuredmedia":[{"embeddable":true,"href":"https:\/\/guialimeira.com.br\/news\/wp-json\/wp\/v2\/media\/269"}],"wp:attachment":[{"href":"https:\/\/guialimeira.com.br\/news\/wp-json\/wp\/v2\/media?parent=1737"}],"wp:term":[{"taxonomy":"category","embeddable":true,"href":"https:\/\/guialimeira.com.br\/news\/wp-json\/wp\/v2\/categories?post=1737"},{"taxonomy":"post_tag","embeddable":true,"href":"https:\/\/guialimeira.com.br\/news\/wp-json\/wp\/v2\/tags?post=1737"}],"curies":[{"name":"wp","href":"https:\/\/api.w.org\/{rel}","templated":true}]}}