{"id":17293,"date":"2024-11-19T13:13:55","date_gmt":"2024-11-19T16:13:55","guid":{"rendered":"https:\/\/guialimeira.com.br\/2024\/11\/19\/brasil-sai-fortalecido-no-ambiente-internacional-diz-ministro\/"},"modified":"2024-11-19T13:13:55","modified_gmt":"2024-11-19T16:13:55","slug":"brasil-sai-fortalecido-no-ambiente-internacional-diz-ministro","status":"publish","type":"post","link":"https:\/\/guialimeira.com.br\/news\/brasil-sai-fortalecido-no-ambiente-internacional-diz-ministro\/","title":{"rendered":"Brasil sai fortalecido no ambiente internacional, diz ministro"},"content":{"rendered":"<p> <br \/>\n<\/p>\n<div>\n<p>O ministro da Secretaria de Comunica\u00e7\u00e3o Social, Paulo Pimenta, disse nesta ter\u00e7a-feira (19) que a <a href=\"https:\/\/agenciabrasil.ebc.com.br\/politica\/noticia\/2024-11\/declaracao-do-g20-recebera-caderno-anexo-com-propostas-do-g20-social\" rel=\"noopener\">declara\u00e7\u00e3o dos l\u00edderes do G20<\/a> contempla todas as quest\u00f5es relevantes para o Brasil. Segundo ele, o pa\u00eds saiu internacionalmente fortalecido .<img data-recalc-dims=\"1\" decoding=\"async\" src=\"https:\/\/i0.wp.com\/agenciabrasil.ebc.com.br\/ebc.png?w=696&#038;ssl=1\" style=\"width:1px; height:1px; display:inline;\"\/><img data-recalc-dims=\"1\" decoding=\"async\" src=\"https:\/\/i0.wp.com\/agenciabrasil.ebc.com.br\/ebc.gif?w=696&#038;ssl=1\" style=\"width:1px; height:1px; display:inline;\"\/><\/p>\n<p>&#8220;O documento aprovado contempla todas as principais quest\u00f5es que eram relevantes para o Brasil: a taxa\u00e7\u00e3o dos super-ricos, o tema da nova governan\u00e7a e as quest\u00f5es das mudan\u00e7as clim\u00e1ticas&#8221;, disse o ministro.<\/p>\n<p>Pimenta destacou que, finalizada a presid\u00eancia brasileira do G20, o Brasil ainda ter\u00e1 pela frente a presid\u00eancia do Brics e a realiza\u00e7\u00e3o da COP-30, em Bel\u00e9m, no ano que vem.<\/p>\n<p>&#8220;O sucesso do G20 fortalece esse protagonismo, esse papel de import\u00e2ncia do Brasil, especialmente da lideran\u00e7a do presidente Lula no cen\u00e1rio internacional.&#8221;<\/p>\n<h2>Informa\u00e7\u00e3o<\/h2>\n<p>O ministro assinou, na manh\u00e3 desta ter\u00e7a-feira, com a ministra da Secretaria de Governo do Chile, Camila Vallejo, um memorando de entendimento para desenvolver a\u00e7\u00f5es conjuntas de promo\u00e7\u00e3o da integridade da informa\u00e7\u00e3o nos dois pa\u00edses.<\/p>\n<p>A ideia \u00e9 criar pol\u00edticas p\u00fablicas e regula\u00e7\u00e3o para evitar a dissemina\u00e7\u00e3o de not\u00edcias falsas e, assim, defender a democracia.<\/p>\n<p>Ainda nesta ter\u00e7a-feira, o Brasil lan\u00e7ar\u00e1 uma iniciativa global para integridade da informa\u00e7\u00e3o sobre mudan\u00e7as clim\u00e1ticas em parceria com a Organiza\u00e7\u00e3o das Na\u00e7\u00f5es Unidas (ONU) e com\u00a0 Organiza\u00e7\u00e3o das Na\u00e7\u00f5es Unidas para a Educa\u00e7\u00e3o, Ci\u00eancia e Cultura (Unesco).<\/p>\n<p>&#8220;Vivemos recentemente no Rio Grande do Sul, na Espanha e outros locais [que sofreram com eventos clim\u00e1ticos extremos] uma onda de desinforma\u00e7\u00e3o que se multiplica e cresce em momentos de crise&#8221;, disse Pimenta.<\/p>\n<p>      <!-- Relacionada --><\/p>\n<p>            <!-- Relacionada -->\n    <\/div>\n<p><br \/>\n<br \/><a href=\"https:\/\/agenciabrasil.ebc.com.br\/internacional\/noticia\/2024-11\/brasil-sai-fortalecido-no-ambiente-internacional-diz-ministro\" rel=\"noopener\">Ag\u00eancia Brasil <\/a><\/p>\n","protected":false},"excerpt":{"rendered":"<p>O ministro da Secretaria de Comunica\u00e7\u00e3o Social, Paulo Pimenta, disse nesta ter\u00e7a-feira (19) que a declara\u00e7\u00e3o dos l\u00edderes do G20 contempla todas as quest\u00f5es relevantes para o Brasil. Segundo ele, o pa\u00eds saiu internacionalmente fortalecido . &#8220;O documento aprovado contempla todas as principais quest\u00f5es que eram relevantes para o Brasil: a taxa\u00e7\u00e3o dos super-ricos, o [&hellip;]<\/p>\n","protected":false},"author":1,"featured_media":17294,"comment_status":"open","ping_status":"open","sticky":false,"template":"","format":"standard","meta":{"_jetpack_newsletter_access":"","_jetpack_dont_email_post_to_subs":false,"_jetpack_newsletter_tier_id":0,"_jetpack_memberships_contains_paywalled_content":false,"_mbp_banners":[],"_jetpack_feature_clip_id":0,"_jetpack_memberships_contains_paid_content":false,"footnotes":"","jetpack_publicize_message":"","jetpack_publicize_feature_enabled":true,"jetpack_social_post_already_shared":true,"jetpack_social_options":{"image_generator_settings":{"template":"highway","default_image_id":0,"font":"","enabled":false},"version":2},"jetpack_post_was_ever_published":false},"categories":[25],"tags":[],"class_list":["post-17293","post","type-post","status-publish","format-standard","has-post-thumbnail","category-internacional"],"jetpack_publicize_connections":[],"jetpack-related-posts":[],"jetpack_shortlink":"https:\/\/wp.me\/p7Eq1F-4uV","jetpack_sharing_enabled":true,"jetpack_featured_media_url":"https:\/\/i0.wp.com\/guialimeira.com.br\/news\/wp-content\/uploads\/2024\/11\/toms0379.jpg?fit=1600%2C800&ssl=1","_links":{"self":[{"href":"https:\/\/guialimeira.com.br\/news\/wp-json\/wp\/v2\/posts\/17293","targetHints":{"allow":["GET"]}}],"collection":[{"href":"https:\/\/guialimeira.com.br\/news\/wp-json\/wp\/v2\/posts"}],"about":[{"href":"https:\/\/guialimeira.com.br\/news\/wp-json\/wp\/v2\/types\/post"}],"author":[{"embeddable":true,"href":"https:\/\/guialimeira.com.br\/news\/wp-json\/wp\/v2\/users\/1"}],"replies":[{"embeddable":true,"href":"https:\/\/guialimeira.com.br\/news\/wp-json\/wp\/v2\/comments?post=17293"}],"version-history":[{"count":0,"href":"https:\/\/guialimeira.com.br\/news\/wp-json\/wp\/v2\/posts\/17293\/revisions"}],"wp:featuredmedia":[{"embeddable":true,"href":"https:\/\/guialimeira.com.br\/news\/wp-json\/wp\/v2\/media\/17294"}],"wp:attachment":[{"href":"https:\/\/guialimeira.com.br\/news\/wp-json\/wp\/v2\/media?parent=17293"}],"wp:term":[{"taxonomy":"category","embeddable":true,"href":"https:\/\/guialimeira.com.br\/news\/wp-json\/wp\/v2\/categories?post=17293"},{"taxonomy":"post_tag","embeddable":true,"href":"https:\/\/guialimeira.com.br\/news\/wp-json\/wp\/v2\/tags?post=17293"}],"curies":[{"name":"wp","href":"https:\/\/api.w.org\/{rel}","templated":true}]}}