{"id":1728,"date":"2024-04-17T09:05:49","date_gmt":"2024-04-17T12:05:49","guid":{"rendered":"https:\/\/guialimeira.com.br\/2024\/04\/17\/mst-faz-ato-ecumenico-em-local-de-massacre-que-completa-28-anos\/"},"modified":"2024-04-17T09:05:49","modified_gmt":"2024-04-17T12:05:49","slug":"mst-faz-ato-ecumenico-em-local-de-massacre-que-completa-28-anos","status":"publish","type":"post","link":"https:\/\/guialimeira.com.br\/news\/mst-faz-ato-ecumenico-em-local-de-massacre-que-completa-28-anos\/","title":{"rendered":"MST faz ato ecum\u00eanico em local de massacre que completa 28 anos"},"content":{"rendered":"<p> <br \/>\n<\/p>\n<div>\n<p>O Movimento dos Trabalhadores Rurais Sem Terra (MST), como em\u00a0todos os anos h\u00e1\u00a0quase tr\u00eas d\u00e9cadas, transforma a semana do dia 17 de abril em marco na luta pela reforma agr\u00e1ria. A data lembra\u00a0o assassinato de 21 trabalhadores rurais, em 1996, na chamada Curva do S, como ficou conhecido o trecho da rodovia PA-150, no munic\u00edpio de Eldorado dos Caraj\u00e1s, no Par\u00e1, em que\u00a0policiais militares armaram uma emboscada e atiraram contra um grupo do movimento que seguia em marcha at\u00e9 a capital Bel\u00e9m.<img data-recalc-dims=\"1\" decoding=\"async\" src=\"https:\/\/i0.wp.com\/agenciabrasil.ebc.com.br\/ebc.png?w=696&#038;ssl=1\" style=\"width:1px; height:1px; display:inline;\"\/><img data-recalc-dims=\"1\" decoding=\"async\" src=\"https:\/\/i0.wp.com\/agenciabrasil.ebc.com.br\/ebc.gif?w=696&#038;ssl=1\" style=\"width:1px; height:1px; display:inline;\"\/><\/p>\n<p>O local transformou-se em memorial em homenagem aos m\u00e1rtires do movimento, ponto de encontro anual para atividades do MST, que j\u00e1 sediou um acampamento pedag\u00f3gico da juventude, e este ano promove ato pol\u00edtico e religioso em defesa de uma reforma agr\u00e1ria que promova a agricultura familiar sustent\u00e1vel.<\/p>\n<p>&#8220;Em um processo de cura coletiva, a curva do S, que ficou marcada pela viol\u00eancia, se transformou tamb\u00e9m em s\u00edmbolo de resist\u00eancia, tornando-se campo sagrado de onde as vozes silenciadas d\u00e3o o grito. O grito pela terra, pela vida, pela natureza, pelos seres humanos. E neste esp\u00edrito, convocamos para\u00a0nos reunirmos entre as castanheiras para um ato de semeadura dos dias de abund\u00e2ncia e felicidade que construiremos&#8221;, diz o movimento, em nota. O ato que marca os 28 anos do massacre come\u00e7a \u00e0s 8h desta quarta-feira (17), entre as castanheiras que perfilam o local, com atividades culturais como m\u00fasica, poesia, dan\u00e7a e discursos.<\/p>\n<p>Na atual jornada de luta pela reforma agr\u00e1ria, chamada de Abril Vermelho, o MST informou ter realizado, at\u00e9 o momento, 30 a\u00e7\u00f5es diversas\u00a0em 14 estados do pa\u00eds, mobilizando mais de 20 mil fam\u00edlias sem terra. Desse total, foram 24 ocupa\u00e7\u00f5es de terra em 11 estados. O movimento, que completa 40 anos de funda\u00e7\u00e3o, denuncia a exist\u00eancia de 105 mil fam\u00edlias acampadas \u00e0s margens de rodovias em todo o pa\u00eds aguardando um peda\u00e7o de terra.<\/p>\n<p>&#8220;As ocupa\u00e7\u00f5es de terra enfatizam a import\u00e2ncia da reforma agr\u00e1ria como alternativa urgente e necess\u00e1ria para a produ\u00e7\u00e3o de alimentos saud\u00e1veis no Brasil, tendo como foco a erradica\u00e7\u00e3o da fome no campo e na cidade, garantindo o desenvolvimento do pa\u00eds, no contexto agr\u00e1rio, social, econ\u00f4mico e pol\u00edtico. Vale destacar que estamos em uma conjuntura em que o or\u00e7amento voltado para a obten\u00e7\u00e3o de terra e direitos b\u00e1sicos no campo, como infraestrutura, cr\u00e9dito para produ\u00e7\u00e3o, moradia, entre outros, \u00e9 por dois anos consecutivos, o menor dos \u00faltimos 20 anos&#8221;, diz o movimento.<\/p>\n<p>Na \u00faltima segunda-feira (14), o governo federal anunciou nova estrat\u00e9gia para a destina\u00e7\u00e3o de terras destinadas \u00e0\u00a0reforma agr\u00e1ria no pa\u00eds. O programa <a href=\"https:\/\/agenciabrasil.ebc.com.br\/geral\/noticia\/2024-04\/governo-anuncia-plano-para-assentar-295-mil-familias-ate-2026\" target=\"_blank\" rel=\"noopener\">Terra da Gente<\/a>, regulamentado em decreto assinado pelo presidente Luiz In\u00e1cio Lula da Silva, sistematiza alternativas legais de obten\u00e7\u00e3o de terras para a reforma agr\u00e1ria, al\u00e9m das formas tradicionais, como a desapropria\u00e7\u00e3o de \u00e1reas improdutivas e a regulariza\u00e7\u00e3o de terras p\u00fablicas. O objetivo \u00e9 incluir 295 mil novas fam\u00edlias no programa nacional de reforma agr\u00e1ria at\u00e9 2026.\u00a0<\/p>\n<p>Al\u00e9m da desapropria\u00e7\u00e3o de terras, cujos processos podem levar anos, a medida permitir\u00e1 a transfer\u00eancia de \u00e1reas rurais de grandes devedores da Uni\u00e3o e a possibilidade de negocia\u00e7\u00e3o com bancos,\u00a0 empresas p\u00fablicas e governos estaduais para a aquisi\u00e7\u00e3o de terras em troca do abatimento de d\u00edvidas ou permutas, em procedimentos mais \u00e1geis e sem conflito judicial.\u00a0<\/p>\n<p>O governo tamb\u00e9m destacou a recomposi\u00e7\u00e3o do or\u00e7amento para a desapropria\u00e7\u00e3o de terras este ano, com recursos de R$ 520 milh\u00f5es, o maior dos \u00faltimos anos, mas inferior \u00e0s dota\u00e7\u00f5es de gest\u00f5es anteriores.<\/p>\n<\/p><\/div>\n<p><br \/>\n<br \/><a href=\"https:\/\/agenciabrasil.ebc.com.br\/direitos-humanos\/noticia\/2024-04\/mst-faz-ato-ecumenico-em-local-de-massacre-que-completa-28-anos\" rel=\"noopener\">Ag\u00eancia Brasil<\/a><\/p>\n","protected":false},"excerpt":{"rendered":"<p>O Movimento dos Trabalhadores Rurais Sem Terra (MST), como em\u00a0todos os anos h\u00e1\u00a0quase tr\u00eas d\u00e9cadas, transforma a semana do dia 17 de abril em marco na luta pela reforma agr\u00e1ria. A data lembra\u00a0o assassinato de 21 trabalhadores rurais, em 1996, na chamada Curva do S, como ficou conhecido o trecho da rodovia PA-150, no munic\u00edpio [&hellip;]<\/p>\n","protected":false},"author":1,"featured_media":1729,"comment_status":"open","ping_status":"open","sticky":false,"template":"","format":"standard","meta":{"_jetpack_newsletter_access":"","_jetpack_dont_email_post_to_subs":false,"_jetpack_newsletter_tier_id":0,"_jetpack_memberships_contains_paywalled_content":false,"_mbp_banners":[],"_jetpack_feature_clip_id":0,"_jetpack_memberships_contains_paid_content":false,"footnotes":"","jetpack_publicize_message":"","jetpack_publicize_feature_enabled":true,"jetpack_social_post_already_shared":true,"jetpack_social_options":{"image_generator_settings":{"template":"highway","default_image_id":0,"font":"","enabled":false},"version":2},"jetpack_post_was_ever_published":false},"categories":[22],"tags":[],"class_list":["post-1728","post","type-post","status-publish","format-standard","has-post-thumbnail","category-nacional"],"jetpack_publicize_connections":[],"jetpack-related-posts":[],"jetpack_shortlink":"https:\/\/wp.me\/p7Eq1F-rS","jetpack_sharing_enabled":true,"jetpack_featured_media_url":"https:\/\/i0.wp.com\/guialimeira.com.br\/news\/wp-content\/uploads\/2024\/04\/13_tratada.jpg?fit=1600%2C800&ssl=1","_links":{"self":[{"href":"https:\/\/guialimeira.com.br\/news\/wp-json\/wp\/v2\/posts\/1728","targetHints":{"allow":["GET"]}}],"collection":[{"href":"https:\/\/guialimeira.com.br\/news\/wp-json\/wp\/v2\/posts"}],"about":[{"href":"https:\/\/guialimeira.com.br\/news\/wp-json\/wp\/v2\/types\/post"}],"author":[{"embeddable":true,"href":"https:\/\/guialimeira.com.br\/news\/wp-json\/wp\/v2\/users\/1"}],"replies":[{"embeddable":true,"href":"https:\/\/guialimeira.com.br\/news\/wp-json\/wp\/v2\/comments?post=1728"}],"version-history":[{"count":0,"href":"https:\/\/guialimeira.com.br\/news\/wp-json\/wp\/v2\/posts\/1728\/revisions"}],"wp:featuredmedia":[{"embeddable":true,"href":"https:\/\/guialimeira.com.br\/news\/wp-json\/wp\/v2\/media\/1729"}],"wp:attachment":[{"href":"https:\/\/guialimeira.com.br\/news\/wp-json\/wp\/v2\/media?parent=1728"}],"wp:term":[{"taxonomy":"category","embeddable":true,"href":"https:\/\/guialimeira.com.br\/news\/wp-json\/wp\/v2\/categories?post=1728"},{"taxonomy":"post_tag","embeddable":true,"href":"https:\/\/guialimeira.com.br\/news\/wp-json\/wp\/v2\/tags?post=1728"}],"curies":[{"name":"wp","href":"https:\/\/api.w.org\/{rel}","templated":true}]}}