{"id":17279,"date":"2024-11-19T11:11:51","date_gmt":"2024-11-19T14:11:51","guid":{"rendered":"https:\/\/guialimeira.com.br\/2024\/11\/19\/argentina-retira-tres-oficiais-da-missao-de-paz-da-onu-no-libano\/"},"modified":"2024-11-19T11:11:51","modified_gmt":"2024-11-19T14:11:51","slug":"argentina-retira-tres-oficiais-da-missao-de-paz-da-onu-no-libano","status":"publish","type":"post","link":"https:\/\/guialimeira.com.br\/news\/argentina-retira-tres-oficiais-da-missao-de-paz-da-onu-no-libano\/","title":{"rendered":"Argentina retira tr\u00eas oficiais da miss\u00e3o de paz da ONU no L\u00edbano"},"content":{"rendered":"<p> <br \/>\n<\/p>\n<div>\n<p>A Argentina notificou a miss\u00e3o de paz da Organiza\u00e7\u00e3o das Na\u00e7\u00f5es Unidas (ONU) no L\u00edbano que est\u00e1 retirando tr\u00eas de seus oficiais.<img data-recalc-dims=\"1\" decoding=\"async\" src=\"https:\/\/i0.wp.com\/agenciabrasil.ebc.com.br\/ebc.png?w=696&#038;ssl=1\" style=\"width:1px; height:1px; display:inline;\"\/><img data-recalc-dims=\"1\" decoding=\"async\" src=\"https:\/\/i0.wp.com\/agenciabrasil.ebc.com.br\/ebc.gif?w=696&#038;ssl=1\" style=\"width:1px; height:1px; display:inline;\"\/><\/p>\n<p>A informa\u00e7\u00e3o foi confirmada\u00a0por\u00a0um porta-voz da Unifil &#8211; For\u00e7a Interina da ONU no L\u00edbano, miss\u00e3o criada em 1978 &#8211;\u00a0nesta\u00a0ter\u00e7a-feira (19).<\/p>\n<p>&#8220;Correto. A Argentina pediu a seus oficiais que voltassem&#8221;, disse Andrea Tenenti, em resposta \u00e0 pergunta sobre reportagem de um jornal.<\/p>\n<p>Ele se recusou a comentar o motivo da retirada, encaminhando a pergunta ao governo argentino.<\/p>\n<p>      <!-- Relacionada --><\/p>\n<p>            <!-- Relacionada -->\n    <\/div>\n<p><br \/>\n<br \/><a href=\"https:\/\/agenciabrasil.ebc.com.br\/internacional\/noticia\/2024-11\/argentina-retira-tres-oficiais-da-missao-de-paz-da-onu-no-libano\" rel=\"noopener\">Ag\u00eancia Brasil <\/a><\/p>\n","protected":false},"excerpt":{"rendered":"<p>A Argentina notificou a miss\u00e3o de paz da Organiza\u00e7\u00e3o das Na\u00e7\u00f5es Unidas (ONU) no L\u00edbano que est\u00e1 retirando tr\u00eas de seus oficiais. A informa\u00e7\u00e3o foi confirmada\u00a0por\u00a0um porta-voz da Unifil &#8211; For\u00e7a Interina da ONU no L\u00edbano, miss\u00e3o criada em 1978 &#8211;\u00a0nesta\u00a0ter\u00e7a-feira (19). &#8220;Correto. A Argentina pediu a seus oficiais que voltassem&#8221;, disse Andrea Tenenti, em [&hellip;]<\/p>\n","protected":false},"author":1,"featured_media":17280,"comment_status":"open","ping_status":"open","sticky":false,"template":"","format":"standard","meta":{"_jetpack_newsletter_access":"","_jetpack_dont_email_post_to_subs":false,"_jetpack_newsletter_tier_id":0,"_jetpack_memberships_contains_paywalled_content":false,"_mbp_banners":[],"_jetpack_feature_clip_id":0,"_jetpack_memberships_contains_paid_content":false,"footnotes":"","jetpack_publicize_message":"","jetpack_publicize_feature_enabled":true,"jetpack_social_post_already_shared":true,"jetpack_social_options":{"image_generator_settings":{"template":"highway","default_image_id":0,"font":"","enabled":false},"version":2},"jetpack_post_was_ever_published":false},"categories":[25],"tags":[],"class_list":["post-17279","post","type-post","status-publish","format-standard","has-post-thumbnail","category-internacional"],"jetpack_publicize_connections":[],"jetpack-related-posts":[],"jetpack_shortlink":"https:\/\/wp.me\/p7Eq1F-4uH","jetpack_sharing_enabled":true,"jetpack_featured_media_url":"https:\/\/i0.wp.com\/guialimeira.com.br\/news\/wp-content\/uploads\/2024\/11\/fragata_independencia_unifil_libano_forca_tarefa_missao_de_paz_marinha_base_naval_tnrgo_26122000887.jpeg?fit=1600%2C800&ssl=1","_links":{"self":[{"href":"https:\/\/guialimeira.com.br\/news\/wp-json\/wp\/v2\/posts\/17279","targetHints":{"allow":["GET"]}}],"collection":[{"href":"https:\/\/guialimeira.com.br\/news\/wp-json\/wp\/v2\/posts"}],"about":[{"href":"https:\/\/guialimeira.com.br\/news\/wp-json\/wp\/v2\/types\/post"}],"author":[{"embeddable":true,"href":"https:\/\/guialimeira.com.br\/news\/wp-json\/wp\/v2\/users\/1"}],"replies":[{"embeddable":true,"href":"https:\/\/guialimeira.com.br\/news\/wp-json\/wp\/v2\/comments?post=17279"}],"version-history":[{"count":0,"href":"https:\/\/guialimeira.com.br\/news\/wp-json\/wp\/v2\/posts\/17279\/revisions"}],"wp:featuredmedia":[{"embeddable":true,"href":"https:\/\/guialimeira.com.br\/news\/wp-json\/wp\/v2\/media\/17280"}],"wp:attachment":[{"href":"https:\/\/guialimeira.com.br\/news\/wp-json\/wp\/v2\/media?parent=17279"}],"wp:term":[{"taxonomy":"category","embeddable":true,"href":"https:\/\/guialimeira.com.br\/news\/wp-json\/wp\/v2\/categories?post=17279"},{"taxonomy":"post_tag","embeddable":true,"href":"https:\/\/guialimeira.com.br\/news\/wp-json\/wp\/v2\/tags?post=17279"}],"curies":[{"name":"wp","href":"https:\/\/api.w.org\/{rel}","templated":true}]}}