{"id":17272,"date":"2024-11-19T09:09:58","date_gmt":"2024-11-19T12:09:58","guid":{"rendered":"https:\/\/guialimeira.com.br\/2024\/11\/19\/presidente-do-paraguai-passa-mal-durante-cupula-do-g20-e-e-internado\/"},"modified":"2024-11-19T09:09:58","modified_gmt":"2024-11-19T12:09:58","slug":"presidente-do-paraguai-passa-mal-durante-cupula-do-g20-e-e-internado","status":"publish","type":"post","link":"https:\/\/guialimeira.com.br\/news\/presidente-do-paraguai-passa-mal-durante-cupula-do-g20-e-e-internado\/","title":{"rendered":"Presidente do Paraguai passa mal durante c\u00fapula do G20 e \u00e9 internado"},"content":{"rendered":"<p> <br \/>\n<\/p>\n<div>\n<p>O presidente do Paraguai, Santiago Pe\u00f1a, de 46 anos, foi hospitalizado na noite desta segunda-feira, (18), no Hospital Samaritano, em Botafogo, zona sul do Rio..<img data-recalc-dims=\"1\" decoding=\"async\" src=\"https:\/\/i0.wp.com\/agenciabrasil.ebc.com.br\/ebc.png?w=696&#038;ssl=1\" style=\"width:1px; height:1px; display:inline;\"\/><img data-recalc-dims=\"1\" decoding=\"async\" src=\"https:\/\/i0.wp.com\/agenciabrasil.ebc.com.br\/ebc.gif?w=696&#038;ssl=1\" style=\"width:1px; height:1px; display:inline;\"\/><\/p>\n<p>Ele participa da C\u00fapula do G20, que ocorre no Museu de Arte Moderna (MAM), na zona sul do Rio de Janeiro e vai at\u00e9 esta ter\u00e7a-feira (19).<\/p>\n<p>Em nota, o hospital Samaritano Botafogo informa que o presidente do Paraguai, Santiago Pe\u00f1a, deu entrada na unidade na noite de segunda. Ele se sentiu mal no per\u00edodo da tarde, com dores no peito e indisposi\u00e7\u00e3o e, por seguran\u00e7a, foi fazer exames de diagn\u00f3sticos na unidade hospitalar.<\/p>\n<p>\u201cO chefe de Estado passa bem e seu estado de sa\u00fade atual \u00e9 est\u00e1vel\u201d. Pe\u00f1a deve passar por uma bateria de exames cl\u00ednicos.<\/p>\n<p>Ele chegou a ser medicado por uma equipe no MAM e, em seguida, foi levado ao hospital Samaritano.<\/p>\n<p>\u00a0<\/p>\n<p>      <!-- Relacionada --><\/p>\n<p>            <!-- Relacionada -->\n    <\/div>\n<p><br \/>\n<br \/><a href=\"https:\/\/agenciabrasil.ebc.com.br\/internacional\/noticia\/2024-11\/presidente-do-paraguai-passa-mal-durante-cupula-do-g20-e-e-internado\" rel=\"noopener\">Ag\u00eancia Brasil <\/a><\/p>\n","protected":false},"excerpt":{"rendered":"<p>O presidente do Paraguai, Santiago Pe\u00f1a, de 46 anos, foi hospitalizado na noite desta segunda-feira, (18), no Hospital Samaritano, em Botafogo, zona sul do Rio.. Ele participa da C\u00fapula do G20, que ocorre no Museu de Arte Moderna (MAM), na zona sul do Rio de Janeiro e vai at\u00e9 esta ter\u00e7a-feira (19). Em nota, o [&hellip;]<\/p>\n","protected":false},"author":1,"featured_media":269,"comment_status":"open","ping_status":"open","sticky":false,"template":"","format":"standard","meta":{"_jetpack_newsletter_access":"","_jetpack_dont_email_post_to_subs":false,"_jetpack_newsletter_tier_id":0,"_jetpack_memberships_contains_paywalled_content":false,"_mbp_banners":[],"_jetpack_feature_clip_id":0,"_jetpack_memberships_contains_paid_content":false,"footnotes":"","jetpack_publicize_message":"","jetpack_publicize_feature_enabled":true,"jetpack_social_post_already_shared":true,"jetpack_social_options":{"image_generator_settings":{"template":"highway","default_image_id":0,"font":"","enabled":false},"version":2},"jetpack_post_was_ever_published":false},"categories":[25],"tags":[],"class_list":["post-17272","post","type-post","status-publish","format-standard","has-post-thumbnail","category-internacional"],"jetpack_publicize_connections":[],"jetpack-related-posts":[],"jetpack_shortlink":"https:\/\/wp.me\/p7Eq1F-4uA","jetpack_sharing_enabled":true,"jetpack_featured_media_url":"https:\/\/i0.wp.com\/guialimeira.com.br\/news\/wp-content\/uploads\/2024\/03\/thumb_1200x600_agbrasil.png?fit=1200%2C600&ssl=1","_links":{"self":[{"href":"https:\/\/guialimeira.com.br\/news\/wp-json\/wp\/v2\/posts\/17272","targetHints":{"allow":["GET"]}}],"collection":[{"href":"https:\/\/guialimeira.com.br\/news\/wp-json\/wp\/v2\/posts"}],"about":[{"href":"https:\/\/guialimeira.com.br\/news\/wp-json\/wp\/v2\/types\/post"}],"author":[{"embeddable":true,"href":"https:\/\/guialimeira.com.br\/news\/wp-json\/wp\/v2\/users\/1"}],"replies":[{"embeddable":true,"href":"https:\/\/guialimeira.com.br\/news\/wp-json\/wp\/v2\/comments?post=17272"}],"version-history":[{"count":0,"href":"https:\/\/guialimeira.com.br\/news\/wp-json\/wp\/v2\/posts\/17272\/revisions"}],"wp:featuredmedia":[{"embeddable":true,"href":"https:\/\/guialimeira.com.br\/news\/wp-json\/wp\/v2\/media\/269"}],"wp:attachment":[{"href":"https:\/\/guialimeira.com.br\/news\/wp-json\/wp\/v2\/media?parent=17272"}],"wp:term":[{"taxonomy":"category","embeddable":true,"href":"https:\/\/guialimeira.com.br\/news\/wp-json\/wp\/v2\/categories?post=17272"},{"taxonomy":"post_tag","embeddable":true,"href":"https:\/\/guialimeira.com.br\/news\/wp-json\/wp\/v2\/tags?post=17272"}],"curies":[{"name":"wp","href":"https:\/\/api.w.org\/{rel}","templated":true}]}}