{"id":17266,"date":"2024-11-19T08:09:11","date_gmt":"2024-11-19T11:09:11","guid":{"rendered":"https:\/\/guialimeira.com.br\/2024\/11\/19\/situacao-em-mocambique-ainda-e-imprevisivel-diz-embaixador-do-brasil\/"},"modified":"2024-11-19T08:09:11","modified_gmt":"2024-11-19T11:09:11","slug":"situacao-em-mocambique-ainda-e-imprevisivel-diz-embaixador-do-brasil","status":"publish","type":"post","link":"https:\/\/guialimeira.com.br\/news\/situacao-em-mocambique-ainda-e-imprevisivel-diz-embaixador-do-brasil\/","title":{"rendered":"Situa\u00e7\u00e3o em Mo\u00e7ambique ainda \u00e9 imprevis\u00edvel, diz embaixador do Brasil"},"content":{"rendered":"<p> <br \/>\n<\/p>\n<div>\n<p>Desde outubro, uma onda de protestos toma conta de Mo\u00e7ambique, ap\u00f3s a divulga\u00e7\u00e3o dos <a href=\"https:\/\/agenciabrasil.ebc.com.br\/internacional\/noticia\/2024-11\/brasil-manifesta-preocupacao-com-violencia-apos-eleicoes-em-mocambique\" rel=\"noopener\">resultados provis\u00f3rios das elei\u00e7\u00f5es gerais<\/a>. A Comiss\u00e3o Nacional de Elei\u00e7\u00f5es divulgou resultado, que deu a vit\u00f3ria ao candidato da situa\u00e7\u00e3o, Daniel Chapo, com 70% dos votos. Ele \u00e9 o representante do partido Frelimo, que comanda o pa\u00eds desde 1975.\u00a0<img data-recalc-dims=\"1\" decoding=\"async\" src=\"https:\/\/i0.wp.com\/agenciabrasil.ebc.com.br\/ebc.png?w=696&#038;ssl=1\" style=\"width:1px; height:1px; display:inline;\"\/><img data-recalc-dims=\"1\" decoding=\"async\" src=\"https:\/\/i0.wp.com\/agenciabrasil.ebc.com.br\/ebc.gif?w=696&#038;ssl=1\" style=\"width:1px; height:1px; display:inline;\"\/><\/p>\n<p>O resultado da elei\u00e7\u00e3o ainda precisa ser proclamado pelo Conselho Constitucional de Mo\u00e7ambique. Mas n\u00e3o h\u00e1 um prazo para que isso aconte\u00e7a, como explica o embaixador do Brasil em Mo\u00e7ambique, Ademar Seabra, que h\u00e1 dois anos comanda a representa\u00e7\u00e3o do Brasil na capital do pa\u00eds africano. Para ele, a situa\u00e7\u00e3o em Mo\u00e7ambique ainda \u00e9 tensa e imprevis\u00edvel.\u00a0<\/p>\n<p>Enquanto isso, o candidato Ven\u00e2ncio Mondlane, do Partido Podemos, que ficou em segundo lugar na apura\u00e7\u00e3o oficial, com 20% dos votos, v\u00eam conclamando a popula\u00e7\u00e3o para uma s\u00e9rie de protestos contestando o resultado provis\u00f3rio.\u00a0<\/p>\n<p>Ademar Seabra afirma que Mo\u00e7ambique n\u00e3o tem essa tradi\u00e7\u00e3o de protestos entre a popula\u00e7\u00e3o, o que mostra um ineditismo. Pelas contas da oposi\u00e7\u00e3o, mais de 40 pessoas j\u00e1 morreram nos embates com a pol\u00edcia.<\/p>\n<p>Confira os principais trechos da entrevista feita pela <strong>R\u00e1dio Nacional <\/strong>com o embaixador.\u00a0<\/p>\n<p><strong>R\u00e1dio Nacional: <\/strong>Mo\u00e7ambique vem vivendo nos \u00faltimos dias diversos protestos, com um pouco de viol\u00eancia. Como est\u00e1 sendo esse conflito?\u00a0<br \/><strong>Ademar Seabra: <\/strong>N\u00f3s temos evid\u00eancias muito positivas e muito contundentes de que tenha havido j\u00e1 pelo menos 40 mortos nos confrontos entre a pol\u00edcia e os manifestantes. Entre esses mortos constam alguns representantes da pol\u00edcia tamb\u00e9m, da Pol\u00edcia Nacional do pa\u00eds, embora a maioria sejam civis. Ent\u00e3o \u00e9 um quadro, eu diria, que \u00e9 de viol\u00eancia, \u00e9 dif\u00edcil qualificar que \u00e9 uma viol\u00eancia alastrada, uma viol\u00eancia incontrolada, mas por ocasi\u00e3o das manifesta\u00e7\u00f5es j\u00e1 houve sim diversos epis\u00f3dios, diversos lugares do pa\u00eds, diversas intensidades, digamos assim, de gravidade.<\/p>\n<blockquote>\n<p>Ent\u00e3o \u00e9 um confronto que tem nos preocupado muito, n\u00f3s temos acompanhado isso com muita apreens\u00e3o, com muita ang\u00fastia, desde essencialmente o dia 18 de outubro, quando essas manifesta\u00e7\u00f5es de viol\u00eancia graves tiveram lugar, e a partir da\u00ed n\u00f3s temos tido um cont\u00ednuo, n\u00f3s n\u00e3o sabemos como isso vai chegar, como isso vai aportar.\u00a0<\/p>\n<\/blockquote>\n<p>\u00a0<br \/><strong>R\u00e1dio Nacional: <\/strong>Qual \u00e9 a posi\u00e7\u00e3o do Brasil em rela\u00e7\u00e3o \u00e0s elei\u00e7\u00f5es em Mo\u00e7ambique? A oposi\u00e7\u00e3o critica o resultado do comit\u00ea eleitoral do Estado, do resultado que deu a vit\u00f3ria ao candidato Daniel Chapo, com mais de 70% dos votos. O Brasil acompanhou o processo eleitoral, foi convidado para ser observador? Como a pr\u00f3pria diplomacia brasileira v\u00ea esse processo?\u00a0<br \/><strong>Seabra: <\/strong>O Brasil tem acompanhado com lupa, com grande interesse, com grande participa\u00e7\u00e3o, n\u00f3s temos acompanhado de perto e em tempo real. Na verdade, \u00e9 um processo eleitoral, um processo dom\u00e9stico, \u00e9 um processo pol\u00edtico, eleitoral e partid\u00e1rio. que n\u00f3s naturalmente acompanhamos com interesse justamente por conta da centralidade que Mo\u00e7ambique ocupa nas rela\u00e7\u00f5es bilaterais, mas n\u00f3s participamos do processo eleitoral em si de maneira indireta atrav\u00e9s da miss\u00e3o de observa\u00e7\u00e3o eleitoral da CPLP [Comunidade dos Pa\u00edses de L\u00edngua Portuguesa].\u00a0<\/p>\n<p>Essas elei\u00e7\u00f5es tiveram um um n\u00famero de observadores importante, em termos quantitativos, num\u00e9ricos, a maior miss\u00e3o foi da Uni\u00e3o Europeia. mas teve tamb\u00e9m da comunidade dos pa\u00edses da \u00c1frica Austral, da pr\u00f3pria Uni\u00e3o Africana e da CPLP, que foi tamb\u00e9m integrada por um diplomata, por um representante brasileiro, na miss\u00e3o da CPLP. Todas elas atravessaram todo o processo eleitoral, produziram seus relat\u00f3rios, indicaram nos relat\u00f3rios tanto os pontos positivos quanto os pontos negativos desse processo.\u00a0<\/p>\n<p>O processo \u00e9 algo que contrasta muito com a nossa realidade no Brasil. O cidad\u00e3o brasileiro, especialmente o jovem brasileiro, aqueles que nasceram nos anos 80, 90, que sempre tiveram processos eleitorais com base nas nossas urnas eletr\u00f4nicas ou ent\u00e3o na divulga\u00e7\u00e3o imediata de resultados e proclama\u00e7\u00e3o dos resultados tamb\u00e9m idem. Aqui, ao contr\u00e1rio, o processo \u00e9 lento. \u00c9 um processo que teve in\u00edcio muito antes, com os recenseamentos, recadastramentos eleitorais de muitos meses anteriores, mas desde as elei\u00e7\u00f5es, que foram realizadas em 9 de outubro at\u00e9 agora, n\u00e3o h\u00e1 resultado. \u00a0<\/p>\n<p>Ent\u00e3o o que h\u00e1, sim, \u00e9 a participa\u00e7\u00e3o dessas miss\u00f5es, que acompanharam, verificaram, tomaram nota, fizeram recomenda\u00e7\u00f5es, fizeram indica\u00e7\u00f5es do que aconteceu durante o processo. Isso foi manifestado atrav\u00e9s de relat\u00f3rios, que foram naturalmente submetidos aqui ao governo mo\u00e7ambicano, \u00e0 guisa de contribui\u00e7\u00e3o construtiva, de apoio construtivo desses observadores para o aprimoramento da democracia do pa\u00eds.\u00a0<\/p>\n<div class=\"dnd-widget-wrapper context-cheio_8colunas type-image atom-align-center\">\n<div class=\"dnd-atom-rendered\"><!-- scald=406086:cheio_8colunas {\"additionalClasses\":\"\"} --><br \/>\n            <img data-recalc-dims=\"1\" decoding=\"async\" src=\"https:\/\/i0.wp.com\/imagens.ebc.com.br\/6WlD4Ig3-VhmUjoO3xfND93LQX0%3D\/754x0\/smart\/https%3A\/\/agenciabrasil.ebc.com.br\/sites\/default\/files\/thumbnails\/image\/2024\/11\/18\/52065245262_f2d0bf8eb9_k.jpg?w=696&#038;ssl=1\" alt=\"Embaixador do Brasil em Mo\u00e7ambique, Ademar Seabra\" title=\"Edilson Rodrigues\/Ag\u00eancia Senado\"\/><br \/>\n        <img data-recalc-dims=\"1\" decoding=\"async\" src=\"https:\/\/i0.wp.com\/imagens.ebc.com.br\/6WlD4Ig3-VhmUjoO3xfND93LQX0%3D\/754x0\/smart\/https%3A\/\/agenciabrasil.ebc.com.br\/sites\/default\/files\/thumbnails\/image\/2024\/11\/18\/52065245262_f2d0bf8eb9_k.jpg?w=696&#038;ssl=1\" alt=\"Embaixador do Brasil em Mo\u00e7ambique, Ademar Seabra\" title=\"Edilson Rodrigues\/Ag\u00eancia Senado\"\/><br \/>\n    <!-- END scald=406086 --><\/div>\n<div class=\"dnd-caption-wrapper\">\n<p><!--copyright=406086-->Embaixador do Brasil em Mo\u00e7ambique, Ademar Seabra &#8211; <strong>Edilson Rodrigues\/Ag\u00eancia Senado<\/strong><!--END copyright=406086--><\/p>\n<\/div>\n<\/div>\n<p><strong>R\u00e1dio Nacional: <\/strong>Esses resultados s\u00e3o provis\u00f3rios?\u00a0<br \/><strong>Seabra: <\/strong>Na verdade n\u00f3s n\u00e3o sabemos ainda exatamente quando esse processo vai terminar, o processo jur\u00eddico propriamente dito. Logo ap\u00f3s a realiza\u00e7\u00e3o das elei\u00e7\u00f5es em si, no dia 9, come\u00e7a um grande processo no pa\u00eds de contagem de votos, \u00e9 contagem manual, \u00e9 contagem de cesta a cesta, ou caixa a caixa, isso \u00e9 levantado, s\u00e3o produzidos alguns relat\u00f3rios, \u00e9 produzida uma totaliza\u00e7\u00e3o. Tr\u00eas dias depois, esses distritos onde acontecem as elei\u00e7\u00f5es come\u00e7am a divulgar os seus resultados parciais. E esses resultados que s\u00e3o compilados nos distritos s\u00e3o submetidos \u00e0s prov\u00edncias, que divulgam, por sua vez, tamb\u00e9m os resultados agregados por prov\u00edncia. Nesses resultados agregados de prov\u00edncias, j\u00e1 tem uma ideia do que aconteceu.\u00a0<\/p>\n<p>Ent\u00e3o, todos os resultados foram apurados, depois divulgados, eles s\u00e3o centralizados nessa Comiss\u00e3o Nacional de Elei\u00e7\u00f5es, que fez um an\u00fancio provis\u00f3rio, que deflagrou justamente todo o processo de contesta\u00e7\u00e3o, toda a mobiliza\u00e7\u00e3o social, oposicionista da sociedade civil, em rela\u00e7\u00e3o a essa divulga\u00e7\u00e3o. Como ele tem sofrido muitas contesta\u00e7\u00f5es, ele ainda ser\u00e1 apreciado pelo Conselho Constitucional, que mal comparando ele faz o papel do nosso TSE [Tribunal Superior Eleitoral] no Brasil. Mas \u00e9 um processo que ele vai e volta, ele tem muitos elementos. A pr\u00f3pria processual\u00edstica interna do CNE \u00e9 algo t\u00e9cnico, complicado, demorado, no sentido que tem que apreciar todas as considera\u00e7\u00f5es que v\u00eam de diversas partes, diversas origens, tudo tem que ser apreciado, tem que ser justificado, e esse processo est\u00e1 em curso.\u00a0<\/p>\n<p>N\u00f3s n\u00e3o temos ainda, oficialmente transitado e julgado, embora foi proclamado o Daniel Chapo vencedor, com 71% dos votos, e em segundo lugar ficou o candidato de um partido rec\u00e9m-fundado em Mo\u00e7ambique, chamado Podemos, que \u00e9 um acr\u00f4nimo para Povo Otimista para o Desenvolvimento de Mo\u00e7ambique, que foi a legenda que deu guarida a uma importante lideran\u00e7a oposicionista, que \u00e9 o Ven\u00e2ncio Mondlane, que acabou se tornando hoje o grande l\u00edder, a grande express\u00e3o da oposi\u00e7\u00e3o mo\u00e7ambicana no quadro pol\u00edtico do pa\u00eds. \u00a0<\/p>\n<p><strong>R\u00e1dio Nacional: <\/strong>Ent\u00e3o, o Brasil aguarda esse pronunciamento do Conselho para reconhecer a elei\u00e7\u00e3o?\u00a0<br \/><strong>Seabra: <\/strong>Como \u00e9 a praxe da diplomacia brasileira, n\u00f3s n\u00e3o fazemos reconhecimentos formais de elei\u00e7\u00f5es. N\u00e3o \u00e9 uma recomenda\u00e7\u00e3o que n\u00f3s tenhamos, independentemente do que seja, de qualquer situa\u00e7\u00e3o. Voc\u00ea pode submeter cumprimentos, congratula\u00e7\u00f5es, pode mandar uma felicita\u00e7\u00e3o a um candidato eleito, mas n\u00e3o \u00e9 um pronunciamento, at\u00e9 porque \u00e9 uma quest\u00e3o dom\u00e9stica, \u00e9 uma quest\u00e3o puramente que diz respeito \u00e0 ordem interna mo\u00e7ambicana e que n\u00f3s n\u00e3o temos muito como nos pronunciar, contra ou a favor. Essas manifesta\u00e7\u00f5es geralmente n\u00e3o cabem na nossa diplomacia em rela\u00e7\u00e3o a processos eleitorais dessa natureza.\u00a0<\/p>\n<blockquote>\n<p>Mas n\u00f3s temos que, naturalmente, aguardar o desfecho do processo. Ent\u00e3o, o momento agora \u00e9 de acompanhamento, muito criterioso, muito cuidadoso. E sobretudo, muito seletivo no meio do bombardeamento de not\u00edcias que n\u00f3s temos, de informa\u00e7\u00f5es, n\u00f3s precisamos ter muita clareza em rela\u00e7\u00e3o ao que est\u00e1 se passando para justamente a gente poder se pronunciar com qualidade e autoridade. \u00a0<\/p>\n<\/blockquote>\n<p><strong>R\u00e1dio Nacional: <\/strong>O partido de Ven\u00e2ncio Mondlane se manifestou em rela\u00e7\u00e3o a pris\u00f5es pol\u00edticas de pessoas que se manifestaram, pris\u00f5es em massa, den\u00fancias sobre a viol\u00eancia da pol\u00edcia. Como voc\u00ea, como embaixador, avalia essas den\u00fancias que a oposi\u00e7\u00e3o vem fazendo? \u00a0<br \/><strong>Seabra: <\/strong>As manifesta\u00e7\u00f5es, geralmente, n\u00e3o s\u00e3o como n\u00f3s conhecemos no Brasil. N\u00f3s tivemos manifesta\u00e7\u00f5es populares na nossa hist\u00f3ria, tivemos incont\u00e1veis delas, desde a \u00e9poca do regime militar e geralmente n\u00f3s colocamos multid\u00f5es nas ruas. E aqui n\u00e3o \u00e9 bem isso, o que existe \u00e9 uma pulveriza\u00e7\u00e3o, existem protestos praticamente em todo o pa\u00eds, mas em grupos n\u00e3o muito grandes, grupos de algumas centenas. Alguns casos, poucos milhares se re\u00fanem, e \u00e9 claro que nesses casos h\u00e1 um confronto, a pol\u00edcia \u00e9 preparada e ela est\u00e1 pronta para reprimir esse tipo de manifesta\u00e7\u00e3o, especialmente em alguns casos onde havia uma inten\u00e7\u00e3o de que algumas institui\u00e7\u00f5es-chave do Estado pudessem ser alvo de protesto direto por esses grupos que est\u00e3o justamente a protestar pelo que eles dizem, pela restri\u00e7\u00e3o da verdade eleitoral, ou, no caso, pelo fim da viol\u00eancia, e tamb\u00e9m em condena\u00e7\u00e3o, que seriam abusos em rela\u00e7\u00e3o ao tratamento de direitos humanos em algumas rela\u00e7\u00f5es das manifesta\u00e7\u00f5es.\u00a0<\/p>\n<p>Isso \u00e9 a pauta que a oposi\u00e7\u00e3o tem trazido para as discuss\u00f5es aqui. Ent\u00e3o, \u00e9 algo que n\u00f3s temos acompanhado, procurado verificar, para saber n\u00e3o somente a veracidade, a proced\u00eancia, mas \u00e9 importante n\u00f3s saibamos com clareza as circunst\u00e2ncias, tamb\u00e9m para que n\u00f3s n\u00e3o, procuramos fazer avalia\u00e7\u00f5es com base em ju\u00edzos muito aparentes.<\/p>\n<blockquote>\n<p>Mas \u00e9 claro que \u00e9 uma situa\u00e7\u00e3o que n\u00e3o se pode de forma nenhuma atenuar, \u00e9 uma situa\u00e7\u00e3o dram\u00e1tica que j\u00e1 com certeza gerou muitos mortos, que j\u00e1 gerou centenas de feridos com certeza, dos dois lados, com a maioria inclusive sendo dos manifestantes certamente, mas tamb\u00e9m policiais. Foi uma caixa de Pandora que foi aberta em algum momento pela primeira vez na hist\u00f3ria do pa\u00eds.\u00a0<\/p>\n<\/blockquote>\n<p><strong>R\u00e1dio Nacional: <\/strong>Podemos dizer que a solu\u00e7\u00e3o dessa situa\u00e7\u00e3o ainda \u00e9 imprevis\u00edvel\u00a0<br \/><strong>Seabra: <\/strong>Diria que sim. Existe hoje um debate pol\u00edtico em Mo\u00e7ambique, atrav\u00e9s das institui\u00e7\u00f5es da sociedade civil, das universidades, dos intelectuais, que \u00e9 um debate de alt\u00edssimo n\u00edvel, um debate com o qual eu tenho aprendido muito e tem sido aventada diversas solu\u00e7\u00f5es para sair da crise. Estamos num momento de embate puro e simples de for\u00e7as, e n\u00e3o \u00e9 um embate que tenha degenerado ainda, queira Deus que jamais chegue a esse ponto, mas ou em guerra civil ou em confrontos.\u00a0<\/p>\n<p>A mensagem que tem sido passada aos manifestantes \u00e9 que atuem com modera\u00e7\u00e3o, com respeito \u00e0 propriedade privada, com respeito aos neg\u00f3cios e ao com\u00e9rcio. A mensagem que eu tenho ouvido muito aqui, tanto da oposi\u00e7\u00e3o, e o governo tamb\u00e9m se manifestou j\u00e1 nesse sentido, de buscar algumas concilia\u00e7\u00f5es poss\u00edveis, de buscar di\u00e1logos, caminhos de di\u00e1logo, e de respeito at\u00e9 \u00e0 pr\u00f3pria pol\u00edcia.\u00a0<\/p>\n<p>\u00c9 algo in\u00e9dito porque \u00e9 uma quest\u00e3o que tem a ver com a disputa eleitoral e uma contesta\u00e7\u00e3o aberta, direta e muito firme a um processo eleitoral que nunca houve antes. Mas, por outro lado, isso n\u00e3o quer dizer que seja uma sociedade crispada ou com clivagens de antagonismos, de inimigos, de advers\u00e1rios a serem eliminados. N\u00e3o, n\u00e3o h\u00e1. Ent\u00e3o h\u00e1 uma predisposi\u00e7\u00e3o positiva para que uma solu\u00e7\u00e3o pac\u00edfica prevale\u00e7a. Mas n\u00e3o h\u00e1 nenhum elemento, dificilmente poderia arriscar, porque tem muitos cen\u00e1rios.\u00a0<\/p>\n<p>      <!-- Relacionada --><\/p>\n<p>            <!-- Relacionada -->\n    <\/div>\n<p><br \/>\n<br \/><a href=\"https:\/\/agenciabrasil.ebc.com.br\/internacional\/noticia\/2024-11\/situacao-em-mocambique-ainda-e-imprevisivel-diz-embaixador-do-brasil\" rel=\"noopener\">Ag\u00eancia Brasil <\/a><\/p>\n","protected":false},"excerpt":{"rendered":"<p>Desde outubro, uma onda de protestos toma conta de Mo\u00e7ambique, ap\u00f3s a divulga\u00e7\u00e3o dos resultados provis\u00f3rios das elei\u00e7\u00f5es gerais. A Comiss\u00e3o Nacional de Elei\u00e7\u00f5es divulgou resultado, que deu a vit\u00f3ria ao candidato da situa\u00e7\u00e3o, Daniel Chapo, com 70% dos votos. Ele \u00e9 o representante do partido Frelimo, que comanda o pa\u00eds desde 1975.\u00a0 O resultado [&hellip;]<\/p>\n","protected":false},"author":1,"featured_media":17267,"comment_status":"open","ping_status":"open","sticky":false,"template":"","format":"standard","meta":{"_jetpack_newsletter_access":"","_jetpack_dont_email_post_to_subs":false,"_jetpack_newsletter_tier_id":0,"_jetpack_memberships_contains_paywalled_content":false,"_mbp_banners":[],"_jetpack_feature_clip_id":0,"_jetpack_memberships_contains_paid_content":false,"footnotes":"","jetpack_publicize_message":"","jetpack_publicize_feature_enabled":true,"jetpack_social_post_already_shared":true,"jetpack_social_options":{"image_generator_settings":{"template":"highway","default_image_id":0,"font":"","enabled":false},"version":2},"jetpack_post_was_ever_published":false},"categories":[25],"tags":[],"class_list":["post-17266","post","type-post","status-publish","format-standard","has-post-thumbnail","category-internacional"],"jetpack_publicize_connections":[],"jetpack-related-posts":[],"jetpack_shortlink":"https:\/\/wp.me\/p7Eq1F-4uu","jetpack_sharing_enabled":true,"jetpack_featured_media_url":"https:\/\/i0.wp.com\/guialimeira.com.br\/news\/wp-content\/uploads\/2024\/11\/2024-11-07t113318z_679761066_rc2a0bax73py_rtrmadp_3_mozambique-politics-protest.jpg?fit=1600%2C800&ssl=1","_links":{"self":[{"href":"https:\/\/guialimeira.com.br\/news\/wp-json\/wp\/v2\/posts\/17266","targetHints":{"allow":["GET"]}}],"collection":[{"href":"https:\/\/guialimeira.com.br\/news\/wp-json\/wp\/v2\/posts"}],"about":[{"href":"https:\/\/guialimeira.com.br\/news\/wp-json\/wp\/v2\/types\/post"}],"author":[{"embeddable":true,"href":"https:\/\/guialimeira.com.br\/news\/wp-json\/wp\/v2\/users\/1"}],"replies":[{"embeddable":true,"href":"https:\/\/guialimeira.com.br\/news\/wp-json\/wp\/v2\/comments?post=17266"}],"version-history":[{"count":0,"href":"https:\/\/guialimeira.com.br\/news\/wp-json\/wp\/v2\/posts\/17266\/revisions"}],"wp:featuredmedia":[{"embeddable":true,"href":"https:\/\/guialimeira.com.br\/news\/wp-json\/wp\/v2\/media\/17267"}],"wp:attachment":[{"href":"https:\/\/guialimeira.com.br\/news\/wp-json\/wp\/v2\/media?parent=17266"}],"wp:term":[{"taxonomy":"category","embeddable":true,"href":"https:\/\/guialimeira.com.br\/news\/wp-json\/wp\/v2\/categories?post=17266"},{"taxonomy":"post_tag","embeddable":true,"href":"https:\/\/guialimeira.com.br\/news\/wp-json\/wp\/v2\/tags?post=17266"}],"curies":[{"name":"wp","href":"https:\/\/api.w.org\/{rel}","templated":true}]}}