{"id":1726,"date":"2024-04-17T09:00:43","date_gmt":"2024-04-17T12:00:43","guid":{"rendered":"https:\/\/guialimeira.com.br\/2024\/04\/17\/conselho-sugere-tornozeleira-eletronica-como-medida-protetiva\/"},"modified":"2024-04-17T09:00:43","modified_gmt":"2024-04-17T12:00:43","slug":"conselho-sugere-tornozeleira-eletronica-como-medida-protetiva","status":"publish","type":"post","link":"https:\/\/guialimeira.com.br\/news\/conselho-sugere-tornozeleira-eletronica-como-medida-protetiva\/","title":{"rendered":"Conselho sugere tornozeleira eletr\u00f4nica como medida protetiva"},"content":{"rendered":"<p> <br \/>\n<\/p>\n<div>\n<p>O Conselho Nacional de Pol\u00edtica Criminal e Penitenci\u00e1ria publicou no <a href=\"http:\/\/in.gov.br\/web\/dou\/-\/recomendacao-n-3-de-26-de-marco-de-2024-554423025\" target=\"_blank\" rel=\"noopener\"><em>Di\u00e1rio Oficial da Uni\u00e3o<\/em><\/a>, desta quarta-feira (17), uma recomenda\u00e7\u00e3o de uso de monitora\u00e7\u00e3o eletr\u00f4nica, tamb\u00e9m chamada tornozeleira eletr\u00f4nica, nos agressores denunciados por viol\u00eancia dom\u00e9stica e familiar contra a mulher. A meta \u00e9 garantir que as medidas protetivas de urg\u00eancia sejam efetivas.<img data-recalc-dims=\"1\" decoding=\"async\" src=\"https:\/\/i0.wp.com\/agenciabrasil.ebc.com.br\/ebc.png?w=696&#038;ssl=1\" style=\"width:1px; height:1px; display:inline;\"\/><img data-recalc-dims=\"1\" decoding=\"async\" src=\"https:\/\/i0.wp.com\/agenciabrasil.ebc.com.br\/ebc.gif?w=696&#038;ssl=1\" style=\"width:1px; height:1px; display:inline;\"\/><\/p>\n<p>O conselho define tamb\u00e9m que, para o uso de tornozeleira eletr\u00f4nica, a autoridade judici\u00e1ria dever\u00e1, al\u00e9m de fundamentar a medida, estabelecer o per\u00edmetro, hor\u00e1rios de circula\u00e7\u00e3o e recolhimento do monitorado, al\u00e9m de definir prazos para a reavalia\u00e7\u00e3o da decis\u00e3o, que pode ser modificada ou revogada, em casos de mudan\u00e7a na situa\u00e7\u00e3o de amea\u00e7a.<\/p>\n<p>A orienta\u00e7\u00e3o foi baseada em dados do Conselho Nacional de Justi\u00e7a (CNJ) que apontaram um aumento de 20% no total de medidas protetivas de urg\u00eancia concedidas ap\u00f3s den\u00fancias de viol\u00eancia dom\u00e9stica e familiar, entre os anos de 2022 e 2023.<\/p>\n<h2>Refor\u00e7o<\/h2>\n<p>O documento tamb\u00e9m sugere o uso da ferramenta para refor\u00e7ar a aplica\u00e7\u00e3o de medidas de proibi\u00e7\u00e3o de aproxima\u00e7\u00e3o e contato com a v\u00edtima, seus familiares e testemunhas, e determina\u00e7\u00e3o de limite m\u00ednimo de dist\u00e2ncia do agressor, j\u00e1 previstos na Lei Maria da Penha (11.340\/2006).<\/p>\n<p>Uma an\u00e1lise dos dados, tamb\u00e9m apresentados pelo CNJ, teria apontado que esses tipos de medidas protetivas de urg\u00eancia foram as mais aplicadas pela Justi\u00e7a, cerca de 77% dos registros entre janeiro de 2020 e maio de 2022, em casos de viol\u00eancia contra a mulher.<\/p>\n<p>J\u00e1 para as v\u00edtimas tamb\u00e9m foi recomendada a disponibiliza\u00e7\u00e3o, sempre que poss\u00edvel, de uma Unidade Port\u00e1til de Rastreamento (UPR), dispositivo conhecido como bot\u00e3o do p\u00e2nico para prote\u00e7\u00e3o e preven\u00e7\u00e3o de novas viol\u00eancias, por meio do mapeamento de \u00e1reas de exclus\u00e3o din\u00e2micas conforme a movimenta\u00e7\u00e3o da v\u00edtima.<\/p>\n<p>Foi recomendado, ainda, que as Centrais de Monitora\u00e7\u00e3o Eletr\u00f4nica priorizem a aplica\u00e7\u00e3o dos equipamentos de monitora\u00e7\u00e3o eletr\u00f4nica para os casos de medida protetiva de urg\u00eancia motivadas por viol\u00eancia contra mulheres.<\/p>\n<\/p><\/div>\n<p><br \/>\n<br \/><a href=\"https:\/\/agenciabrasil.ebc.com.br\/geral\/noticia\/2024-04\/conselho-sugere-tornozeleira-eletronica-como-medida-protetiva\" rel=\"noopener\">Ag\u00eancia Brasil<\/a><\/p>\n","protected":false},"excerpt":{"rendered":"<p>O Conselho Nacional de Pol\u00edtica Criminal e Penitenci\u00e1ria publicou no Di\u00e1rio Oficial da Uni\u00e3o, desta quarta-feira (17), uma recomenda\u00e7\u00e3o de uso de monitora\u00e7\u00e3o eletr\u00f4nica, tamb\u00e9m chamada tornozeleira eletr\u00f4nica, nos agressores denunciados por viol\u00eancia dom\u00e9stica e familiar contra a mulher. A meta \u00e9 garantir que as medidas protetivas de urg\u00eancia sejam efetivas. O conselho define tamb\u00e9m [&hellip;]<\/p>\n","protected":false},"author":1,"featured_media":1727,"comment_status":"open","ping_status":"open","sticky":false,"template":"","format":"standard","meta":{"_jetpack_newsletter_access":"","_jetpack_dont_email_post_to_subs":false,"_jetpack_newsletter_tier_id":0,"_jetpack_memberships_contains_paywalled_content":false,"_mbp_banners":[],"_jetpack_feature_clip_id":0,"_jetpack_memberships_contains_paid_content":false,"footnotes":"","jetpack_publicize_message":"","jetpack_publicize_feature_enabled":true,"jetpack_social_post_already_shared":true,"jetpack_social_options":{"image_generator_settings":{"template":"highway","default_image_id":0,"font":"","enabled":false},"version":2},"jetpack_post_was_ever_published":false},"categories":[1],"tags":[],"class_list":["post-1726","post","type-post","status-publish","format-standard","has-post-thumbnail","category-geral"],"jetpack_publicize_connections":[],"jetpack-related-posts":[],"jetpack_shortlink":"https:\/\/wp.me\/p7Eq1F-rQ","jetpack_sharing_enabled":true,"jetpack_featured_media_url":"https:\/\/i0.wp.com\/guialimeira.com.br\/news\/wp-content\/uploads\/2024\/04\/tornozeleiras-foto_secretaria_de_justica_cidadania_e_direitos_humanos_do_parana.jpg?fit=1600%2C800&ssl=1","_links":{"self":[{"href":"https:\/\/guialimeira.com.br\/news\/wp-json\/wp\/v2\/posts\/1726","targetHints":{"allow":["GET"]}}],"collection":[{"href":"https:\/\/guialimeira.com.br\/news\/wp-json\/wp\/v2\/posts"}],"about":[{"href":"https:\/\/guialimeira.com.br\/news\/wp-json\/wp\/v2\/types\/post"}],"author":[{"embeddable":true,"href":"https:\/\/guialimeira.com.br\/news\/wp-json\/wp\/v2\/users\/1"}],"replies":[{"embeddable":true,"href":"https:\/\/guialimeira.com.br\/news\/wp-json\/wp\/v2\/comments?post=1726"}],"version-history":[{"count":0,"href":"https:\/\/guialimeira.com.br\/news\/wp-json\/wp\/v2\/posts\/1726\/revisions"}],"wp:featuredmedia":[{"embeddable":true,"href":"https:\/\/guialimeira.com.br\/news\/wp-json\/wp\/v2\/media\/1727"}],"wp:attachment":[{"href":"https:\/\/guialimeira.com.br\/news\/wp-json\/wp\/v2\/media?parent=1726"}],"wp:term":[{"taxonomy":"category","embeddable":true,"href":"https:\/\/guialimeira.com.br\/news\/wp-json\/wp\/v2\/categories?post=1726"},{"taxonomy":"post_tag","embeddable":true,"href":"https:\/\/guialimeira.com.br\/news\/wp-json\/wp\/v2\/tags?post=1726"}],"curies":[{"name":"wp","href":"https:\/\/api.w.org\/{rel}","templated":true}]}}