{"id":17252,"date":"2024-11-18T21:58:56","date_gmt":"2024-11-19T00:58:56","guid":{"rendered":"https:\/\/guialimeira.com.br\/2024\/11\/18\/carta-final-do-g20-condena-guerras-em-gaza-e-na-ucrania\/"},"modified":"2024-11-18T21:58:56","modified_gmt":"2024-11-19T00:58:56","slug":"carta-final-do-g20-condena-guerras-em-gaza-e-na-ucrania","status":"publish","type":"post","link":"https:\/\/guialimeira.com.br\/news\/carta-final-do-g20-condena-guerras-em-gaza-e-na-ucrania\/","title":{"rendered":"Carta final do G20 condena guerras em Gaza e na Ucr\u00e2nia"},"content":{"rendered":"<p> <br \/>\n<\/p>\n<div>\n<p>O <a href=\"https:\/\/www.gov.br\/planalto\/pt-br\/acompanhe-o-planalto\/g20-rio-de-janeiro-leaders-em-portugues.pdf\/view\" rel=\"noopener\">documento final da C\u00fapula de L\u00edderes<\/a> do G20 foi divulgado na tarde desta segunda-feira (18), primeiro de dia de reuni\u00f5es de chefes de Estado e de governo no Rio de Janeiro, e traz cr\u00edticas diretas \u00e0s guerras em andamento de Israel na Faixa de Gaza, territ\u00f3rio palestino, e no L\u00edbano, al\u00e9m do conflito na Ucr\u00e2nia, que sofre uma invas\u00e3o militar pela R\u00fassia.<img data-recalc-dims=\"1\" decoding=\"async\" src=\"https:\/\/i0.wp.com\/agenciabrasil.ebc.com.br\/ebc.png?w=696&#038;ssl=1\" style=\"width:1px; height:1px; display:inline;\"\/><img data-recalc-dims=\"1\" decoding=\"async\" src=\"https:\/\/i0.wp.com\/agenciabrasil.ebc.com.br\/ebc.gif?w=696&#038;ssl=1\" style=\"width:1px; height:1px; display:inline;\"\/><\/p>\n<p>&#8220;Ao expressar nossa profunda preocupa\u00e7\u00e3o com a situa\u00e7\u00e3o humanit\u00e1ria catastr\u00f3fica na Faixa de Gaza e a escalada no L\u00edbano, enfatizamos a necessidade urgente de expandir o fluxo de assist\u00eancia humanit\u00e1ria e refor\u00e7ar a prote\u00e7\u00e3o de civis e exigir a remo\u00e7\u00e3o de todas as barreiras \u00e0 presta\u00e7\u00e3o de assist\u00eancia humanit\u00e1ria em escala. Destacamos o sofrimento humano e os impactos negativos da guerra. Afirmando o direito palestino \u00e0 autodetermina\u00e7\u00e3o, reiteramos nosso compromisso inabal\u00e1vel com a vis\u00e3o da solu\u00e7\u00e3o de dois Estados, onde Israel e um Estado palestino vivem lado a lado, em paz, dentro de fronteiras seguras e reconhecidas, consistentes com o direito internacional e resolu\u00e7\u00f5es relevantes da ONU [Organiza\u00e7\u00e3o das Na\u00e7\u00f5es Unidas]&#8221;, diz o documento.<\/p>\n<p>Os l\u00edderes dos 19 pa\u00edses mais ricos do planeta tamb\u00e9m pedem um &#8220;cessar-fogo abrangente em Gaza&#8221; e tamb\u00e9m no L\u00edbano, citando resolu\u00e7\u00e3o do Conselho de Seguran\u00e7a da ONU. Sobre a situa\u00e7\u00e3o na Ucr\u00e2nia, a carta menciona o sofrimento humano em curso e os impactos que esta guerra causa \u00e0 seguran\u00e7a alimentar e energ\u00e9tica global, cadeias de suprimentos, estabilidade macrfinanceira, infal\u00e3o e crescimento. O texto tamb\u00e9m <a href=\"https:\/\/agenciabrasil.ebc.com.br\/internacional\/noticia\/2024-09\/brasil-china-e-mais-11-paises-anunciam-criacao-do-grupo-amigos-da-paz\" rel=\"noopener\">cita esfor\u00e7os para buscar uma soclu\u00e7\u00e3o<\/a> negociada para o fim da guerra.\u00a0<\/p>\n<p>&#8220;Saudamos todas as iniciativas relevantes e construtivas que apoiam uma paz abrangente, justa e duradoura, mantendo todos os Prop\u00f3sitos e Princ\u00edpios da Carta da ONU para a promo\u00e7\u00e3o de rela\u00e7\u00f5es pac\u00edficas, amig\u00e1veis e de boa vizinhan\u00e7a entre as na\u00e7\u00f5es&#8221;, aponta o trecho.<\/p>\n<p>A carta dos l\u00edderes do G20 ainda fala em &#8220;avan\u00e7ar a meta de um mundo livre de armas nucleares&#8221; e maior seguran\u00e7a global.<\/p>\n<p>Considerado o principal f\u00f3rum de coopera\u00e7\u00e3o econ\u00f4mica internacional, composto por 19 pa\u00edses (\u00c1frica do Sul, Alemanha, Ar\u00e1bia Saudita, Argentina, Austr\u00e1lia, Brasil, Canad\u00e1, China, Coreia do Sul, Estados Unidos, Fran\u00e7a, \u00cdndia, Indon\u00e9sia, It\u00e1lia, Jap\u00e3o, M\u00e9xico, Reino Unido, R\u00fassia e Turquia) e dois \u00f3rg\u00e3os regionais (Uni\u00e3o Africana e a Uni\u00e3o Europeia), o G20 foi presidido este ano pelo governo brasileiro, que vai repassar o comando tempor\u00e1rio do grupo para a \u00c1frica do Sul. A c\u00fapula de chefes de Estado e de governo, que come\u00e7ou nesta segunda, prossegue at\u00e9 amanh\u00e3 (19) no Rio de Janeiro.\u00a0<\/p>\n<p>      <!-- Relacionada --><\/p>\n<p>            <!-- Relacionada -->\n    <\/div>\n<p><br \/>\n<br \/><a href=\"https:\/\/agenciabrasil.ebc.com.br\/internacional\/noticia\/2024-11\/carta-final-do-g20-condena-guerras-em-gaza-e-na-ucrania\" rel=\"noopener\">Ag\u00eancia Brasil <\/a><\/p>\n","protected":false},"excerpt":{"rendered":"<p>O documento final da C\u00fapula de L\u00edderes do G20 foi divulgado na tarde desta segunda-feira (18), primeiro de dia de reuni\u00f5es de chefes de Estado e de governo no Rio de Janeiro, e traz cr\u00edticas diretas \u00e0s guerras em andamento de Israel na Faixa de Gaza, territ\u00f3rio palestino, e no L\u00edbano, al\u00e9m do conflito na [&hellip;]<\/p>\n","protected":false},"author":1,"featured_media":17253,"comment_status":"open","ping_status":"open","sticky":false,"template":"","format":"standard","meta":{"_jetpack_newsletter_access":"","_jetpack_dont_email_post_to_subs":false,"_jetpack_newsletter_tier_id":0,"_jetpack_memberships_contains_paywalled_content":false,"_mbp_banners":[],"_jetpack_feature_clip_id":0,"_jetpack_memberships_contains_paid_content":false,"footnotes":"","jetpack_publicize_message":"","jetpack_publicize_feature_enabled":true,"jetpack_social_post_already_shared":true,"jetpack_social_options":{"image_generator_settings":{"template":"highway","default_image_id":0,"font":"","enabled":false},"version":2},"jetpack_post_was_ever_published":false},"categories":[25],"tags":[],"class_list":["post-17252","post","type-post","status-publish","format-standard","has-post-thumbnail","category-internacional"],"jetpack_publicize_connections":[],"jetpack-related-posts":[],"jetpack_shortlink":"https:\/\/wp.me\/p7Eq1F-4ug","jetpack_sharing_enabled":true,"jetpack_featured_media_url":"https:\/\/i0.wp.com\/guialimeira.com.br\/news\/wp-content\/uploads\/2024\/11\/2024-02-16t135105z_1_lynxnpek1f0h2_rtroptp_4_israel-palestinians.jpg?fit=1600%2C800&ssl=1","_links":{"self":[{"href":"https:\/\/guialimeira.com.br\/news\/wp-json\/wp\/v2\/posts\/17252","targetHints":{"allow":["GET"]}}],"collection":[{"href":"https:\/\/guialimeira.com.br\/news\/wp-json\/wp\/v2\/posts"}],"about":[{"href":"https:\/\/guialimeira.com.br\/news\/wp-json\/wp\/v2\/types\/post"}],"author":[{"embeddable":true,"href":"https:\/\/guialimeira.com.br\/news\/wp-json\/wp\/v2\/users\/1"}],"replies":[{"embeddable":true,"href":"https:\/\/guialimeira.com.br\/news\/wp-json\/wp\/v2\/comments?post=17252"}],"version-history":[{"count":0,"href":"https:\/\/guialimeira.com.br\/news\/wp-json\/wp\/v2\/posts\/17252\/revisions"}],"wp:featuredmedia":[{"embeddable":true,"href":"https:\/\/guialimeira.com.br\/news\/wp-json\/wp\/v2\/media\/17253"}],"wp:attachment":[{"href":"https:\/\/guialimeira.com.br\/news\/wp-json\/wp\/v2\/media?parent=17252"}],"wp:term":[{"taxonomy":"category","embeddable":true,"href":"https:\/\/guialimeira.com.br\/news\/wp-json\/wp\/v2\/categories?post=17252"},{"taxonomy":"post_tag","embeddable":true,"href":"https:\/\/guialimeira.com.br\/news\/wp-json\/wp\/v2\/tags?post=17252"}],"curies":[{"name":"wp","href":"https:\/\/api.w.org\/{rel}","templated":true}]}}