{"id":17220,"date":"2024-11-18T17:54:55","date_gmt":"2024-11-18T20:54:55","guid":{"rendered":"https:\/\/guialimeira.com.br\/2024\/11\/18\/lula-adverte-para-risco-de-nova-guerra-se-ordem-global-nao-mudar\/"},"modified":"2024-11-18T17:54:55","modified_gmt":"2024-11-18T20:54:55","slug":"lula-adverte-para-risco-de-nova-guerra-se-ordem-global-nao-mudar","status":"publish","type":"post","link":"https:\/\/guialimeira.com.br\/news\/lula-adverte-para-risco-de-nova-guerra-se-ordem-global-nao-mudar\/","title":{"rendered":"Lula adverte para risco de nova guerra se ordem global n\u00e3o mudar"},"content":{"rendered":"<p> <br \/>\n<\/p>\n<div>\n<p>A moderniza\u00e7\u00e3o das institui\u00e7\u00f5es internacionais, inseridas na l\u00f3gica de um mundo multipolar, \u00e9 essencial para evitar o risco de uma nova guerra mundial ou de uma crise econ\u00f4mica de escala planet\u00e1ria, advertiu nesta segunda-feira (18) o presidente Luiz In\u00e1cio Lula da Silva. Ele abriu a segunda sess\u00e3o da C\u00fapula de L\u00edderes do G20, que discute a reforma da governan\u00e7a global.<img data-recalc-dims=\"1\" decoding=\"async\" src=\"https:\/\/i0.wp.com\/agenciabrasil.ebc.com.br\/ebc.png?w=696&#038;ssl=1\" style=\"width:1px; height:1px; display:inline;\"\/><img data-recalc-dims=\"1\" decoding=\"async\" src=\"https:\/\/i0.wp.com\/agenciabrasil.ebc.com.br\/ebc.gif?w=696&#038;ssl=1\" style=\"width:1px; height:1px; display:inline;\"\/><\/p>\n<p>\u201cA resposta para a crise do multilateralismo \u00e9 mais multilateralismo. N\u00e3o \u00e9 preciso esperar uma nova guerra mundial ou um colapso econ\u00f4mico para promover as transforma\u00e7\u00f5es de que a ordem internacional necessita\u201d, discursou o presidente no encontro, que come\u00e7ou com mais de duas horas de atraso ap\u00f3s a demora na realiza\u00e7\u00e3o da foto oficial dos l\u00edderes da reuni\u00e3o de c\u00fapula.<\/p>\n<p>Dizendo que a ordem vigente desde o fim da Segunda Guerra Mundial e o neoliberalismo n\u00e3o deram certo, Lula defendeu a reforma das institui\u00e7\u00f5es internacionais que amplie o peso dos pa\u00edses em desenvolvimento e subdesenvolvidos. A reforma da governan\u00e7a internacional \u00e9 um dos eixos da presid\u00eancia do Brasil no G20 (grupo das 19 maiores economias do planeta, mais Uni\u00e3o Europeia e Uni\u00e3o Africana).<\/p>\n<p>\u201cA globaliza\u00e7\u00e3o neoliberal fracassou. Em meio a crescentes turbul\u00eancias, a comunidade internacional parece resignada a navegar sem rumo em disputas hegem\u00f4nicas. Permanecemos \u00e0 deriva, arrastados por uma torrente que nos empurra para uma trag\u00e9dia. Mas o confronto n\u00e3o \u00e9 uma fatalidade. Negar isso \u00e9 abrir m\u00e3o da nossa responsabilidade\u201d, acrescentou Lula.<\/p>\n<p>Para Lula, o G20 tem poder para reformar a ordem internacional na medida em que o grupo re\u00fane tanto pa\u00edses ricos como em desenvolvimento.<\/p>\n<blockquote>\n<p>\u201cEm torno desta mesa est\u00e3o os l\u00edderes das maiores economias e blocos regionais do planeta. N\u00e3o h\u00e1 ningu\u00e9m em melhor posi\u00e7\u00e3o do que n\u00f3s para mudar o curso da humanidade. Este ano, a reforma da governan\u00e7a global entrou em definitivo na agenda do G20\u201d, comentou.<\/p>\n<\/blockquote>\n<h2>Conselho de Seguran\u00e7a<\/h2>\n<p>Uma das pautas da revis\u00e3o da governan\u00e7a global \u00e9 a reforma do Conselho de Seguran\u00e7a das Na\u00e7\u00f5es Unidas (ONU). Em seu discurso, Lula criticou o poder de veto dos cinco membros permanentes do Conselho de Seguran\u00e7a: Estados Unidos, R\u00fassia, China, Fran\u00e7a e Reino Unido. Segundo o presidente brasileiro, esse sistema resulta na omiss\u00e3o do poder internacional diante de guerras e conflitos.<\/p>\n<p>\u201cA omiss\u00e3o do Conselho de Seguran\u00e7a tem sido ela pr\u00f3pria uma amea\u00e7a \u00e0 paz e \u00e0 seguran\u00e7a internacional. O uso indiscriminado do veto torna o \u00f3rg\u00e3o ref\u00e9m dos cinco membros permanentes. Do Iraque \u00e0 Ucr\u00e2nia, da B\u00f3snia a Gaza, consolida-se a percep\u00e7\u00e3o de que nem todo territ\u00f3rio merece ter sua integridade respeitada e nem toda vida tem o mesmo valor\u201d, declarou Lula, numa cr\u00edtica indireta a Estados Unidos, Israel e R\u00fassia.<\/p>\n<p>O presidente acrescentou que san\u00e7\u00f5es unilaterais produzem sofrimento e atingem os mais vulner\u00e1veis. Lula mencionou conflitos esquecidos em pa\u00edses pobres e criticou interven\u00e7\u00f5es estrangeiras que n\u00e3o conseguiram resolver guerras. \u201cInterven\u00e7\u00f5es desastrosas subverteram a ordem no Afeganist\u00e3o e na L\u00edbia. A indiferen\u00e7a relegou o Sud\u00e3o e o Haiti ao esquecimento. San\u00e7\u00f5es unilaterais produzem sofrimento e atingem os mais vulner\u00e1veis\u201d, comentou.<\/p>\n<p>\u00a0<\/p>\n<p>Lula destacou que a Organiza\u00e7\u00e3o das Na\u00e7\u00f5es Unidas (ONU) foi fundada por apenas 51 pa\u00edses, dos 193 atuais. O presidente pediu maior presen\u00e7a de pa\u00edses emergentes e em desenvolvimentos nos debates e afirmou que nenhuma discuss\u00e3o pode ser interditada. \u201cA estabilidade mundial depende de institui\u00e7\u00f5es mais representativas. A pluralidade de vozes funciona como vetor de equil\u00edbrio. O futuro ser\u00e1 multipolar. Aceitar essa realidade pavimenta o caminho para a paz\u201d, disse.<\/p>\n<p>      <!-- Relacionada --><\/p>\n<p>            <!-- Relacionada -->\n    <\/div>\n<p><br \/>\n<br \/><a href=\"https:\/\/agenciabrasil.ebc.com.br\/internacional\/noticia\/2024-11\/lula-adverte-para-risco-de-nova-guerra-se-ordem-global-nao-mudar\" rel=\"noopener\">Ag\u00eancia Brasil <\/a><\/p>\n","protected":false},"excerpt":{"rendered":"<p>A moderniza\u00e7\u00e3o das institui\u00e7\u00f5es internacionais, inseridas na l\u00f3gica de um mundo multipolar, \u00e9 essencial para evitar o risco de uma nova guerra mundial ou de uma crise econ\u00f4mica de escala planet\u00e1ria, advertiu nesta segunda-feira (18) o presidente Luiz In\u00e1cio Lula da Silva. Ele abriu a segunda sess\u00e3o da C\u00fapula de L\u00edderes do G20, que discute [&hellip;]<\/p>\n","protected":false},"author":1,"featured_media":17221,"comment_status":"open","ping_status":"open","sticky":false,"template":"","format":"standard","meta":{"_jetpack_newsletter_access":"","_jetpack_dont_email_post_to_subs":false,"_jetpack_newsletter_tier_id":0,"_jetpack_memberships_contains_paywalled_content":false,"_mbp_banners":[],"_jetpack_feature_clip_id":0,"_jetpack_memberships_contains_paid_content":false,"footnotes":"","jetpack_publicize_message":"","jetpack_publicize_feature_enabled":true,"jetpack_social_post_already_shared":true,"jetpack_social_options":{"image_generator_settings":{"template":"highway","default_image_id":0,"font":"","enabled":false},"version":2},"jetpack_post_was_ever_published":false},"categories":[25],"tags":[],"class_list":["post-17220","post","type-post","status-publish","format-standard","has-post-thumbnail","category-internacional"],"jetpack_publicize_connections":[],"jetpack-related-posts":[],"jetpack_shortlink":"https:\/\/wp.me\/p7Eq1F-4tK","jetpack_sharing_enabled":true,"jetpack_featured_media_url":"https:\/\/i0.wp.com\/guialimeira.com.br\/news\/wp-content\/uploads\/2024\/11\/toms0352.jpg?fit=1600%2C800&ssl=1","_links":{"self":[{"href":"https:\/\/guialimeira.com.br\/news\/wp-json\/wp\/v2\/posts\/17220","targetHints":{"allow":["GET"]}}],"collection":[{"href":"https:\/\/guialimeira.com.br\/news\/wp-json\/wp\/v2\/posts"}],"about":[{"href":"https:\/\/guialimeira.com.br\/news\/wp-json\/wp\/v2\/types\/post"}],"author":[{"embeddable":true,"href":"https:\/\/guialimeira.com.br\/news\/wp-json\/wp\/v2\/users\/1"}],"replies":[{"embeddable":true,"href":"https:\/\/guialimeira.com.br\/news\/wp-json\/wp\/v2\/comments?post=17220"}],"version-history":[{"count":0,"href":"https:\/\/guialimeira.com.br\/news\/wp-json\/wp\/v2\/posts\/17220\/revisions"}],"wp:featuredmedia":[{"embeddable":true,"href":"https:\/\/guialimeira.com.br\/news\/wp-json\/wp\/v2\/media\/17221"}],"wp:attachment":[{"href":"https:\/\/guialimeira.com.br\/news\/wp-json\/wp\/v2\/media?parent=17220"}],"wp:term":[{"taxonomy":"category","embeddable":true,"href":"https:\/\/guialimeira.com.br\/news\/wp-json\/wp\/v2\/categories?post=17220"},{"taxonomy":"post_tag","embeddable":true,"href":"https:\/\/guialimeira.com.br\/news\/wp-json\/wp\/v2\/tags?post=17220"}],"curies":[{"name":"wp","href":"https:\/\/api.w.org\/{rel}","templated":true}]}}