{"id":17207,"date":"2024-11-18T15:48:53","date_gmt":"2024-11-18T18:48:53","guid":{"rendered":"https:\/\/guialimeira.com.br\/2024\/11\/18\/oms-convoca-g20-para-apoiar-luta-contra-cancer-de-colo-de-utero\/"},"modified":"2024-11-18T15:48:53","modified_gmt":"2024-11-18T18:48:53","slug":"oms-convoca-g20-para-apoiar-luta-contra-cancer-de-colo-de-utero","status":"publish","type":"post","link":"https:\/\/guialimeira.com.br\/news\/oms-convoca-g20-para-apoiar-luta-contra-cancer-de-colo-de-utero\/","title":{"rendered":"OMS convoca G20 para apoiar luta contra c\u00e2ncer de colo de \u00fatero"},"content":{"rendered":"<p> <br \/>\n<\/p>\n<div>\n<p>Durante visita ao Brasil, o diretor-geral da Organiza\u00e7\u00e3o Mundial da Sa\u00fade (OMS), Tedros Adhanom Ghebreyesus, fez um chamado aos l\u00edderes do G20 para que apoiem o acesso a vacinas contra o HPV, bem como ao rastreamento do v\u00edrus. \u201cVamos tornar realidade a elimina\u00e7\u00e3o do c\u00e2ncer do colo do \u00fatero\u201d, escreveu, em seu perfil na rede social X.<img data-recalc-dims=\"1\" decoding=\"async\" src=\"https:\/\/i0.wp.com\/agenciabrasil.ebc.com.br\/ebc.png?w=696&#038;ssl=1\" style=\"width:1px; height:1px; display:inline;\"\/><img data-recalc-dims=\"1\" decoding=\"async\" src=\"https:\/\/i0.wp.com\/agenciabrasil.ebc.com.br\/ebc.gif?w=696&#038;ssl=1\" style=\"width:1px; height:1px; display:inline;\"\/><\/p>\n<p>Ao chegar ao Rio de Janeiro para a C\u00fapula de L\u00edderes do G20, Tedros fez refer\u00eancia \u00e0 ilumina\u00e7\u00e3o azul projetada no Cristo Redentor, em apoio ao movimento global de combate ao HPV e pela elimina\u00e7\u00e3o do c\u00e2ncer do\u00a0colo do\u00a0\u00fatero. \u201cEsse \u00e9 o \u00fanico c\u00e2ncer que temos todas as ferramentas para eliminar\u201d, postou o diretor da OMS nas redes sociais.<\/p>\n<h2>Brasil<\/h2>\n<p>Dados do Minist\u00e9rio da Sa\u00fade indicam que o Brasil registra, em m\u00e9dia, 17 mil casos e cerca de 6,5 mil mortes por c\u00e2ncer do\u00a0colo do\u00a0\u00fatero todos os anos. A doen\u00e7a figura como o terceiro tumor mais incidente entre a popula\u00e7\u00e3o feminina, atr\u00e1s apenas do c\u00e2ncer colorretal e do c\u00e2ncer de mama.<\/p>\n<p>Em nota, a pasta refor\u00e7ou a estrat\u00e9gia atual de uma \u00fanica dose contra o HPV para crian\u00e7as e adolescentes de 9 a 14 anos por meio da estrat\u00e9gia de vacina\u00e7\u00e3o nas escolas. Em 2023, segundo a pasta, a cobertura vacinal no pa\u00eds para o HPV aumentou em 42% quando comparada a de 2022.<\/p>\n<p>O comunicado destaca tamb\u00e9m a inclus\u00e3o de novos grupos, classificados como em situa\u00e7\u00e3o de vulnerabilidade para a imuniza\u00e7\u00e3o contra o HPV, como v\u00edtimas de viol\u00eancia sexual e usu\u00e1rios de profilaxia pr\u00e9-exposi\u00e7\u00e3o (PrEP).<\/p>\n<p>A pasta cita ainda o processo de incorpora\u00e7\u00e3o da testagem molecular do HPV ao Sistema \u00danico de Sa\u00fade (SUS). Com apoio do Instituto Nacional de C\u00e2ncer (Inca), o Minist\u00e9rio informou que elabora novas diretrizes, a serem submetidas \u00e0 consulta p\u00fablica, para orientar a implanta\u00e7\u00e3o da tecnologia nos estados e munic\u00edpios.<\/p>\n<h2>Doen\u00e7a<\/h2>\n<p>O c\u00e2ncer do colo do \u00fatero, tamb\u00e9m conhecido como c\u00e2ncer cervical, \u00e9 causado pela infec\u00e7\u00e3o genital persistente provocada por alguns tipos de HPV. O v\u00edrus, sexualmente transmiss\u00edvel, \u00e9 frequente na popula\u00e7\u00e3o.<\/p>\n<p>O cont\u00e1gio pode ser evitado por meio do uso de preservativos. A imuniza\u00e7\u00e3o, entretanto, \u00e9 considerada a forma mais eficaz de se proteger da infec\u00e7\u00e3o e, consequentemente, de prevenir o desenvolvimento do c\u00e2ncer do\u00a0colo do\u00a0\u00fatero.<\/p>\n<p>A presen\u00e7a do v\u00edrus e de les\u00f5es pr\u00e9-cancerosas pode ser identificada por meio de exames preventivos. O quadro \u00e9 cur\u00e1vel na quase totalidade dos casos. Outros fatores de risco para o desenvolvimento do c\u00e2ncer colorretal s\u00e3o o tabagismo e a baixa imunidade.<\/p>\n<p>Atualmente, podem se vacinar contra o HPV, no SUS, os seguintes grupos:<\/p>\n<p>&#8211; adolescentes de 9 a 14 anos;<\/p>\n<p>&#8211; v\u00edtimas de abuso sexual;<\/p>\n<p>&#8211; pessoas que vivem com HIV; transplantados de \u00f3rg\u00e3os s\u00f3lidos e de medula \u00f3ssea; e pacientes oncol\u00f3gicos com idade entre 9 e 45 anos.<\/p>\n<p>      <!-- Relacionada --><\/p>\n<p>            <!-- Relacionada -->\n    <\/div>\n<p><br \/>\n<br \/><a href=\"https:\/\/agenciabrasil.ebc.com.br\/saude\/noticia\/2024-11\/oms-convoca-g20-para-apoiar-luta-contra-cancer-do-colo-do-utero\" rel=\"noopener\">Ag\u00eancia Brasil <\/a><\/p>\n","protected":false},"excerpt":{"rendered":"<p>Durante visita ao Brasil, o diretor-geral da Organiza\u00e7\u00e3o Mundial da Sa\u00fade (OMS), Tedros Adhanom Ghebreyesus, fez um chamado aos l\u00edderes do G20 para que apoiem o acesso a vacinas contra o HPV, bem como ao rastreamento do v\u00edrus. \u201cVamos tornar realidade a elimina\u00e7\u00e3o do c\u00e2ncer do colo do \u00fatero\u201d, escreveu, em seu perfil na rede [&hellip;]<\/p>\n","protected":false},"author":1,"featured_media":17208,"comment_status":"open","ping_status":"open","sticky":false,"template":"","format":"standard","meta":{"_jetpack_newsletter_access":"","_jetpack_dont_email_post_to_subs":false,"_jetpack_newsletter_tier_id":0,"_jetpack_memberships_contains_paywalled_content":false,"_mbp_banners":[],"_jetpack_feature_clip_id":0,"_jetpack_memberships_contains_paid_content":false,"footnotes":"","jetpack_publicize_message":"","jetpack_publicize_feature_enabled":true,"jetpack_social_post_already_shared":true,"jetpack_social_options":{"image_generator_settings":{"template":"highway","default_image_id":0,"font":"","enabled":false},"version":2},"jetpack_post_was_ever_published":false},"categories":[15],"tags":[],"class_list":["post-17207","post","type-post","status-publish","format-standard","has-post-thumbnail","category-saude"],"jetpack_publicize_connections":[],"jetpack-related-posts":[],"jetpack_shortlink":"https:\/\/wp.me\/p7Eq1F-4tx","jetpack_sharing_enabled":true,"jetpack_featured_media_url":"https:\/\/i0.wp.com\/guialimeira.com.br\/news\/wp-content\/uploads\/2024\/11\/diretor-geral_da_oms_tedros_adhanom1805200337.jpg?fit=1600%2C800&ssl=1","_links":{"self":[{"href":"https:\/\/guialimeira.com.br\/news\/wp-json\/wp\/v2\/posts\/17207","targetHints":{"allow":["GET"]}}],"collection":[{"href":"https:\/\/guialimeira.com.br\/news\/wp-json\/wp\/v2\/posts"}],"about":[{"href":"https:\/\/guialimeira.com.br\/news\/wp-json\/wp\/v2\/types\/post"}],"author":[{"embeddable":true,"href":"https:\/\/guialimeira.com.br\/news\/wp-json\/wp\/v2\/users\/1"}],"replies":[{"embeddable":true,"href":"https:\/\/guialimeira.com.br\/news\/wp-json\/wp\/v2\/comments?post=17207"}],"version-history":[{"count":0,"href":"https:\/\/guialimeira.com.br\/news\/wp-json\/wp\/v2\/posts\/17207\/revisions"}],"wp:featuredmedia":[{"embeddable":true,"href":"https:\/\/guialimeira.com.br\/news\/wp-json\/wp\/v2\/media\/17208"}],"wp:attachment":[{"href":"https:\/\/guialimeira.com.br\/news\/wp-json\/wp\/v2\/media?parent=17207"}],"wp:term":[{"taxonomy":"category","embeddable":true,"href":"https:\/\/guialimeira.com.br\/news\/wp-json\/wp\/v2\/categories?post=17207"},{"taxonomy":"post_tag","embeddable":true,"href":"https:\/\/guialimeira.com.br\/news\/wp-json\/wp\/v2\/tags?post=17207"}],"curies":[{"name":"wp","href":"https:\/\/api.w.org\/{rel}","templated":true}]}}