{"id":1719,"date":"2024-04-17T02:54:43","date_gmt":"2024-04-17T05:54:43","guid":{"rendered":"https:\/\/guialimeira.com.br\/2024\/04\/17\/incra-aprova-criacao-do-assentamento-olga-benario-no-tocantins\/"},"modified":"2024-04-17T02:54:43","modified_gmt":"2024-04-17T05:54:43","slug":"incra-aprova-criacao-do-assentamento-olga-benario-no-tocantins","status":"publish","type":"post","link":"https:\/\/guialimeira.com.br\/news\/incra-aprova-criacao-do-assentamento-olga-benario-no-tocantins\/","title":{"rendered":"Incra aprova cria\u00e7\u00e3o do Assentamento Olga Ben\u00e1rio no Tocantins"},"content":{"rendered":"<p> <br \/>\n<\/p>\n<div>\n<p>Ap\u00f3s quase dez anos de impasse, o Instituto Nacional de Coloniza\u00e7\u00e3o e Reforma Agr\u00e1ria (Incra) destinou 724 hectares da Fazenda Sinuelo, no munic\u00edpio de Taboc\u00e3o (TO), \u00e0s fam\u00edlias do acampamento Olga Ben\u00e1rio,\u00a0do Movimento dos Trabalhadores Rurais Sem Terra (MST).<img data-recalc-dims=\"1\" decoding=\"async\" src=\"https:\/\/i0.wp.com\/agenciabrasil.ebc.com.br\/ebc.png?w=696&#038;ssl=1\" style=\"width:1px; height:1px; display:inline;\"\/><img data-recalc-dims=\"1\" decoding=\"async\" src=\"https:\/\/i0.wp.com\/agenciabrasil.ebc.com.br\/ebc.gif?w=696&#038;ssl=1\" style=\"width:1px; height:1px; display:inline;\"\/><\/p>\n<p>A medida que oficializa a cria\u00e7\u00e3o de um projeto de assentamento para 58 unidades agr\u00edcolas foi publicada nesta ter\u00e7a-feira (16), no <em><a href=\"http:\/\/propriedade \u00e9 a segunda ocupa\u00e7\u00e3o feita pelas fam\u00edlias de agricultores que reivindicam a reforma agr\u00e1ria na regi\u00e3o\" target=\"_blank\" rel=\"noopener\">Di\u00e1rio Oficial da Uni\u00e3o<\/a><\/em>.<\/p>\n<p>A propriedade \u00e9 a segunda ocupa\u00e7\u00e3o feita pelas fam\u00edlias de agricultores que reivindicam a reforma agr\u00e1ria na regi\u00e3o. Em mar\u00e7o de 2014, os trabalhadores ocuparam a Fazenda Araguarina, que chegou a ser vistoriada pelo Incra para desapropria\u00e7\u00e3o e destina\u00e7\u00e3o social, mas uma a\u00e7\u00e3o judicial movida pelo Departamento Nacional de Infraestrutura de Transportes (Dnit), no mesmo ano, paralisou o processo.<\/p>\n<p>Na \u00e9poca, l\u00edderes do MST chegaram a apontar motiva\u00e7\u00f5es pol\u00edticas para a a\u00e7\u00e3o judicial. \u201cO superintendente do Dnit aqui no Tocantins \u00e9 indicado pela senadora K\u00e1tia Abreu (PMDB-TO), e sabemos que est\u00e1 havendo uma press\u00e3o dos ruralistas sobre o \u00f3rg\u00e3o para remo\u00e7\u00e3o do acampamento da BR-153\u201d, disse o coordenador nacional do movimento Antonio Marcos.<\/p>\n<div class=\"dnd-widget-wrapper context-medio_4colunas type-image atom-align-left\">\n<div class=\"dnd-atom-rendered\"><!-- scald=380813:medio_4colunas {\"additionalClasses\":\"\"} --><\/p>\n<div class=\"shadow overflow-hidden rounded-lg d-block w-100\">\n            <img data-recalc-dims=\"1\" decoding=\"async\" src=\"https:\/\/i0.wp.com\/agenciabrasil.ebc.com.br\/sites\/default\/files\/thumbnails\/image\/loading_v2.gif?w=696&#038;ssl=1\" data-echo=\"https:\/\/imagens.ebc.com.br\/y5S-GUFU_shRs5v2PDGsPoGAUx8=\/365x0\/smart\/https:\/\/agenciabrasil.ebc.com.br\/sites\/default\/files\/thumbnails\/image\/2024\/04\/16\/37153667892_067015d5f7_b-1.jpg?itok=osMlGwy-\" alt=\"REFORMA AGR\u00c1RIA - MST - Incra aprova cria\u00e7\u00e3o do Assentamento Olga Ben\u00e1rio no Tocantins. Foto: MST\" title=\"MST\" class=\"flex-fill img-cover\"\/><br \/>\n        <img data-recalc-dims=\"1\" decoding=\"async\" src=\"https:\/\/i0.wp.com\/imagens.ebc.com.br\/y5S-GUFU_shRs5v2PDGsPoGAUx8%3D\/365x0\/smart\/https%3A\/\/agenciabrasil.ebc.com.br\/sites\/default\/files\/thumbnails\/image\/2024\/04\/16\/37153667892_067015d5f7_b-1.jpg?w=696&#038;ssl=1\" alt=\"REFORMA AGR\u00c1RIA - MST - Incra aprova cria\u00e7\u00e3o do Assentamento Olga Ben\u00e1rio no Tocantins. Foto: MST\" title=\"MST\" class=\"flex-fill img-cover\"\/>\n    <\/div>\n<p><!-- END scald=380813 --><\/div>\n<div class=\"dnd-caption-wrapper\">\n<p><!--copyright=380813-->REFORMA AGR\u00c1RIA &#8211;\u00a0Assentamento Olga Ben\u00e1rio, no Tocantins. Foto: MST<!--END copyright=380813--><\/p>\n<\/div>\n<\/div>\n<p>Com o impasse, em abril de 2017, parte das fam\u00edlias do acampamento Olga Ben\u00e1rio ocupou a Fazenda Sinuelo, que j\u00e1 havia sido desapropriada pela Uni\u00e3o em 2006, ap\u00f3s investiga\u00e7\u00f5es da Pol\u00edcia Federal apontarem o uso da terra para cultivo de plantas psicotr\u00f3picas pelo tr\u00e1fico de drogas. Nesses casos a pr\u00f3pria Constitui\u00e7\u00e3o Federal j\u00e1 determina o confisco judicial e a destina\u00e7\u00e3o para fins de reforma agr\u00e1ria.<\/p>\n<p>Com a defini\u00e7\u00e3o, a Superintend\u00eancia Regional do Incra no Tocantins iniciar\u00e1 a inclus\u00e3o das unidades familiares citadas no processo como benefici\u00e1rias do Programa Nacional de Reforma Agr\u00e1ria, o que garantir\u00e1 aos trabalhadores o acesso \u00e0s pol\u00edticas p\u00fablicas que garantam a perman\u00eancia das fam\u00edlias nas terras, como a oferta de cr\u00e9dito para o desenvolvimento das atividades produtivas sustent\u00e1veis.<\/p>\n<h2>Olga Ben\u00e1rio<\/h2>\n<p>O novo assentamento receber\u00e1 o nome da militante comunista de origem alem\u00e3, que desde os 15 anos de idade ingressou na luta contra o fascismo e que foi enviada pelo Partido Internacional Comunista ao Brasil para acompanhar Lu\u00eds Carlos Prestes, ent\u00e3o perseguido pelo Estado Novo de Get\u00falio Vargas.<\/p>\n<p>Prestes e Olga lideraram a cria\u00e7\u00e3o da Alian\u00e7a Nacional Libertadora (ANL), uma frente que reunia v\u00e1rios movimentos da esquerda e que lutava por um governo revolucion\u00e1rio popular e contra o latif\u00fandio e a amea\u00e7a fascistas.<\/p>\n<\/p><\/div>\n<p><br \/>\n<br \/><a href=\"https:\/\/agenciabrasil.ebc.com.br\/geral\/noticia\/2024-04\/incra-aprova-criacao-do-assentamento-olga-benario-no-tocantins\" rel=\"noopener\">Ag\u00eancia Brasil<\/a><\/p>\n","protected":false},"excerpt":{"rendered":"<p>Ap\u00f3s quase dez anos de impasse, o Instituto Nacional de Coloniza\u00e7\u00e3o e Reforma Agr\u00e1ria (Incra) destinou 724 hectares da Fazenda Sinuelo, no munic\u00edpio de Taboc\u00e3o (TO), \u00e0s fam\u00edlias do acampamento Olga Ben\u00e1rio,\u00a0do Movimento dos Trabalhadores Rurais Sem Terra (MST). A medida que oficializa a cria\u00e7\u00e3o de um projeto de assentamento para 58 unidades agr\u00edcolas foi [&hellip;]<\/p>\n","protected":false},"author":1,"featured_media":1720,"comment_status":"open","ping_status":"open","sticky":false,"template":"","format":"standard","meta":{"_jetpack_newsletter_access":"","_jetpack_dont_email_post_to_subs":false,"_jetpack_newsletter_tier_id":0,"_jetpack_memberships_contains_paywalled_content":false,"_mbp_banners":[],"_jetpack_feature_clip_id":0,"_jetpack_memberships_contains_paid_content":false,"footnotes":"","jetpack_publicize_message":"","jetpack_publicize_feature_enabled":true,"jetpack_social_post_already_shared":true,"jetpack_social_options":{"image_generator_settings":{"template":"highway","default_image_id":0,"font":"","enabled":false},"version":2},"jetpack_post_was_ever_published":false},"categories":[1],"tags":[],"class_list":["post-1719","post","type-post","status-publish","format-standard","has-post-thumbnail","category-geral"],"jetpack_publicize_connections":[],"jetpack-related-posts":[],"jetpack_shortlink":"https:\/\/wp.me\/p7Eq1F-rJ","jetpack_sharing_enabled":true,"jetpack_featured_media_url":"https:\/\/i0.wp.com\/guialimeira.com.br\/news\/wp-content\/uploads\/2024\/04\/37153275932_dcb3bd4b8b_b-2.jpg?fit=1600%2C800&ssl=1","_links":{"self":[{"href":"https:\/\/guialimeira.com.br\/news\/wp-json\/wp\/v2\/posts\/1719","targetHints":{"allow":["GET"]}}],"collection":[{"href":"https:\/\/guialimeira.com.br\/news\/wp-json\/wp\/v2\/posts"}],"about":[{"href":"https:\/\/guialimeira.com.br\/news\/wp-json\/wp\/v2\/types\/post"}],"author":[{"embeddable":true,"href":"https:\/\/guialimeira.com.br\/news\/wp-json\/wp\/v2\/users\/1"}],"replies":[{"embeddable":true,"href":"https:\/\/guialimeira.com.br\/news\/wp-json\/wp\/v2\/comments?post=1719"}],"version-history":[{"count":0,"href":"https:\/\/guialimeira.com.br\/news\/wp-json\/wp\/v2\/posts\/1719\/revisions"}],"wp:featuredmedia":[{"embeddable":true,"href":"https:\/\/guialimeira.com.br\/news\/wp-json\/wp\/v2\/media\/1720"}],"wp:attachment":[{"href":"https:\/\/guialimeira.com.br\/news\/wp-json\/wp\/v2\/media?parent=1719"}],"wp:term":[{"taxonomy":"category","embeddable":true,"href":"https:\/\/guialimeira.com.br\/news\/wp-json\/wp\/v2\/categories?post=1719"},{"taxonomy":"post_tag","embeddable":true,"href":"https:\/\/guialimeira.com.br\/news\/wp-json\/wp\/v2\/tags?post=1719"}],"curies":[{"name":"wp","href":"https:\/\/api.w.org\/{rel}","templated":true}]}}