{"id":17188,"date":"2024-11-18T12:49:48","date_gmt":"2024-11-18T15:49:48","guid":{"rendered":"https:\/\/guialimeira.com.br\/2024\/11\/18\/argentina-e-unico-pais-do-g20-que-nao-aderiu-a-alianca-contra-fome\/"},"modified":"2024-11-18T12:49:48","modified_gmt":"2024-11-18T15:49:48","slug":"argentina-e-unico-pais-do-g20-que-nao-aderiu-a-alianca-contra-fome","status":"publish","type":"post","link":"https:\/\/guialimeira.com.br\/news\/argentina-e-unico-pais-do-g20-que-nao-aderiu-a-alianca-contra-fome\/","title":{"rendered":"Argentina \u00e9 \u00fanico pa\u00eds do G20 que n\u00e3o aderiu \u00e0 Alian\u00e7a contra fome"},"content":{"rendered":"<p> <br \/>\n<\/p>\n<div>\n<p>O governo da Argentina foi o \u00fanico do G20 a n\u00e3o aderir \u00e0 Alian\u00e7a Global contra a Fome e a Pobreza.\u00a0A iniciativa promovida pelo Brasil busca criar uma plataforma independente internacional para captar recursos para financiar pol\u00edticas de transfer\u00eancia de renda em pa\u00edses de renda baixa ou m\u00e9dia-baixa.<img data-recalc-dims=\"1\" decoding=\"async\" src=\"https:\/\/i0.wp.com\/agenciabrasil.ebc.com.br\/ebc.png?w=696&#038;ssl=1\" style=\"width:1px; height:1px; display:inline;\"\/><img data-recalc-dims=\"1\" decoding=\"async\" src=\"https:\/\/i0.wp.com\/agenciabrasil.ebc.com.br\/ebc.gif?w=696&#038;ssl=1\" style=\"width:1px; height:1px; display:inline;\"\/><\/p>\n<p>A n\u00e3o ades\u00e3o da Argentina ao projeto ocorre enquanto a pobreza aumenta no pa\u00eds, tendo ultrapassado 50% da popula\u00e7\u00e3o nos seis primeiros seis meses do presidente Javier Milei. O <a href=\"https:\/\/agenciabrasil.ebc.com.br\/internacional\/noticia\/2024-09\/medidas-de-austeridade-de-milei-levam-metade-da-argentina-para-pobreza https:\/\/agenciabrasil.ebc.com.br\/internacional\/noticia\/2024-06\/falta-de-alimentos-para-restaurantes-populares-abre-crise-na-argentina\" target=\"_blank\" rel=\"noopener\">governo <\/a><a href=\"https:\/\/agenciabrasil.ebc.com.br\/internacional\/noticia\/2024-09\/medidas-de-austeridade-de-milei-levam-metade-da-argentina-para-pobreza\" target=\"_blank\" rel=\"noopener\">argentino ainda cortou verba para os comedores populares<\/a>, levando ao fechamento de dezenas de restaurantes que distribui alimentos para pessoas em situa\u00e7\u00e3o de pobreza.<\/p>\n<p>A Alian\u00e7a foi lan\u00e7ada nesta segunda-feira (18), na c\u00fapula do G20, no Rio de Janeiro, pelo presidente Luiz In\u00e1cio Lula da Silva. Aderiram \u00e0 iniciativa 81 pa\u00edses, al\u00e9m da Uni\u00e3o Africana e Uni\u00e3o Europeia, nove institui\u00e7\u00f5es financeiras, 24 organiza\u00e7\u00f5es internacionais e 31 entidades filantr\u00f3picas e n\u00e3o governamentais, somando 147 membros fundadores.<\/p>\n<p>A ades\u00e3o est\u00e1 aberta desde julho deste ano e os pa\u00edses podem aderir a qualquer momento. Al\u00e9m dos pa\u00edses do G20, aderiram \u00e0 iniciativa na\u00e7\u00f5es como Uruguai, Ucr\u00e2nia, Su\u00ed\u00e7a, Nig\u00e9ria, Angola, Col\u00f4mbia, Jord\u00e2nia, L\u00edbano, entre outras. A expectativa \u00e9 que a estrutura de governan\u00e7a da Alian\u00e7a esteja pronta at\u00e9 2025.<\/p>\n<p>Neste domingo (17), o <a href=\"https:\/\/agenciabrasil.ebc.com.br\/internacional\/noticia\/2024-11\/secretario-geral-da-onu-pede-espirito-de-consenso-para-g20-avancar\" target=\"_blank\" rel=\"noopener\">secret\u00e1rio-geral da ONU, Ant\u00f3nio Guterres<\/a>, ao ser questionado sobre a postura do governo Milei no G20, pediu para que todos os pa\u00edses terem consensos em torno de temas para combater a desigualdade.<\/p>\n<p>&#8220;Fa\u00e7o esse apelo a todos os pa\u00edses, agora que est\u00e3o em curso as negocia\u00e7\u00f5es do G20, para que tenham esp\u00edrito de consenso, para que exibam bom senso e que encontrem as possibilidades de transformar essa reuni\u00e3o do G20 num \u00eaxito, com decis\u00f5es que sejam relevantes para a ordem internacional. Se o G20 se divide, ele perde import\u00e2ncia a n\u00edvel global. E, do meu ponto de vista, \u00e9 algo indesej\u00e1vel para um mundo que j\u00e1 tem tantas divis\u00f5es geopol\u00edticas&#8221;, disse o secret\u00e1rio-geral.<\/p>\n<p>Existe a expectativa ainda se Milei ir\u00e1 concordar com outras iniciativas do Brasil no G20, como a proposta para taxa\u00e7\u00e3o dos super ricos e de medidas contra as mudan\u00e7as\u00a0clim\u00e1ticas.\u00a0<\/p>\n<p>No caso da Alian\u00e7a\u00a0Contra a Fome, a ades\u00e3o ao programa E formalizada por meio de uma Declara\u00e7\u00e3o de Compromisso que define medidas gerais e personalizadas a serem adotadas pelos membros da Alian\u00e7a Global contra a fome alinhadas `com as prioridades e condi\u00e7\u00f5es espec\u00edficas de cada membro`.\u00a0<\/p>\n<p>O governo brasileiro espera beneficiar 500 milh\u00f5es de pessoas com programas de transfer\u00eancia de renda em todo o mundo at\u00e9 2030, al\u00e9m expandir as refei\u00e7\u00f5es escolares de alta qualidade para mais 150 milh\u00f5es de crian\u00e7as em pa\u00edses com pobreza infantil e fome end\u00eamicas, e arrecadar bilh\u00f5es em cr\u00e9dito e doa\u00e7\u00f5es por meio de bancos multilaterais de desenvolvimento para implementar esses e outros programas.<\/p>\n<p>Segundo a Organiza\u00e7\u00e3o da ONU para Alimenta\u00e7\u00e3o e Agricultura (FAO), <a href=\"https:\/\/agenciabrasil.ebc.com.br\/geral\/noticia\/2024-07\/fao-uma-em-cada-11-pessoas-no-mundo-pode-ter-passado-fome-em-2023\" target=\"_blank\" rel=\"noopener\">cerca de 750 milh\u00f5es de pessoas passaram fome no mundo em 2023<\/a>, o que d\u00e1 uma pessoa com fome para cada 11 no mundo.<\/p>\n<p>      <!-- Relacionada --><\/p>\n<p>            <!-- Relacionada -->\n    <\/div>\n<p><br \/>\n<br \/><a href=\"https:\/\/agenciabrasil.ebc.com.br\/internacional\/noticia\/2024-11\/argentina-e-unico-pais-do-g20-que-nao-aderiu-alianca-contra-fome\" rel=\"noopener\">Ag\u00eancia Brasil <\/a><\/p>\n","protected":false},"excerpt":{"rendered":"<p>O governo da Argentina foi o \u00fanico do G20 a n\u00e3o aderir \u00e0 Alian\u00e7a Global contra a Fome e a Pobreza.\u00a0A iniciativa promovida pelo Brasil busca criar uma plataforma independente internacional para captar recursos para financiar pol\u00edticas de transfer\u00eancia de renda em pa\u00edses de renda baixa ou m\u00e9dia-baixa. A n\u00e3o ades\u00e3o da Argentina ao projeto [&hellip;]<\/p>\n","protected":false},"author":1,"featured_media":17189,"comment_status":"open","ping_status":"open","sticky":false,"template":"","format":"standard","meta":{"_jetpack_newsletter_access":"","_jetpack_dont_email_post_to_subs":false,"_jetpack_newsletter_tier_id":0,"_jetpack_memberships_contains_paywalled_content":false,"_mbp_banners":[],"_jetpack_feature_clip_id":0,"_jetpack_memberships_contains_paid_content":false,"footnotes":"","jetpack_publicize_message":"","jetpack_publicize_feature_enabled":true,"jetpack_social_post_already_shared":true,"jetpack_social_options":{"image_generator_settings":{"template":"highway","default_image_id":0,"font":"","enabled":false},"version":2},"jetpack_post_was_ever_published":false},"categories":[25],"tags":[],"class_list":["post-17188","post","type-post","status-publish","format-standard","has-post-thumbnail","category-internacional"],"jetpack_publicize_connections":[],"jetpack-related-posts":[],"jetpack_shortlink":"https:\/\/wp.me\/p7Eq1F-4te","jetpack_sharing_enabled":true,"jetpack_featured_media_url":"https:\/\/i0.wp.com\/guialimeira.com.br\/news\/wp-content\/uploads\/2024\/11\/toms0366.jpg?fit=1600%2C800&ssl=1","_links":{"self":[{"href":"https:\/\/guialimeira.com.br\/news\/wp-json\/wp\/v2\/posts\/17188","targetHints":{"allow":["GET"]}}],"collection":[{"href":"https:\/\/guialimeira.com.br\/news\/wp-json\/wp\/v2\/posts"}],"about":[{"href":"https:\/\/guialimeira.com.br\/news\/wp-json\/wp\/v2\/types\/post"}],"author":[{"embeddable":true,"href":"https:\/\/guialimeira.com.br\/news\/wp-json\/wp\/v2\/users\/1"}],"replies":[{"embeddable":true,"href":"https:\/\/guialimeira.com.br\/news\/wp-json\/wp\/v2\/comments?post=17188"}],"version-history":[{"count":0,"href":"https:\/\/guialimeira.com.br\/news\/wp-json\/wp\/v2\/posts\/17188\/revisions"}],"wp:featuredmedia":[{"embeddable":true,"href":"https:\/\/guialimeira.com.br\/news\/wp-json\/wp\/v2\/media\/17189"}],"wp:attachment":[{"href":"https:\/\/guialimeira.com.br\/news\/wp-json\/wp\/v2\/media?parent=17188"}],"wp:term":[{"taxonomy":"category","embeddable":true,"href":"https:\/\/guialimeira.com.br\/news\/wp-json\/wp\/v2\/categories?post=17188"},{"taxonomy":"post_tag","embeddable":true,"href":"https:\/\/guialimeira.com.br\/news\/wp-json\/wp\/v2\/tags?post=17188"}],"curies":[{"name":"wp","href":"https:\/\/api.w.org\/{rel}","templated":true}]}}