{"id":17175,"date":"2024-11-17T18:31:45","date_gmt":"2024-11-17T21:31:45","guid":{"rendered":"https:\/\/guialimeira.com.br\/2024\/11\/17\/brasil-e-italia-reforcam-lacos-historicos-e-discutem-situacao-da-enel\/"},"modified":"2024-11-17T18:31:45","modified_gmt":"2024-11-17T21:31:45","slug":"brasil-e-italia-reforcam-lacos-historicos-e-discutem-situacao-da-enel","status":"publish","type":"post","link":"https:\/\/guialimeira.com.br\/news\/brasil-e-italia-reforcam-lacos-historicos-e-discutem-situacao-da-enel\/","title":{"rendered":"Brasil e It\u00e1lia refor\u00e7am la\u00e7os hist\u00f3ricos e discutem situa\u00e7\u00e3o da Enel"},"content":{"rendered":"<p> <br \/>\n<\/p>\n<div>\n<p>Em encontro com a primeira-ministra da It\u00e1lia, Giorgia Meloni, que ocupa atualmente a presid\u00eancia do G7, o presidente do Brasil, Luiz In\u00e1cio Lula da Silva,\u00a0reafirmou a alian\u00e7a e\u00a0a liga\u00e7\u00e3o profunda entre os dois pa\u00edses. Meloni destacou os 800 mil cidad\u00e3os italianos e 30 milh\u00f5es de descendentes de italianos que vivem no Brasil, quase 20% da\u00a0popula\u00e7\u00e3o brasileira.<img data-recalc-dims=\"1\" decoding=\"async\" src=\"https:\/\/i0.wp.com\/agenciabrasil.ebc.com.br\/ebc.png?w=696&#038;ssl=1\" style=\"width:1px; height:1px; display:inline;\"\/><img data-recalc-dims=\"1\" decoding=\"async\" src=\"https:\/\/i0.wp.com\/agenciabrasil.ebc.com.br\/ebc.gif?w=696&#038;ssl=1\" style=\"width:1px; height:1px; display:inline;\"\/><\/p>\n<p>A empresa Enel, que tem participa\u00e7\u00e3o do governo italiano, foi um dos temas debatidos no Forte de Copacabana, e Lula\u00a0pontuou a necessidade de\u00a0melhoria nos servi\u00e7os prestados pela concession\u00e1ria, duramente criticados no \u00faltimo ano em S\u00e3o Paulo, onde ao menos tr\u00eas apag\u00f5es atingiram a regi\u00e3o metropolitana no per\u00edodo.\u00a0\u00a0<\/p>\n<p>Meloni lembrou que as empresas italianas t\u00eam planos de investir no Brasil 40 bilh\u00f5es de euros, reafirmando o interesse na atualiza\u00e7\u00e3o dos acordos de parceria e coopera\u00e7\u00e3o econ\u00f4mica entre os dois pa\u00edses, principalmente nas pautas de desenvolvimento, transi\u00e7\u00e3o energ\u00e9tica e seguran\u00e7a alimentar.\u00a0<\/p>\n<p>Participaram da reuni\u00e3o os ministros das Rela\u00e7\u00f5es Exteriores, Mauro Vieira; da Fazenda, Fernando Haddad; da Casa Civil, Rui Costa; da Agricultura, Carlos F\u00e1varo, e de Minas e Energia, Alexandre Silveira. Tamb\u00e9m participou o assessor especial para assuntos internacionais Celso Amorim.<\/p>\n<h2>Encontros<\/h2>\n<p>Os encontros n\u00e3o se resumiram ao parceiro europeu. Mais cedo, o presidente se encontrou com o primeiro-ministro da Mal\u00e1sia, Anwar Ibrahim. As discuss\u00f5es foram em torno do lan\u00e7amento da Alian\u00e7a Global Contra a Fome e a Pobreza, previsto para esta segunda-feira (18), e sobre a import\u00e2ncia da na\u00e7\u00e3o sul-asi\u00e1tica na \u00e1rea de semicondutores.\u00a0<\/p>\n<p>\u00c9 a primeira vez que o\u00a0primeiro-ministro visita o Brasil. Ibrahim ressaltou no encontro que o presidente Lula talvez n\u00e3o saiba, mas tem muitos admiradores na Mal\u00e1sia, pelo seu significado na \u00e1rea da justi\u00e7a social e por sua tenacidade. Os dois l\u00edderes tamb\u00e9m falaram de apoio \u00e0 posi\u00e7\u00e3o brasileira de reforma na governan\u00e7a global.<\/p>\n<p>O presidente Lula e ministros tamb\u00e9m tiveram reuni\u00e3o bilateral com o pr\u00edncipe herdeiro de Abu Dhabi, Sheikh Khaled bin Mohamed bin Zayed Al Nahyan, chefe da delega\u00e7\u00e3o dos Emirados \u00c1rabes, que participar\u00e1 como pa\u00eds convidado da reuni\u00e3o do G20.<\/p>\n<p>As discuss\u00f5es giraram em torno da assinatura de acordos de coopera\u00e7\u00e3o e investimento em energia e infraestrutura. Houve, ainda, conversas sobre a reforma da governan\u00e7a global e sobre coopera\u00e7\u00e3o econ\u00f4mica e amplia\u00e7\u00e3o dos la\u00e7os entre os dois pa\u00edses.<\/p>\n<p>Ainda esta tarde, ocorreu o encontro do presidente Lula com a presidente da Comiss\u00e3o Europeia, Ursula von der Leyen. O tema da reuni\u00e3o foi o acordo entre a Uni\u00e3o Europeia e o Mercosul.<\/p>\n<p>      <!-- Relacionada --><\/p>\n<p>            <!-- Relacionada -->\n    <\/div>\n<p><br \/>\n<br \/><a href=\"https:\/\/agenciabrasil.ebc.com.br\/internacional\/noticia\/2024-11\/lula-recebe-durante-o-dia-lideres-que-participarao-da-cupula-do-g20\" rel=\"noopener\">Ag\u00eancia Brasil <\/a><\/p>\n","protected":false},"excerpt":{"rendered":"<p>Em encontro com a primeira-ministra da It\u00e1lia, Giorgia Meloni, que ocupa atualmente a presid\u00eancia do G7, o presidente do Brasil, Luiz In\u00e1cio Lula da Silva,\u00a0reafirmou a alian\u00e7a e\u00a0a liga\u00e7\u00e3o profunda entre os dois pa\u00edses. Meloni destacou os 800 mil cidad\u00e3os italianos e 30 milh\u00f5es de descendentes de italianos que vivem no Brasil, quase 20% da\u00a0popula\u00e7\u00e3o [&hellip;]<\/p>\n","protected":false},"author":1,"featured_media":17176,"comment_status":"open","ping_status":"open","sticky":false,"template":"","format":"standard","meta":{"_jetpack_newsletter_access":"","_jetpack_dont_email_post_to_subs":false,"_jetpack_newsletter_tier_id":0,"_jetpack_memberships_contains_paywalled_content":false,"_mbp_banners":[],"_jetpack_feature_clip_id":0,"_jetpack_memberships_contains_paid_content":false,"footnotes":"","jetpack_publicize_message":"","jetpack_publicize_feature_enabled":true,"jetpack_social_post_already_shared":true,"jetpack_social_options":{"image_generator_settings":{"template":"highway","default_image_id":0,"font":"","enabled":false},"version":2},"jetpack_post_was_ever_published":false},"categories":[25],"tags":[],"class_list":["post-17175","post","type-post","status-publish","format-standard","has-post-thumbnail","category-internacional"],"jetpack_publicize_connections":[],"jetpack-related-posts":[],"jetpack_shortlink":"https:\/\/wp.me\/p7Eq1F-4t1","jetpack_sharing_enabled":true,"jetpack_featured_media_url":"https:\/\/i0.wp.com\/guialimeira.com.br\/news\/wp-content\/uploads\/2024\/11\/54146567815_7e726ce1da_o.jpg?fit=1600%2C800&ssl=1","_links":{"self":[{"href":"https:\/\/guialimeira.com.br\/news\/wp-json\/wp\/v2\/posts\/17175","targetHints":{"allow":["GET"]}}],"collection":[{"href":"https:\/\/guialimeira.com.br\/news\/wp-json\/wp\/v2\/posts"}],"about":[{"href":"https:\/\/guialimeira.com.br\/news\/wp-json\/wp\/v2\/types\/post"}],"author":[{"embeddable":true,"href":"https:\/\/guialimeira.com.br\/news\/wp-json\/wp\/v2\/users\/1"}],"replies":[{"embeddable":true,"href":"https:\/\/guialimeira.com.br\/news\/wp-json\/wp\/v2\/comments?post=17175"}],"version-history":[{"count":0,"href":"https:\/\/guialimeira.com.br\/news\/wp-json\/wp\/v2\/posts\/17175\/revisions"}],"wp:featuredmedia":[{"embeddable":true,"href":"https:\/\/guialimeira.com.br\/news\/wp-json\/wp\/v2\/media\/17176"}],"wp:attachment":[{"href":"https:\/\/guialimeira.com.br\/news\/wp-json\/wp\/v2\/media?parent=17175"}],"wp:term":[{"taxonomy":"category","embeddable":true,"href":"https:\/\/guialimeira.com.br\/news\/wp-json\/wp\/v2\/categories?post=17175"},{"taxonomy":"post_tag","embeddable":true,"href":"https:\/\/guialimeira.com.br\/news\/wp-json\/wp\/v2\/tags?post=17175"}],"curies":[{"name":"wp","href":"https:\/\/api.w.org\/{rel}","templated":true}]}}