{"id":1717,"date":"2024-04-17T01:53:42","date_gmt":"2024-04-17T04:53:42","guid":{"rendered":"https:\/\/guialimeira.com.br\/2024\/04\/17\/pf-diz-que-corpos-achados-em-embarcacao-no-para-sao-de-africanos\/"},"modified":"2024-04-17T01:53:42","modified_gmt":"2024-04-17T04:53:42","slug":"pf-diz-que-corpos-achados-em-embarcacao-no-para-sao-de-africanos","status":"publish","type":"post","link":"https:\/\/guialimeira.com.br\/news\/pf-diz-que-corpos-achados-em-embarcacao-no-para-sao-de-africanos\/","title":{"rendered":"PF diz que corpos achados em embarca\u00e7\u00e3o no Par\u00e1 s\u00e3o de africanos"},"content":{"rendered":"<p> <br \/>\n<\/p>\n<div>\n<p>A per\u00edcia da Pol\u00edcia Federal identificou nove corpos na <a href=\"http:\/\/agenciabrasil.ebc.com.br\/geral\/noticia\/2024-04\/corpos-encontrados-em-embarcacao-no-para-ainda-nao-foram-identificados\" target=\"_blank\" rel=\"noopener\">embarca\u00e7\u00e3o encontrada \u00e0 deriva no litoral do Par\u00e1<\/a>, na regi\u00e3o de Bragan\u00e7a, no \u00faltimo s\u00e1bado (13). A per\u00edcia inicial, realizada em conjunto com a Pol\u00edcia Cient\u00edfica do Par\u00e1, aponta que os documentos e objetos encontrados junto aos corpos eram de migrantes do continente africano, da regi\u00e3o da Maurit\u00e2nia e Mali. No entanto, \u00e9 poss\u00edvel que as v\u00edtimas sejam de outras nacionalidades.<img data-recalc-dims=\"1\" decoding=\"async\" src=\"https:\/\/i0.wp.com\/agenciabrasil.ebc.com.br\/ebc.png?w=696&#038;ssl=1\" style=\"width:1px; height:1px; display:inline;\"\/><img data-recalc-dims=\"1\" decoding=\"async\" src=\"https:\/\/i0.wp.com\/agenciabrasil.ebc.com.br\/ebc.gif?w=696&#038;ssl=1\" style=\"width:1px; height:1px; display:inline;\"\/><\/p>\n<p>A\u00a0per\u00edcia para identifica\u00e7\u00e3o dos corpos come\u00e7ou ontem (15), ap\u00f3s a embarca\u00e7\u00e3o ter sido levada para terra firme. Segundo a PF, oito corpos estavam dentro da embarca\u00e7\u00e3o e o nono corpo pr\u00f3ximo a ela, \u201cem circunst\u00e2ncias que sugeriam fazer parte do mesmo grupo de v\u00edtimas\u201d.<\/p>\n<p><a href=\"http:\/\/agenciabrasil.ebc.com.br\/geral\/noticia\/2024-04\/embarcacao-e-encontrada-no-para-com-varios-corpos-em-decomposicao\" target=\"_blank\" rel=\"noopener\">A embarca\u00e7\u00e3o<\/a> foi encontrada por pescadores paraenses, com alguns corpos em decomposi\u00e7\u00e3o, em um rio localizado na regi\u00e3o de Salgado, no nordeste do Par\u00e1.<\/p>\n<p>Os trabalhos de busca e resgate da embarca\u00e7\u00e3o com as v\u00edtimas, realizados no domingo (14), transcorreram das 7h \u00e0s 23h30.<\/p>\n<h2>Identifica\u00e7\u00e3o<\/h2>\n<p>Para saber quem s\u00e3o as v\u00edtimas, a PF trabalha com os protocolos de identifica\u00e7\u00e3o de v\u00edtimas de desastres da Interpol (DVI). O protocolo permite a identifica\u00e7\u00e3o mesmo em estado de decomposi\u00e7\u00e3o avan\u00e7ado, por meio da utiliza\u00e7\u00e3o de amostras de DNA, impress\u00f5es digitais, caracter\u00edsticas f\u00edsicas, registros odontol\u00f3gicos e reconhecimento de objetos pessoais.<\/p>\n<p>\u201cAl\u00e9m da identidade, os trabalhos periciais ter\u00e3o por objetivo verificar a origem dos passageiros, a causa e o tempo estimado dos \u00f3bitos\u201d, informou a pol\u00edcia.<\/p>\n<p>Participaram das a\u00e7\u00f5es de resgate uma embarca\u00e7\u00e3o da Marinha e um bote dos bombeiros militares de Bragan\u00e7a, Guarda Municipal, Defesa Civil Municipal, Pol\u00edcia Cient\u00edfica do Par\u00e1 e o Departamento Municipal de Mobilidade Urbana e Tr\u00e2nsito de Bragan\u00e7a.<\/p>\n<h2>&gt;&gt; Ou\u00e7a na Radioag\u00eancia Nacional<\/h2>\n<\/p><\/div>\n<p><br \/>\n<br \/><a href=\"https:\/\/agenciabrasil.ebc.com.br\/geral\/noticia\/2024-04\/pf-diz-que-corpos-achados-em-embarcacao-no-para-sao-de-africanos\" rel=\"noopener\">Ag\u00eancia Brasil<\/a><\/p>\n","protected":false},"excerpt":{"rendered":"<p>A per\u00edcia da Pol\u00edcia Federal identificou nove corpos na embarca\u00e7\u00e3o encontrada \u00e0 deriva no litoral do Par\u00e1, na regi\u00e3o de Bragan\u00e7a, no \u00faltimo s\u00e1bado (13). A per\u00edcia inicial, realizada em conjunto com a Pol\u00edcia Cient\u00edfica do Par\u00e1, aponta que os documentos e objetos encontrados junto aos corpos eram de migrantes do continente africano, da regi\u00e3o [&hellip;]<\/p>\n","protected":false},"author":1,"featured_media":1718,"comment_status":"open","ping_status":"open","sticky":false,"template":"","format":"standard","meta":{"_jetpack_newsletter_access":"","_jetpack_dont_email_post_to_subs":false,"_jetpack_newsletter_tier_id":0,"_jetpack_memberships_contains_paywalled_content":false,"_mbp_banners":[],"_jetpack_feature_clip_id":0,"_jetpack_memberships_contains_paid_content":false,"footnotes":"","jetpack_publicize_message":"","jetpack_publicize_feature_enabled":true,"jetpack_social_post_already_shared":true,"jetpack_social_options":{"image_generator_settings":{"template":"highway","default_image_id":0,"font":"","enabled":false},"version":2},"jetpack_post_was_ever_published":false},"categories":[1],"tags":[],"class_list":["post-1717","post","type-post","status-publish","format-standard","has-post-thumbnail","category-geral"],"jetpack_publicize_connections":[],"jetpack-related-posts":[],"jetpack_shortlink":"https:\/\/wp.me\/p7Eq1F-rH","jetpack_sharing_enabled":true,"jetpack_featured_media_url":"https:\/\/i0.wp.com\/guialimeira.com.br\/news\/wp-content\/uploads\/2024\/04\/glr699dw4aadxjj.jpeg?fit=1600%2C800&ssl=1","_links":{"self":[{"href":"https:\/\/guialimeira.com.br\/news\/wp-json\/wp\/v2\/posts\/1717","targetHints":{"allow":["GET"]}}],"collection":[{"href":"https:\/\/guialimeira.com.br\/news\/wp-json\/wp\/v2\/posts"}],"about":[{"href":"https:\/\/guialimeira.com.br\/news\/wp-json\/wp\/v2\/types\/post"}],"author":[{"embeddable":true,"href":"https:\/\/guialimeira.com.br\/news\/wp-json\/wp\/v2\/users\/1"}],"replies":[{"embeddable":true,"href":"https:\/\/guialimeira.com.br\/news\/wp-json\/wp\/v2\/comments?post=1717"}],"version-history":[{"count":0,"href":"https:\/\/guialimeira.com.br\/news\/wp-json\/wp\/v2\/posts\/1717\/revisions"}],"wp:featuredmedia":[{"embeddable":true,"href":"https:\/\/guialimeira.com.br\/news\/wp-json\/wp\/v2\/media\/1718"}],"wp:attachment":[{"href":"https:\/\/guialimeira.com.br\/news\/wp-json\/wp\/v2\/media?parent=1717"}],"wp:term":[{"taxonomy":"category","embeddable":true,"href":"https:\/\/guialimeira.com.br\/news\/wp-json\/wp\/v2\/categories?post=1717"},{"taxonomy":"post_tag","embeddable":true,"href":"https:\/\/guialimeira.com.br\/news\/wp-json\/wp\/v2\/tags?post=1717"}],"curies":[{"name":"wp","href":"https:\/\/api.w.org\/{rel}","templated":true}]}}