{"id":17167,"date":"2024-11-17T15:28:59","date_gmt":"2024-11-17T18:28:59","guid":{"rendered":"https:\/\/guialimeira.com.br\/2024\/11\/17\/africa-do-sul-dara-continuidade-ao-trabalho-brasileiro-diz-planalto\/"},"modified":"2024-11-17T15:28:59","modified_gmt":"2024-11-17T18:28:59","slug":"africa-do-sul-dara-continuidade-ao-trabalho-brasileiro-diz-planalto","status":"publish","type":"post","link":"https:\/\/guialimeira.com.br\/news\/africa-do-sul-dara-continuidade-ao-trabalho-brasileiro-diz-planalto\/","title":{"rendered":"\u00c1frica do Sul dar\u00e1 continuidade ao trabalho brasileiro, diz Planalto"},"content":{"rendered":"<p> <br \/>\n<\/p>\n<div>\n<p>O presidente Luiz In\u00e1cio Lula da Silva se reuniu, neste domingo (17), no Rio de Janeiro, com o presidente da \u00c1frica do Sul, Cyril Ramaphosa, que assumir\u00e1 a presid\u00eancia do G20 ap\u00f3s a c\u00fapula de l\u00edderes, que ocorre na semana que vem. Foi o primeiro encontro de Lula neste domingo, que tem uma lista de <a href=\"https:\/\/agenciabrasil.ebc.com.br\/internacional\/noticia\/2024-11\/lula-tem-reunioes-bilaterais-com-11-chefes-de-estado-neste-domingo\" rel=\"noopener\">11 reuni\u00f5es bilaterais\u00a0com l\u00edderes globais<\/a> que est\u00e3o no pa\u00eds para o encontro de alto n\u00edvel.<img data-recalc-dims=\"1\" decoding=\"async\" src=\"https:\/\/i0.wp.com\/agenciabrasil.ebc.com.br\/ebc.png?w=696&#038;ssl=1\" style=\"width:1px; height:1px; display:inline;\"\/><img data-recalc-dims=\"1\" decoding=\"async\" src=\"https:\/\/i0.wp.com\/agenciabrasil.ebc.com.br\/ebc.gif?w=696&#038;ssl=1\" style=\"width:1px; height:1px; display:inline;\"\/><\/p>\n<p>Lula e Ramaphosa trataram sobre o G20 Social, o financiamento da preserva\u00e7\u00e3o ambiental e a taxa\u00e7\u00e3o dos super-ricos. Neste ano, o Brasil est\u00e1 na presid\u00eancia do G20, grupo das 19 maiores economia do mundo, mais a Uni\u00e3o Europeia e a Uni\u00e3o Africana.<\/p>\n<p>\u201cO presidente sul-africano garantiu que deve dar continuidade ao trabalho do Brasil no G20. E o Brasil se colocou \u00e0 disposi\u00e7\u00e3o da \u00c1frica do Sul para transferir toda a experi\u00eancia brasileira na presid\u00eancia do G20\u201d, diz o Pal\u00e1cio do Planalto, em comunicado.<\/p>\n<p>\u201cA primeira reuni\u00e3o bilateral do dia foi com o presidente Cyril Ramaphosa, da \u00c1frica do Sul. Falei para ele do trabalho para realizar o G20 Social e a import\u00e2ncia desse evento inaugurado pelo Brasil. Tamb\u00e9m conversamos sobre o financiamento da preserva\u00e7\u00e3o das florestas discutida nos f\u00f3runs ambientais e sobre a taxa\u00e7\u00e3o de 2% das 3 mil pessoas mais ricas, passo importante para garantir um mundo mais justo e menos desigual\u201d, escreveu Lula em publica\u00e7\u00e3o nas redes sociais.<\/p>\n<p>O G20 Social teve in\u00edcio na quarta-feira (14) e se encerrou neste s\u00e1bado (16). Trata-se de uma inova\u00e7\u00e3o institu\u00edda pelo governo brasileiro no G20 para ampliar o di\u00e1logo entre os l\u00edderes governamentais e a sociedade civil. Nas presid\u00eancias anteriores, as organiza\u00e7\u00f5es sociais costumavam se reunir em iniciativas paralelas \u00e0 programa\u00e7\u00e3o oficial. Com o G20 Social, essas reuni\u00f5es foram integradas \u00e0 agenda constru\u00edda pelo Brasil.<\/p>\n<p>Lula pediu a Ramaphosa que a \u00c1frica do Sul continue com essa pr\u00e1tica inaugurada pela presid\u00eancia brasileira. Em sua declara\u00e7\u00e3o final, o<a href=\"https:\/\/agenciabrasil.ebc.com.br\/direitos-humanos\/noticia\/2024-11\/texto-final-do-g20-social-pressiona-governos-por-metas-mais-ambiciosas\" rel=\"noopener\"> G20 Social pressiona os governos<\/a> dos pa\u00edses do grupo a adotarem medidas com objetivos mais ambiciosos\u00a0para o enfretamento das mudan\u00e7as clim\u00e1ticas e das desigualdades.<\/p>\n<p>Os tr\u00eas temas centrais defendidos pela presid\u00eancia brasileira no G20 s\u00e3o combate \u00e0 fome, \u00e0 pobreza e \u00e0 desigualdade; sustentabilidade, mudan\u00e7as do clima e transi\u00e7\u00e3o energ\u00e9tica justa; e reforma da governan\u00e7a global.<\/p>\n<p>Sobre a <a href=\"https:\/\/agenciabrasil.ebc.com.br\/economia\/noticia\/2024-11\/reuniao-de-cupula-do-g20-decidira-sobre-taxacao-de-super-ricos\" rel=\"noopener\">taxa\u00e7\u00e3o dos super-ricos<\/a>, a proposta do Brasil \u00e9 por um imposto m\u00ednimo de 2% sobre a renda dos bilion\u00e1rios do mundo, que arrecadaria entre US$ 200 bilh\u00f5es e US$ 250 bilh\u00f5es anualmente. A taxa\u00e7\u00e3o afetaria apenas 3 mil indiv\u00edduos em todo o planeta, dos quais cerca de 100 na Am\u00e9rica Latina. No Brasil, a medida ajudaria a financiar o desenvolvimento sustent\u00e1vel e a reduzir a desigualdade, com arrecada\u00e7\u00e3o de R$ 41,9 bilh\u00f5es por ano.<\/p>\n<p>Ainda segundo o comunicado, Lula e Ramaphosa conversaram sobre a retomada das reuni\u00f5es do IBAS, grupo que re\u00fane \u00cdndia, Brasil e \u00c1frica do Sul, \u201ctr\u00eas democracias de diferentes continentes do Sul Global\u201d. \u00a0Em 2025, o Brasil tamb\u00e9m assume a presid\u00eancia do BRICS, grupo de pa\u00edses emergentes fundado por Brasil, R\u00fassia, \u00cdndia e China e que tem como membros a \u00c1frica do Sul e outras na\u00e7\u00f5es.<\/p>\n<p>Participaram da reuni\u00e3o os ministros das Rela\u00e7\u00f5es Exteriores, Mauro Vieira, da Fazenda, Fernando Haddad, da Agricultura, Carlos F\u00e1varo, e da Gest\u00e3o e da Inova\u00e7\u00e3o, Esther Dweck. Tamb\u00e9m participaram o assessor especial, Celso Amorim, e o secret\u00e1rio executivo do Minist\u00e9rio do Desenvolvimento e Ind\u00fastria, M\u00e1rcio Elias Rosa.<\/p>\n<p>      <!-- Relacionada --><\/p>\n<p>            <!-- Relacionada -->\n    <\/div>\n<p><br \/>\n<br \/><a href=\"https:\/\/agenciabrasil.ebc.com.br\/internacional\/noticia\/2024-11\/africa-do-sul-dara-continuidade-ao-trabalho-brasileiro-diz-planalto\" rel=\"noopener\">Ag\u00eancia Brasil <\/a><\/p>\n","protected":false},"excerpt":{"rendered":"<p>O presidente Luiz In\u00e1cio Lula da Silva se reuniu, neste domingo (17), no Rio de Janeiro, com o presidente da \u00c1frica do Sul, Cyril Ramaphosa, que assumir\u00e1 a presid\u00eancia do G20 ap\u00f3s a c\u00fapula de l\u00edderes, que ocorre na semana que vem. Foi o primeiro encontro de Lula neste domingo, que tem uma lista de [&hellip;]<\/p>\n","protected":false},"author":1,"featured_media":17168,"comment_status":"open","ping_status":"open","sticky":false,"template":"","format":"standard","meta":{"_jetpack_newsletter_access":"","_jetpack_dont_email_post_to_subs":false,"_jetpack_newsletter_tier_id":0,"_jetpack_memberships_contains_paywalled_content":false,"_mbp_banners":[],"_jetpack_feature_clip_id":0,"_jetpack_memberships_contains_paid_content":false,"footnotes":"","jetpack_publicize_message":"","jetpack_publicize_feature_enabled":true,"jetpack_social_post_already_shared":true,"jetpack_social_options":{"image_generator_settings":{"template":"highway","default_image_id":0,"font":"","enabled":false},"version":2},"jetpack_post_was_ever_published":false},"categories":[25],"tags":[],"class_list":["post-17167","post","type-post","status-publish","format-standard","has-post-thumbnail","category-internacional"],"jetpack_publicize_connections":[],"jetpack-related-posts":[],"jetpack_shortlink":"https:\/\/wp.me\/p7Eq1F-4sT","jetpack_sharing_enabled":true,"jetpack_featured_media_url":"https:\/\/i0.wp.com\/guialimeira.com.br\/news\/wp-content\/uploads\/2024\/11\/54144996207_ce46ba749c_o.jpg?fit=1600%2C800&ssl=1","_links":{"self":[{"href":"https:\/\/guialimeira.com.br\/news\/wp-json\/wp\/v2\/posts\/17167","targetHints":{"allow":["GET"]}}],"collection":[{"href":"https:\/\/guialimeira.com.br\/news\/wp-json\/wp\/v2\/posts"}],"about":[{"href":"https:\/\/guialimeira.com.br\/news\/wp-json\/wp\/v2\/types\/post"}],"author":[{"embeddable":true,"href":"https:\/\/guialimeira.com.br\/news\/wp-json\/wp\/v2\/users\/1"}],"replies":[{"embeddable":true,"href":"https:\/\/guialimeira.com.br\/news\/wp-json\/wp\/v2\/comments?post=17167"}],"version-history":[{"count":0,"href":"https:\/\/guialimeira.com.br\/news\/wp-json\/wp\/v2\/posts\/17167\/revisions"}],"wp:featuredmedia":[{"embeddable":true,"href":"https:\/\/guialimeira.com.br\/news\/wp-json\/wp\/v2\/media\/17168"}],"wp:attachment":[{"href":"https:\/\/guialimeira.com.br\/news\/wp-json\/wp\/v2\/media?parent=17167"}],"wp:term":[{"taxonomy":"category","embeddable":true,"href":"https:\/\/guialimeira.com.br\/news\/wp-json\/wp\/v2\/categories?post=17167"},{"taxonomy":"post_tag","embeddable":true,"href":"https:\/\/guialimeira.com.br\/news\/wp-json\/wp\/v2\/tags?post=17167"}],"curies":[{"name":"wp","href":"https:\/\/api.w.org\/{rel}","templated":true}]}}