{"id":17161,"date":"2024-11-17T10:24:45","date_gmt":"2024-11-17T13:24:45","guid":{"rendered":"https:\/\/guialimeira.com.br\/2024\/11\/17\/lula-tem-reunioes-bilaterais-com-11-lideres-globais-neste-domingo\/"},"modified":"2024-11-17T10:24:45","modified_gmt":"2024-11-17T13:24:45","slug":"lula-tem-reunioes-bilaterais-com-11-lideres-globais-neste-domingo","status":"publish","type":"post","link":"https:\/\/guialimeira.com.br\/news\/lula-tem-reunioes-bilaterais-com-11-lideres-globais-neste-domingo\/","title":{"rendered":"Lula tem reuni\u00f5es bilaterais com 11 l\u00edderes globais neste domingo"},"content":{"rendered":"<p> <br \/>\n<\/p>\n<div>\n<p>Na v\u00e9spera da abertura da C\u00fapula de L\u00edderes do G20 (grupo das 19 maiores economias do planeta, mais Uni\u00e3o Europeia e Uni\u00e3o Africana), o presidente Luiz In\u00e1cio Lula da Silva ter\u00e1 um dia intenso, com reuni\u00f5es bilaterais com 11 chefes de Estado e de Governo neste domingo (17). Os encontros ocorrer\u00e3o do Forte de Copacabana, mesmo lugar em que o presidente se encontrou neste s\u00e1bado (16) com o secret\u00e1rio-geral da ONU, Ant\u00f3nio Guterres.<img data-recalc-dims=\"1\" decoding=\"async\" src=\"https:\/\/i0.wp.com\/agenciabrasil.ebc.com.br\/ebc.png?w=696&#038;ssl=1\" style=\"width:1px; height:1px; display:inline;\"\/><img data-recalc-dims=\"1\" decoding=\"async\" src=\"https:\/\/i0.wp.com\/agenciabrasil.ebc.com.br\/ebc.gif?w=696&#038;ssl=1\" style=\"width:1px; height:1px; display:inline;\"\/><\/p>\n<p>Ap\u00f3s participar da sess\u00e3o de abertura do Urban 20, grupo de cidades dos pa\u00edses membros do G20, Lula inicia a maratona de encontros bilaterais \u00e0s 10h30, com o presidente da \u00c1frica do Sul, Cyril Ramaphosa. A \u00c1frica do Sul ser\u00e1 o pr\u00f3ximo pa\u00eds a presidir o G20, recebendo o comando do grupo na ter\u00e7a-feira (19).<\/p>\n<p>Em seguida, \u00e0s 11h20, Lula se reunir\u00e1 com o primeiro-ministro da Mal\u00e1sia, Anwar Ibrahim. \u00c0s 12h10, o presidente se encontrar\u00e1 com a primeira-ministra italiana, Giorgia Meloni. Essa ser\u00e1 a terceira reuni\u00e3o entre os dois. Em junho do ano passado, o presidente se encontrou com a primeira-ministra em visita \u00e0 It\u00e1lia. Em junho deste ano, Lula se reuniu novamente com Meloni na reuni\u00e3o do G7 (grupo das sete maiores economias do planeta), realizada no pa\u00eds europeu.<\/p>\n<p>Ap\u00f3s uma pausa para o almo\u00e7o, Lula se encontrar\u00e1 com o pr\u00edncipe herdeiro de Abu Dhabi, Sheikh Khaled bin Mohamed bin Zayed Al Nahyan, \u00e0s 14h15. \u00c0s 15h, ter\u00e1 reuni\u00e3o com a presidenta da Comiss\u00e3o Europeia, Ursula von der Leyen.<\/p>\n<p>A s\u00e9rie de encontros bilaterais continua \u00e0s 15h, com o presidente do Vietn\u00e3, Pham Minh Chinh, e \u00e0s 16h40, com o presidente de Angola, Jo\u00e3o Manuel Gon\u00e7alves Louren\u00e7o.<\/p>\n<p>\u00c0s 17h30, Lula se reunir\u00e1 com o presidente da Turquia, Recep Tayyip Erdo\u011fan. Os dois devem conversar sobre o pedido da Turquia de integrar o Brics, bloco de economias emergentes fundado por Brasil, R\u00fassia, \u00cdndia, China e \u00c1frica do Sul. Segundo o governo turco, o Brics ofereceu recentemente \u00e0 Turquia status de pa\u00eds s\u00f3cio. \u00c0s 18h20, o presidente brasileiro se encontrar\u00e1 com o presidente eg\u00edpcio, Abdel Fattah El-Sisi.<\/p>\n<p>A maratona de encontros bilaterais termina \u00e0s 19h30, com uma reuni\u00e3o com o presidente franc\u00eas, Emmanuel Macron. \u00c0s 20h20, Lula encerrar\u00e1 o dia com um encontro com o presidente da Bol\u00edvia, Luis Arce.<\/p>\n<h2>Haddad<\/h2>\n<p>O ministro da Fazenda, Fernando Haddad, participar\u00e1 da maioria das reuni\u00f5es. Ele acompanhar\u00e1 Lula nos encontros com os presidentes da \u00c1frica do Sul e da Fran\u00e7a, com o pr\u00edncipe herdeiro de Abu Dhabi, com a presidenta da Comiss\u00e3o Europeia e com os primeiros-ministros da Mal\u00e1sia e da It\u00e1lia.<\/p>\n<p>Haddad ter\u00e1 uma reuni\u00e3o bilateral \u00e0s 17h40 com o presidente da Col\u00f4mbia, Gustavo Petro, no Hotel Fairmont, que hospeda boa parte das comitivas oficiais da reuni\u00e3o do G20. Esse encontro n\u00e3o ter\u00e1 a participa\u00e7\u00e3o de Lula.<\/p>\n<p>      <!-- Relacionada --><\/p>\n<p>            <!-- Relacionada -->\n    <\/div>\n<p><br \/>\n<br \/><a href=\"https:\/\/agenciabrasil.ebc.com.br\/internacional\/noticia\/2024-11\/lula-tem-reunioes-bilaterais-com-11-chefes-de-estado-neste-domingo\" rel=\"noopener\">Ag\u00eancia Brasil <\/a><\/p>\n","protected":false},"excerpt":{"rendered":"<p>Na v\u00e9spera da abertura da C\u00fapula de L\u00edderes do G20 (grupo das 19 maiores economias do planeta, mais Uni\u00e3o Europeia e Uni\u00e3o Africana), o presidente Luiz In\u00e1cio Lula da Silva ter\u00e1 um dia intenso, com reuni\u00f5es bilaterais com 11 chefes de Estado e de Governo neste domingo (17). Os encontros ocorrer\u00e3o do Forte de Copacabana, [&hellip;]<\/p>\n","protected":false},"author":1,"featured_media":17162,"comment_status":"open","ping_status":"open","sticky":false,"template":"","format":"standard","meta":{"_jetpack_newsletter_access":"","_jetpack_dont_email_post_to_subs":false,"_jetpack_newsletter_tier_id":0,"_jetpack_memberships_contains_paywalled_content":false,"_mbp_banners":[],"_jetpack_feature_clip_id":0,"_jetpack_memberships_contains_paid_content":false,"footnotes":"","jetpack_publicize_message":"","jetpack_publicize_feature_enabled":true,"jetpack_social_post_already_shared":true,"jetpack_social_options":{"image_generator_settings":{"template":"highway","default_image_id":0,"font":"","enabled":false},"version":2},"jetpack_post_was_ever_published":false},"categories":[25],"tags":[],"class_list":["post-17161","post","type-post","status-publish","format-standard","has-post-thumbnail","category-internacional"],"jetpack_publicize_connections":[],"jetpack-related-posts":[],"jetpack_shortlink":"https:\/\/wp.me\/p7Eq1F-4sN","jetpack_sharing_enabled":true,"jetpack_featured_media_url":"https:\/\/i0.wp.com\/guialimeira.com.br\/news\/wp-content\/uploads\/2024\/11\/54143917413_8fa6fb7d81_o.jpg?fit=1600%2C800&ssl=1","_links":{"self":[{"href":"https:\/\/guialimeira.com.br\/news\/wp-json\/wp\/v2\/posts\/17161","targetHints":{"allow":["GET"]}}],"collection":[{"href":"https:\/\/guialimeira.com.br\/news\/wp-json\/wp\/v2\/posts"}],"about":[{"href":"https:\/\/guialimeira.com.br\/news\/wp-json\/wp\/v2\/types\/post"}],"author":[{"embeddable":true,"href":"https:\/\/guialimeira.com.br\/news\/wp-json\/wp\/v2\/users\/1"}],"replies":[{"embeddable":true,"href":"https:\/\/guialimeira.com.br\/news\/wp-json\/wp\/v2\/comments?post=17161"}],"version-history":[{"count":0,"href":"https:\/\/guialimeira.com.br\/news\/wp-json\/wp\/v2\/posts\/17161\/revisions"}],"wp:featuredmedia":[{"embeddable":true,"href":"https:\/\/guialimeira.com.br\/news\/wp-json\/wp\/v2\/media\/17162"}],"wp:attachment":[{"href":"https:\/\/guialimeira.com.br\/news\/wp-json\/wp\/v2\/media?parent=17161"}],"wp:term":[{"taxonomy":"category","embeddable":true,"href":"https:\/\/guialimeira.com.br\/news\/wp-json\/wp\/v2\/categories?post=17161"},{"taxonomy":"post_tag","embeddable":true,"href":"https:\/\/guialimeira.com.br\/news\/wp-json\/wp\/v2\/tags?post=17161"}],"curies":[{"name":"wp","href":"https:\/\/api.w.org\/{rel}","templated":true}]}}