{"id":17149,"date":"2024-11-16T20:11:15","date_gmt":"2024-11-16T23:11:15","guid":{"rendered":"https:\/\/guialimeira.com.br\/2024\/11\/16\/copacabana-recebe-manifestacoes-pelo-fim-da-fome-e-para-pressionar-g20\/"},"modified":"2024-11-16T20:11:15","modified_gmt":"2024-11-16T23:11:15","slug":"copacabana-recebe-manifestacoes-pelo-fim-da-fome-e-para-pressionar-g20","status":"publish","type":"post","link":"https:\/\/guialimeira.com.br\/news\/copacabana-recebe-manifestacoes-pelo-fim-da-fome-e-para-pressionar-g20\/","title":{"rendered":"Copacabana recebe manifesta\u00e7\u00f5es pelo fim da fome e para pressionar G20"},"content":{"rendered":"<p> <br \/>\n<\/p>\n<div>\n<p>Quem passou pela Praia de Copacabana na manh\u00e3 deste s\u00e1bado (16) se deparou com mais de 700 pratos vazios fincados na areia. O ato que pedia o fim da fome no mundo foi uma das duas manifesta\u00e7\u00f5es realizadas na orla da praia mais famosa do Rio de Janeiro, \u00e0s v\u00e9speras da reuni\u00e3o de c\u00fapula do G20, grupo formado pelas maiores economias do planeta mais a Uni\u00e3o Europeia e a Uni\u00e3o Africana.<img data-recalc-dims=\"1\" decoding=\"async\" src=\"https:\/\/i0.wp.com\/agenciabrasil.ebc.com.br\/ebc.png?w=696&#038;ssl=1\" style=\"width:1px; height:1px; display:inline;\"\/><img data-recalc-dims=\"1\" decoding=\"async\" src=\"https:\/\/i0.wp.com\/agenciabrasil.ebc.com.br\/ebc.gif?w=696&#038;ssl=1\" style=\"width:1px; height:1px; display:inline;\"\/><\/p>\n<p>O protesto foi iniciativa das organiza\u00e7\u00f5es n\u00e3o governamentais (ONGs) Rio de Paz e A\u00e7\u00e3o da Cidadania. Segundo o fundador da Rio de Paz, Antonio Carlos Costa, os 733 pratos s\u00e3o refer\u00eancia aos 733 milh\u00f5es de pessoas que estavam em situa\u00e7\u00e3o de fome no ano passado, conforme o <a href=\"https:\/\/agenciabrasil.ebc.com.br\/geral\/noticia\/2024-07\/fao-uma-em-cada-11-pessoas-no-mundo-pode-ter-passado-fome-em-2023\" target=\"_blank\" rel=\"noopener\">relat\u00f3rio O Estado da Seguran\u00e7a Alimentar e da Nutri\u00e7\u00e3o no Mundo<\/a>, lan\u00e7ado pela Organiza\u00e7\u00e3o das Na\u00e7\u00f5es Unidas para a Alimenta\u00e7\u00e3o e a Agricultura (FAO).<\/p>\n<p>\u201cO que nos deixa indignados \u00e9 o fato de que hoje, no nosso planeta, h\u00e1 produ\u00e7\u00e3o insuficiente de alimentos para alimentar todos\u201d, diz Costa.<\/p>\n<p>Junto aos pratos, faixas com a c\u00e9lebre frase do soci\u00f3logo Herbert de Souza, o Betinho, fundador da A\u00e7\u00e3o da Cidadania: \u201cQuem tem fome tem pressa\u201d, em portugu\u00eas e em ingl\u00eas (<em>Those who are hungry can\u2019t wait<\/em>).<\/p>\n<p>\u201cO Rio de Janeiro vai receber pessoas que t\u00eam condi\u00e7\u00e3o de fazer a diferen\u00e7a, de dar fim ao flagelo da fome\u201d, disse Costa, referindo-se ao encontro do G20, na segunda (18) e na ter\u00e7a-feira (19).<\/p>\n<p>\u201cEsperamos, portanto, arrancar dessas lideran\u00e7as pol\u00edticas esse compromisso [combate \u00e0 fome], mas de modo que sejam apresentadas ao mundo metas mensur\u00e1veis, cronograma com forte compromisso com presta\u00e7\u00e3o de contas, de modo que todos possamos acompanhar o desenvolvimento da implementa\u00e7\u00e3o dessas pol\u00edticas p\u00fablicas, a fim de que l\u00e1 na ponta n\u00e3o haja um s\u00f3 ser humano na face da Terra perante um prato vazio de comida\u201d, enfatizou.<\/p>\n<h2>Alian\u00e7a Global<\/h2>\n<p>A manifesta\u00e7\u00e3o ocorreu na mesma manh\u00e3 em que representantes da sociedade civil que participaram do G20 Social, na zona portu\u00e1ria do Rio de Janeiro, entregaram ao presidente Luiz In\u00e1cio Lula da Silva, uma <a href=\"https:\/\/agenciabrasil.ebc.com.br\/internacional\/noticia\/2024-11\/g20-social-pede-trabalho-decente-e-soberania-alimentar-contra-fome\" target=\"_blank\" rel=\"noopener\">carta de prioridades<\/a>. Uma das recomenda\u00e7\u00f5es \u00e9 o combate \u00e0 fome.<\/p>\n<p>O tema \u00e9 tamb\u00e9m uma das prioridades do governo brasileiro, que ocupa at\u00e9 este m\u00eas a presid\u00eancia rotativa anual do G20. Na segunda-feira, o Brasil espera a aprova\u00e7\u00e3o pelo grupo de na\u00e7\u00f5es dos termos da Alian\u00e7a Global contra a Fome e a Pobreza, que tem <a href=\"https:\/\/agenciabrasil.ebc.com.br\/direitos-humanos\/noticia\/2024-11\/alianca-global-contra-fome-ja-pode-beneficiar-500-milhoes-de-pessoas\" target=\"_blank\" rel=\"noopener\">potencial inicial para beneficiar 500 milh\u00f5es de pessoas<\/a> no planeta.<\/p>\n<p>O <a href=\"https:\/\/agenciabrasil.ebc.com.br\/direitos-humanos\/noticia\/2024-07\/brasil-quer-taxar-super-ricos-para-financiar-alianca-contra-fome\" target=\"_blank\" rel=\"noopener\">pr\u00e9-lan\u00e7amento<\/a> da Alian\u00e7a Global, em julho, aconteceu justamente na sede da A\u00e7\u00e3o da Cidadania &#8211; institui\u00e7\u00e3o refer\u00eancia no combate \u00e0 fome \u2013 na regi\u00e3o central do Rio de Janeiro.<\/p>\n<p>O coordenador nacional da ONG, Rodrigo &#8220;Kiko&#8221; Afonso, destaca que o ato deste s\u00e1bado foi pensado para ser \u00e0s v\u00e9speras do G20 com o intuito de pressionar os l\u00edderes mundiais. \u201cTentar sensibilizar essas lideran\u00e7as para a quest\u00e3o da fome, o problema mais fundamental do ser humano\u201d, afirma. \u201cTamb\u00e9m sensibiliz\u00e1-las para aderir \u00e0 Alian\u00e7a Global contra a Fome a Pobreza para que possamos, juntos no mundo inteiro, acabar com isso de uma vez por todas\u201d. Ao menos 41 pa\u00edses j\u00e1 se comprometeram com a\u00e7\u00f5es relacionadas \u00e0 alian\u00e7a, que n\u00e3o se restringe a pa\u00edses do G20.<\/p>\n<h2>Contraponto ao G20<\/h2>\n<p>Outra manifesta\u00e7\u00e3o que ocupou a orla de Copacabana neste s\u00e1bado foi organizada pela C\u00fapula dos Povos. O coletivo internacional, que traz no nome uma alternativa \u00e0 c\u00fapula dos l\u00edderes, tem origem em 2012, quando realizou, tamb\u00e9m no Rio de Janeiro, um movimento alternativo de participa\u00e7\u00e3o social paralelo \u00e0 Rio+20 (Confer\u00eancia das Na\u00e7\u00f5es Unidas sobre Desenvolvimento Sustent\u00e1vel).<\/p>\n<p>O ato questionou o poder de decis\u00e3o nas m\u00e3os dos l\u00edderes mundiais. Alguns participantes usaram m\u00e1scaras de chefes de governo, como o presidente eleito dos Estados Unidos, Donald Trump; o atual mandat\u00e1rio, Joe Biden; o presidente franc\u00eas, Emmanuel Macron; e o primeiro-ministro israelense, Benjamin Netanyahu, que \u201cvestia\u201d um avental branco ensanguentado \u2013 uma cr\u00edtica \u00e0 ofensiva israelense na Palestina.<\/p>\n<p>O tema Palestina foi um dos destaques da marcha. Os manifestantes pediram o fim da ocupa\u00e7\u00e3o do territ\u00f3rio palestino e da agress\u00e3o militar israelense.<\/p>\n<p>\u201cUma marcha diversa, colorida, de luta, contundente\u201d, descreveu a economista e integrante da operativa nacional da C\u00fapula dos Povos, Sandra Quintela. Segundo Sandra, com a for\u00e7a e a articula\u00e7\u00e3o dos movimentos sociais e populares, foi poss\u00edvel dar um recado de \u201cPalestina livre\u201d e \u201cfora, imperialismo\u201d, em contraponto ao G20. \u201cOnde a gente sabe que esses assuntos n\u00e3o entram\u201d, disse Sandra, em mensagem enviada \u00e0 <strong>Ag\u00eancia Brasil<\/strong>.<\/p>\n<p>Sandra Quintela classifica o G20 como \u201cinstrumento do imperialismo\u201d e reconhece que o Brasil \u201ctenta humanizar\u201d o f\u00f3rum, referindo-se ao G20 Social, iniciativa da presid\u00eancia rotativa brasileira que permitiu a articula\u00e7\u00e3o entre a sociedade civil organizada ao longo do ano.\u00a0 \u201cMas isso [humaniza\u00e7\u00e3o] \u00e9 praticamente imposs\u00edvel, ent\u00e3o acho que a rua hoje mostrou a nossa for\u00e7a.\u201d<\/p>\n<p>Na \u00faltima quinta-feira (14), o coletivo realizou um debate cr\u00edtico na sede da Associa\u00e7\u00e3o Brasileira de Imprensa, no centro do Rio, onde tratou de temas como justi\u00e7a clim\u00e1tica, lutas antipatriarcais, antirracistas e anticapitalistas, al\u00e9m de soberania popular.<\/p>\n<p>\u201cA marcha contra o G20 \u00e9 para dizer em alto e bom som que esta arquitetura do poder internacional n\u00e3o serve aos povos. Que precisamos construir outras rela\u00e7\u00f5es entre as na\u00e7\u00f5es e os povos, baseadas na solidariedade, na busca da igualdade e da liberdade e no direito \u00e0 autodetermina\u00e7\u00e3o dos povos. Associado a isso, o fim de todas as guerras existentes no mundo\u201d, detalha Jos\u00e9 Ant\u00f4nio Moroni, integrante do coletivo.<\/p>\n<h2>L\u00edderes mundiais<\/h2>\n<p>O ponto derradeiro da presid\u00eancia brasileira tempor\u00e1ria no G20 ser\u00e1 a reuni\u00e3o de chefes de Estado e de governo. O presidente Luiz In\u00e1cio Lula da Silva comprometeu-se a levar aos l\u00edderes mundiais o documento final do G20 Social, que reflete necessidades e prioridades selecionadas por institui\u00e7\u00f5es como movimentos sociais, sindicatos e organiza\u00e7\u00f5es n\u00e3o governamentais.\u00a0<\/p>\n<p>O G20 \u00e9 composto por 19 pa\u00edses: \u00c1frica do Sul, Alemanha, Ar\u00e1bia Saudita, Argentina, Austr\u00e1lia, Brasil, Canad\u00e1, China, Coreia do Sul, Estados Unidos, Fran\u00e7a, \u00cdndia, Indon\u00e9sia, It\u00e1lia, Jap\u00e3o, M\u00e9xico, Reino Unido, R\u00fassia e Turquia, al\u00e9m da Uni\u00e3o Europeia e da Uni\u00e3o Africana.<\/p>\n<p>\u00a0Os integrantes do grupo representam cerca de 85% da economia mundial, mais de 75% do com\u00e9rcio global e cerca de dois ter\u00e7os da popula\u00e7\u00e3o do planeta.<\/p>\n<p>      <!-- Relacionada --><\/p>\n<p>            <!-- Relacionada -->\n    <\/div>\n<p><br \/>\n<br \/><a href=\"https:\/\/agenciabrasil.ebc.com.br\/internacional\/noticia\/2024-11\/copacabana-recebe-manifestacoes-pelo-fim-da-fome-e-para-pressionar-g20\" rel=\"noopener\">Ag\u00eancia Brasil <\/a><\/p>\n","protected":false},"excerpt":{"rendered":"<p>Quem passou pela Praia de Copacabana na manh\u00e3 deste s\u00e1bado (16) se deparou com mais de 700 pratos vazios fincados na areia. O ato que pedia o fim da fome no mundo foi uma das duas manifesta\u00e7\u00f5es realizadas na orla da praia mais famosa do Rio de Janeiro, \u00e0s v\u00e9speras da reuni\u00e3o de c\u00fapula do [&hellip;]<\/p>\n","protected":false},"author":1,"featured_media":269,"comment_status":"open","ping_status":"open","sticky":false,"template":"","format":"standard","meta":{"_jetpack_newsletter_access":"","_jetpack_dont_email_post_to_subs":false,"_jetpack_newsletter_tier_id":0,"_jetpack_memberships_contains_paywalled_content":false,"_mbp_banners":[],"_jetpack_feature_clip_id":0,"_jetpack_memberships_contains_paid_content":false,"footnotes":"","jetpack_publicize_message":"","jetpack_publicize_feature_enabled":true,"jetpack_social_post_already_shared":true,"jetpack_social_options":{"image_generator_settings":{"template":"highway","default_image_id":0,"font":"","enabled":false},"version":2},"jetpack_post_was_ever_published":false},"categories":[25],"tags":[],"class_list":["post-17149","post","type-post","status-publish","format-standard","has-post-thumbnail","category-internacional"],"jetpack_publicize_connections":[],"jetpack-related-posts":[],"jetpack_shortlink":"https:\/\/wp.me\/p7Eq1F-4sB","jetpack_sharing_enabled":true,"jetpack_featured_media_url":"https:\/\/i0.wp.com\/guialimeira.com.br\/news\/wp-content\/uploads\/2024\/03\/thumb_1200x600_agbrasil.png?fit=1200%2C600&ssl=1","_links":{"self":[{"href":"https:\/\/guialimeira.com.br\/news\/wp-json\/wp\/v2\/posts\/17149","targetHints":{"allow":["GET"]}}],"collection":[{"href":"https:\/\/guialimeira.com.br\/news\/wp-json\/wp\/v2\/posts"}],"about":[{"href":"https:\/\/guialimeira.com.br\/news\/wp-json\/wp\/v2\/types\/post"}],"author":[{"embeddable":true,"href":"https:\/\/guialimeira.com.br\/news\/wp-json\/wp\/v2\/users\/1"}],"replies":[{"embeddable":true,"href":"https:\/\/guialimeira.com.br\/news\/wp-json\/wp\/v2\/comments?post=17149"}],"version-history":[{"count":0,"href":"https:\/\/guialimeira.com.br\/news\/wp-json\/wp\/v2\/posts\/17149\/revisions"}],"wp:featuredmedia":[{"embeddable":true,"href":"https:\/\/guialimeira.com.br\/news\/wp-json\/wp\/v2\/media\/269"}],"wp:attachment":[{"href":"https:\/\/guialimeira.com.br\/news\/wp-json\/wp\/v2\/media?parent=17149"}],"wp:term":[{"taxonomy":"category","embeddable":true,"href":"https:\/\/guialimeira.com.br\/news\/wp-json\/wp\/v2\/categories?post=17149"},{"taxonomy":"post_tag","embeddable":true,"href":"https:\/\/guialimeira.com.br\/news\/wp-json\/wp\/v2\/tags?post=17149"}],"curies":[{"name":"wp","href":"https:\/\/api.w.org\/{rel}","templated":true}]}}