{"id":17145,"date":"2024-11-16T19:10:04","date_gmt":"2024-11-16T22:10:04","guid":{"rendered":"https:\/\/guialimeira.com.br\/2024\/11\/16\/lula-reune-se-no-rio-com-a-prefeita-de-paris\/"},"modified":"2024-11-16T19:10:04","modified_gmt":"2024-11-16T22:10:04","slug":"lula-reune-se-no-rio-com-a-prefeita-de-paris","status":"publish","type":"post","link":"https:\/\/guialimeira.com.br\/news\/lula-reune-se-no-rio-com-a-prefeita-de-paris\/","title":{"rendered":"Lula re\u00fane-se no Rio com a prefeita de Paris"},"content":{"rendered":"<p> <br \/>\n<\/p>\n<div>\n<p>O presidente Luiz In\u00e1cio Lula da Silva recebeu, neste s\u00e1bado (16), a prefeita de Paris, Anne Hidalgo, que est\u00e1 no Rio de Janeiro para participar das reuni\u00f5es paralelas ao G20. O encontro foi realizado no Forte de Copacabana.<img data-recalc-dims=\"1\" decoding=\"async\" src=\"https:\/\/i0.wp.com\/agenciabrasil.ebc.com.br\/ebc.png?w=696&#038;ssl=1\" style=\"width:1px; height:1px; display:inline;\"\/><img data-recalc-dims=\"1\" decoding=\"async\" src=\"https:\/\/i0.wp.com\/agenciabrasil.ebc.com.br\/ebc.gif?w=696&#038;ssl=1\" style=\"width:1px; height:1px; display:inline;\"\/><\/p>\n<p>De acordo com o Pal\u00e1cio do Planalto, Lula e a prefeita conversaram sobre a situa\u00e7\u00e3o pol\u00edtica no Brasil e na Europa, a reconstru\u00e7\u00e3o do papel internacional do Brasil no exterior e sobre as parcerias que envolvem os projetos do Novo Programa de Acelera\u00e7\u00e3o do Crescimento (PAC) com munic\u00edpios brasileiros.<\/p>\n<p>Participaram tamb\u00e9m do encontro os ministros das Rela\u00e7\u00f5es Exteriores, Mauro Vieira, e da Fazenda, Fernando Haddad, o prefeito do Rio, Eduardo Paes, e o assessor especial do presidente da Rep\u00fablica, Celso Amorim.<\/p>\n<p>Anne Hidalgo participou do Urban 20, encontro de representantes de grandes centros urbanos que antecede a reuni\u00e3o dos chefes de Estado do G20.\u00a0<\/p>\n<p>O encontro teve a participa\u00e7\u00e3o de prefeitos de Barcelona, Johanesburgo, Montreal, Phoenix e Nova Orleans, entre outras cidades, e buscou a amplia\u00e7\u00e3o de financiamento para o enfrentamento \u00e0s mudan\u00e7as clim\u00e1ticas e a transi\u00e7\u00e3o energ\u00e9tica.<\/p>\n<p>      <!-- Relacionada --><\/p>\n<p>            <!-- Relacionada -->\n    <\/div>\n<p><br \/>\n<br \/><a href=\"https:\/\/agenciabrasil.ebc.com.br\/internacional\/noticia\/2024-11\/lula-reune-se-no-rio-com-prefeita-de-paris\" rel=\"noopener\">Ag\u00eancia Brasil <\/a><\/p>\n","protected":false},"excerpt":{"rendered":"<p>O presidente Luiz In\u00e1cio Lula da Silva recebeu, neste s\u00e1bado (16), a prefeita de Paris, Anne Hidalgo, que est\u00e1 no Rio de Janeiro para participar das reuni\u00f5es paralelas ao G20. O encontro foi realizado no Forte de Copacabana. De acordo com o Pal\u00e1cio do Planalto, Lula e a prefeita conversaram sobre a situa\u00e7\u00e3o pol\u00edtica no [&hellip;]<\/p>\n","protected":false},"author":1,"featured_media":17146,"comment_status":"open","ping_status":"open","sticky":false,"template":"","format":"standard","meta":{"_jetpack_newsletter_access":"","_jetpack_dont_email_post_to_subs":false,"_jetpack_newsletter_tier_id":0,"_jetpack_memberships_contains_paywalled_content":false,"_mbp_banners":[],"_jetpack_feature_clip_id":0,"_jetpack_memberships_contains_paid_content":false,"footnotes":"","jetpack_publicize_message":"","jetpack_publicize_feature_enabled":true,"jetpack_social_post_already_shared":true,"jetpack_social_options":{"image_generator_settings":{"template":"highway","default_image_id":0,"font":"","enabled":false},"version":2},"jetpack_post_was_ever_published":false},"categories":[25],"tags":[],"class_list":["post-17145","post","type-post","status-publish","format-standard","has-post-thumbnail","category-internacional"],"jetpack_publicize_connections":[],"jetpack-related-posts":[],"jetpack_shortlink":"https:\/\/wp.me\/p7Eq1F-4sx","jetpack_sharing_enabled":true,"jetpack_featured_media_url":"https:\/\/i0.wp.com\/guialimeira.com.br\/news\/wp-content\/uploads\/2024\/11\/54143359722_ec157e3c7c_o.jpg?fit=1600%2C800&ssl=1","_links":{"self":[{"href":"https:\/\/guialimeira.com.br\/news\/wp-json\/wp\/v2\/posts\/17145","targetHints":{"allow":["GET"]}}],"collection":[{"href":"https:\/\/guialimeira.com.br\/news\/wp-json\/wp\/v2\/posts"}],"about":[{"href":"https:\/\/guialimeira.com.br\/news\/wp-json\/wp\/v2\/types\/post"}],"author":[{"embeddable":true,"href":"https:\/\/guialimeira.com.br\/news\/wp-json\/wp\/v2\/users\/1"}],"replies":[{"embeddable":true,"href":"https:\/\/guialimeira.com.br\/news\/wp-json\/wp\/v2\/comments?post=17145"}],"version-history":[{"count":0,"href":"https:\/\/guialimeira.com.br\/news\/wp-json\/wp\/v2\/posts\/17145\/revisions"}],"wp:featuredmedia":[{"embeddable":true,"href":"https:\/\/guialimeira.com.br\/news\/wp-json\/wp\/v2\/media\/17146"}],"wp:attachment":[{"href":"https:\/\/guialimeira.com.br\/news\/wp-json\/wp\/v2\/media?parent=17145"}],"wp:term":[{"taxonomy":"category","embeddable":true,"href":"https:\/\/guialimeira.com.br\/news\/wp-json\/wp\/v2\/categories?post=17145"},{"taxonomy":"post_tag","embeddable":true,"href":"https:\/\/guialimeira.com.br\/news\/wp-json\/wp\/v2\/tags?post=17145"}],"curies":[{"name":"wp","href":"https:\/\/api.w.org\/{rel}","templated":true}]}}