{"id":17133,"date":"2024-11-16T14:05:12","date_gmt":"2024-11-16T17:05:12","guid":{"rendered":"https:\/\/guialimeira.com.br\/2024\/11\/16\/g20-social-pede-trabalho-decente-e-soberania-alimentar-contra-fome\/"},"modified":"2024-11-16T14:05:12","modified_gmt":"2024-11-16T17:05:12","slug":"g20-social-pede-trabalho-decente-e-soberania-alimentar-contra-fome","status":"publish","type":"post","link":"https:\/\/guialimeira.com.br\/news\/g20-social-pede-trabalho-decente-e-soberania-alimentar-contra-fome\/","title":{"rendered":"G20 Social pede trabalho decente e soberania alimentar contra fome"},"content":{"rendered":"<p> <br \/>\n<\/p>\n<div>\n<p>O documento elaborado pelas organiza\u00e7\u00f5es da sociedade civil durante o G20 Social para ser entregue aos l\u00edderes das maiores economias do mundo, reunidos na c\u00fapula do G20 no Rio de Janeiro (RJ), defende a ado\u00e7\u00e3o da soberania alimentar para combater a fome e pede o fortalecimento do trabalho decente para combater as desigualdades e a pobreza.<img data-recalc-dims=\"1\" decoding=\"async\" src=\"https:\/\/i0.wp.com\/agenciabrasil.ebc.com.br\/ebc.png?w=696&#038;ssl=1\" style=\"width:1px; height:1px; display:inline;\"\/><img data-recalc-dims=\"1\" decoding=\"async\" src=\"https:\/\/i0.wp.com\/agenciabrasil.ebc.com.br\/ebc.gif?w=696&#038;ssl=1\" style=\"width:1px; height:1px; display:inline;\"\/><\/p>\n<p>Aprovado e divulgado neste s\u00e1bado (16), o texto de quatro p\u00e1ginas exige dos l\u00edderes do G20 uma transi\u00e7\u00e3o energ\u00e9tica justa enfrentando a exclus\u00e3o social e a pobreza energ\u00e9tica; al\u00e9m de exigir \u201cfirme compromisso\u201d de redu\u00e7\u00e3o da emiss\u00e3o de gases de efeito estufa e de prote\u00e7\u00e3o das florestas tropicais.<\/p>\n<p><strong><a href=\"https:\/\/agenciabrasil.ebc.com.br\/internacional\/noticia\/2024-11\/leia-declaracao-final-do-g20-social\" rel=\"noopener\">Leia a \u00edntegra do documento<\/a><\/strong><\/p>\n<p>Conforme antecipado pela <strong>Ag\u00eancia Brasil<\/strong>, a <a href=\"http:\/\/\u00a0https:\/\/agenciabrasil.ebc.com.br\/geral\/noticia\/2024-11\/movimentos-pedem-reforma-inadiavel-da-onu-e-taxacao-dos-super-ricos\">declara\u00e7\u00e3o ainda defende reformas &#8220;inadi\u00e1veis&#8221; nas institui\u00e7\u00f5es internacionais<\/a>, como Na\u00e7\u00f5es Unidas (ONU) e Fundo Monet\u00e1rio Internacional (FMI), e a taxa\u00e7\u00e3o dos super ricos.\u00a0\u00a0<\/p>\n<p>\u201cSenhores e senhoras l\u00edderes do G20, \u00e9 hora de assumirmos a responsabilidade de liderar uma transforma\u00e7\u00e3o que seja efetivamente profunda e duradoura. Compromissos ambiciosos s\u00e3o essenciais para fortalecer as institui\u00e7\u00f5es internacionais, combater a fome e a desigualdade, mitigar os impactos das mudan\u00e7as do clima e proteger nossos ecossistemas\u201d, afirma o documento coletivo do G20 Social que ser\u00e1 entregue pelo presidente Luiz In\u00e1cio Lula da Silva aos l\u00edderes das maiores economias do planeta.<\/p>\n<h2>Soberania alimentar<\/h2>\n<p>Para combater a fome, a declara\u00e7\u00e3o do G20 Social defende a constru\u00e7\u00e3o da soberania alimentar. \u201cOs povos devem ter reconhecido o direito de acesso democr\u00e1tico \u00e0 terra e \u00e0 \u00e1gua, de controlar sua pr\u00f3pria produ\u00e7\u00e3o e distribui\u00e7\u00e3o de alimentos, com \u00eanfase em pr\u00e1ticas agroecol\u00f3gicas e de preserva\u00e7\u00e3o do meio ambiente\u201d, diz o documento.<\/p>\n<p>Diferentemente do conceito de seguran\u00e7a alimentar, que enfatiza o acesso aos alimentos, o conceito de soberania alimentar enfatiza a produ\u00e7\u00e3o desses alimentos, priorizando o mercado interno com o controle social da produ\u00e7\u00e3o. O conceito surge a partir da Via Campesina, organiza\u00e7\u00e3o que re\u00fane movimentos do campo de todo o mundo.<\/p>\n<p>A dirigente nacional do Movimento dos Trabalhadores Rurais Sem Terra (MST), C\u00e1ssia Bechara, presente no G20 Social, destacou que a soberania alimentar \u00e9 parte central do projeto de reforma agr\u00e1ria do MST para enfrentar a fome, a crise clim\u00e1tica e transformar a matriz produtiva do pa\u00eds. \u00a0\u00a0<\/p>\n<p>\u201cSoberania alimentar \u00e9 quando os camponeses dos pa\u00edses t\u00eam condi\u00e7\u00f5es de decidir o que plantar e como plantar no sentido de abastecer o mercado interno como prioridade, sem depender do pacote verde de insumos estrangeiros, de toda essa depend\u00eancia do pacote tecnol\u00f3gico. O conceito de soberania \u00e9 bem diferente do de seguran\u00e7a alimentar, que \u00e9 botar qualquer bolacha s\u00f3 para n\u00e3o morrer de inani\u00e7\u00e3o, n\u00e3o interessando o que est\u00e1 comendo, muito menos como esse alimento \u00e9 produzido\u201d, explicou C\u00e1ssia.<\/p>\n<p>Os movimentos sociais e organiza\u00e7\u00f5es da sociedade civil que elaboraram o documento pedem ainda que os pa\u00edses, \u201cem car\u00e1ter de urg\u00eancia e prioridade m\u00e1xima\u201d, fa\u00e7am a ades\u00e3o a iniciativa do Brasil da <a href=\"https:\/\/agenciabrasil.ebc.com.br\/direitos-humanos\/noticia\/2024-11\/alianca-global-contra-fome-ja-pode-beneficiar-500-milhoes-de-pessoas\" rel=\"noopener\">Alian\u00e7a Global contra a Fome e a Pobreza<\/a>, que prev\u00ea um fundo para financiar pol\u00edticas e programas de combate \u00e0 fome.\u00a0<\/p>\n<h2>Trabalho decente<\/h2>\n<p>A declara\u00e7\u00e3o dos grupos reunidos no G20 Social ainda afirma a \u201ccentralidade do trabalho decente, conforme os padr\u00f5es da OIT [Organiza\u00e7\u00e3o Internacional do Trabalho], como elemento essencial na supera\u00e7\u00e3o da pobreza e das desigualdades\u201d. A declara\u00e7\u00e3o aprovada pede o combate ao trabalho escravo, ao trabalho infantil, ao tr\u00e1fico humano e demais formas de explora\u00e7\u00e3o e precariza\u00e7\u00e3o do trabalho.<\/p>\n<p>\u201cEnfatizamos a defesa da formaliza\u00e7\u00e3o do mercado de trabalho e de economia inclusivas e contra-hegem\u00f4nicas, como a economia popular e solid\u00e1ria, cooperativas, cozinhas solid\u00e1rias e o reconhecimento e valoriza\u00e7\u00e3o da economia de cuidados\u201d, afirmam os movimentos.\u00a0<\/p>\n<p>Por fim, pedem que todos tenham acesso a empregos dignos, sistemas de seguridade e prote\u00e7\u00e3o social e exigem a amplia\u00e7\u00e3o dos direitos sindicais. A pauta \u00e9 apresentada em momento de intensa mobiliza\u00e7\u00e3o da sociedade contra a jornada de 6 dias de trabalho e 1 de folga, com <a href=\"https:\/\/agenciabrasil.ebc.com.br\/geral\/noticia\/2024-11\/manifestantes-vao-ruas-pelo-fim-da-escala-de-trabalho-6x1\" rel=\"noopener\">manifesta\u00e7\u00f5es realizadas em v\u00e1rias cidades nessa sexta-feira (15)<\/a>.\u00a0\u00a0\u00a0<\/p>\n<h2>Transi\u00e7\u00e3o Justa<\/h2>\n<p>O documento afirma que a maioria dos pa\u00edses desenvolvidos e suas elites n\u00e3o t\u00eam compromisso com o enfrentamento das mudan\u00e7as clim\u00e1ticas, provocadas pela queima de combust\u00edveis f\u00f3sseis, que causam o aquecimento da terra.<\/p>\n<p>A declara\u00e7\u00e3o pede que seja respeitado o Acordo de Paris e destaca a import\u00e2ncia das Contribui\u00e7\u00f5es Nacionalmente Determinadas (NDC), que s\u00e3o os compromissos de cada pa\u00eds com a redu\u00e7\u00e3o dos gases do efeito estufa. <a href=\"http:\/\/\u00a0https:\/\/agenciabrasil.ebc.com.br\/radioagencia-nacional\/meio-ambiente\/audio\/2024-11\/brasil-e-o-segundo-pais-apresentar-metas-de-emissoes-de-gases-ndc\">O Brasil foi o segundo pa\u00eds a apresentar a atualiza\u00e7\u00e3o da sua NDC<\/a>, definindo uma redu\u00e7\u00e3o de 59% a 67% dos gases at\u00e9 2035.\u00a0\u00a0<\/p>\n<p>\u201c\u00c9 uma exig\u00eancia \u00e9tica que os l\u00edderes mundiais assumam um compromisso firme com a redu\u00e7\u00e3o de emiss\u00f5es de gases do efeito estufa e do desmatamento, bem como a prote\u00e7\u00e3o dos oceanos, condi\u00e7\u00f5es essenciais para limitar o aquecimento global a 1,5\u00baC e evitar danos irrevers\u00edveis ao planeta\u201d, afirma o texto.<\/p>\n<p>A declara\u00e7\u00e3o que ser\u00e1 entregue aos l\u00edderes das maiores pot\u00eancias do mundo defende ainda que a transi\u00e7\u00e3o energ\u00e9tica precisa ser justa, substituindo o modelo de produ\u00e7\u00e3o baseado em combust\u00edveis f\u00f3sseis por uma economia de baixo carbono.<\/p>\n<p>\u201cEssa transforma\u00e7\u00e3o precisa enfrentar a exclus\u00e3o social, a pobreza energ\u00e9tica e o racismo ambiental, e garantir condi\u00e7\u00f5es equitativas para trabalhadores e trabalhadoras, pessoas negras e comunidades vulner\u00e1veis\u201d, acrescenta o documento.<\/p>\n<p>Por fim, os movimentos sociais pedem que os pa\u00edses protejam as florestas tropicais por meio da cria\u00e7\u00e3o do Fundo Floresta Tropical para Sempre (TFFF). <a href=\"https:\/\/agenciabrasil.ebc.com.br\/internacional\/noticia\/2023-12\/brasil-apresenta-na-cop-proposta-para-manter-florestas-tropicais-em-pe\" rel=\"noopener\">A proposta do fundo \u00e9 uma sugest\u00e3o do Brasil <\/a>para financiar a prote\u00e7\u00e3o das florestas tropicais, essenciais para a captura de carbono na atmosfera.<\/p>\n<h2>Reforma ONU e taxa\u00e7\u00e3o ricos<\/h2>\n<p>O terceiro grande tema da declara\u00e7\u00e3o do G20 Social pede a reforma da governan\u00e7a global, com maior participa\u00e7\u00e3o dos pa\u00edses menos desenvolvidos em inst\u00e2ncias como o Conselho de Seguran\u00e7a da ONU e o FMI.<\/p>\n<p>A declara\u00e7\u00e3o tamb\u00e9m pede a taxa\u00e7\u00e3o dos super ricos como forma de financiar as pol\u00edticas sociais, ambientais e culturais que os povos necessitam. De acordo com o texto, os recursos arrecadados devem ser destinados a fundos nacionais e internacionais.\u00a0<\/p>\n<p>\u00a0<\/p>\n<p>      <!-- Relacionada --><\/p>\n<p>            <!-- Relacionada -->\n    <\/div>\n<p><br \/>\n<br \/><a href=\"https:\/\/agenciabrasil.ebc.com.br\/internacional\/noticia\/2024-11\/g20-social-pede-trabalho-decente-e-soberania-alimentar-contra-fome\" rel=\"noopener\">Ag\u00eancia Brasil <\/a><\/p>\n","protected":false},"excerpt":{"rendered":"<p>O documento elaborado pelas organiza\u00e7\u00f5es da sociedade civil durante o G20 Social para ser entregue aos l\u00edderes das maiores economias do mundo, reunidos na c\u00fapula do G20 no Rio de Janeiro (RJ), defende a ado\u00e7\u00e3o da soberania alimentar para combater a fome e pede o fortalecimento do trabalho decente para combater as desigualdades e a [&hellip;]<\/p>\n","protected":false},"author":1,"featured_media":17134,"comment_status":"open","ping_status":"open","sticky":false,"template":"","format":"standard","meta":{"_jetpack_newsletter_access":"","_jetpack_dont_email_post_to_subs":false,"_jetpack_newsletter_tier_id":0,"_jetpack_memberships_contains_paywalled_content":false,"_mbp_banners":[],"_jetpack_feature_clip_id":0,"_jetpack_memberships_contains_paid_content":false,"footnotes":"","jetpack_publicize_message":"","jetpack_publicize_feature_enabled":true,"jetpack_social_post_already_shared":true,"jetpack_social_options":{"image_generator_settings":{"template":"highway","default_image_id":0,"font":"","enabled":false},"version":2},"jetpack_post_was_ever_published":false},"categories":[25],"tags":[],"class_list":["post-17133","post","type-post","status-publish","format-standard","has-post-thumbnail","category-internacional"],"jetpack_publicize_connections":[],"jetpack-related-posts":[],"jetpack_shortlink":"https:\/\/wp.me\/p7Eq1F-4sl","jetpack_sharing_enabled":true,"jetpack_featured_media_url":"https:\/\/i0.wp.com\/guialimeira.com.br\/news\/wp-content\/uploads\/2024\/11\/toms9511.jpg?fit=1600%2C800&ssl=1","_links":{"self":[{"href":"https:\/\/guialimeira.com.br\/news\/wp-json\/wp\/v2\/posts\/17133","targetHints":{"allow":["GET"]}}],"collection":[{"href":"https:\/\/guialimeira.com.br\/news\/wp-json\/wp\/v2\/posts"}],"about":[{"href":"https:\/\/guialimeira.com.br\/news\/wp-json\/wp\/v2\/types\/post"}],"author":[{"embeddable":true,"href":"https:\/\/guialimeira.com.br\/news\/wp-json\/wp\/v2\/users\/1"}],"replies":[{"embeddable":true,"href":"https:\/\/guialimeira.com.br\/news\/wp-json\/wp\/v2\/comments?post=17133"}],"version-history":[{"count":0,"href":"https:\/\/guialimeira.com.br\/news\/wp-json\/wp\/v2\/posts\/17133\/revisions"}],"wp:featuredmedia":[{"embeddable":true,"href":"https:\/\/guialimeira.com.br\/news\/wp-json\/wp\/v2\/media\/17134"}],"wp:attachment":[{"href":"https:\/\/guialimeira.com.br\/news\/wp-json\/wp\/v2\/media?parent=17133"}],"wp:term":[{"taxonomy":"category","embeddable":true,"href":"https:\/\/guialimeira.com.br\/news\/wp-json\/wp\/v2\/categories?post=17133"},{"taxonomy":"post_tag","embeddable":true,"href":"https:\/\/guialimeira.com.br\/news\/wp-json\/wp\/v2\/tags?post=17133"}],"curies":[{"name":"wp","href":"https:\/\/api.w.org\/{rel}","templated":true}]}}