{"id":17130,"date":"2024-11-16T13:04:07","date_gmt":"2024-11-16T16:04:07","guid":{"rendered":"https:\/\/guialimeira.com.br\/2024\/11\/16\/leia-a-declaracao-final-do-g20-social\/"},"modified":"2024-11-16T13:04:07","modified_gmt":"2024-11-16T16:04:07","slug":"leia-a-declaracao-final-do-g20-social","status":"publish","type":"post","link":"https:\/\/guialimeira.com.br\/news\/leia-a-declaracao-final-do-g20-social\/","title":{"rendered":"Leia a declara\u00e7\u00e3o final do G20 Social"},"content":{"rendered":"<p> <br \/>\n<\/p>\n<div>\n<p>A pluralidade de vozes que construiu o G20 Social ao longo da presid\u00eancia brasileira do G20 divulgou na manh\u00e3 deste s\u00e1bado (16) o documento final do encontro, que traz propostas aos l\u00edderes mundiais nas \u00e1reas de combate \u00e0 fome, sustentabilidade e reforma da governan\u00e7a global.<img data-recalc-dims=\"1\" decoding=\"async\" src=\"https:\/\/i0.wp.com\/agenciabrasil.ebc.com.br\/ebc.png?w=696&#038;ssl=1\" style=\"width:1px; height:1px; display:inline;\"\/><img data-recalc-dims=\"1\" decoding=\"async\" src=\"https:\/\/i0.wp.com\/agenciabrasil.ebc.com.br\/ebc.gif?w=696&#038;ssl=1\" style=\"width:1px; height:1px; display:inline;\"\/><\/p>\n<p>As propostas foram sistematizadas e\u00a0definidas por consenso entre os participantes para serem entregues ao presidente Luiz In\u00e1cio Lula da Silva no encerramento da C\u00fapula Social, neste s\u00e1bado. O presidente brasileiro vai repassar as demandas aos l\u00edderes do G20, grupo que re\u00fane as 19 maiores economias do planeta, mais a Uni\u00e3o Europeia e a Uni\u00e3o Africana.<\/p>\n<p>Os 13 grupos de engajamento que fazem parte do G20 Social s\u00e3o: C20 (sociedade civil); T20 (think tanks); Y20 (juventude); W20 (mulheres); L20 (trabalho); U20 (cidades); B20 (business); S20 (ci\u00eancias); Startup20 (startups); P20 (parlamentos); SAI20 (tribunais de contas); e os mais novos J20 (cortes supremas) e O20 (oceanos).<\/p>\n<p>Al\u00e9m das atividades desenvolvidas pelos 13 grupos de engajamento, o G20 Social tamb\u00e9m incluiu pela primeira vez encontros entre as trilhas pol\u00edtica (Trilha de Sherpas), financeira (Trilha de Finan\u00e7as) e os grupos de engajamento.<\/p>\n<h2>Leia na \u00edntegra o documento divulgado pelo grupo<\/h2>\n<\/p>\n<p>      <!-- Relacionada --><\/p>\n<p>            <!-- Relacionada -->\n    <\/div>\n<p><br \/>\n<br \/><a href=\"https:\/\/agenciabrasil.ebc.com.br\/internacional\/noticia\/2024-11\/leia-declaracao-final-do-g20-social\" rel=\"noopener\">Ag\u00eancia Brasil <\/a><\/p>\n","protected":false},"excerpt":{"rendered":"<p>A pluralidade de vozes que construiu o G20 Social ao longo da presid\u00eancia brasileira do G20 divulgou na manh\u00e3 deste s\u00e1bado (16) o documento final do encontro, que traz propostas aos l\u00edderes mundiais nas \u00e1reas de combate \u00e0 fome, sustentabilidade e reforma da governan\u00e7a global. As propostas foram sistematizadas e\u00a0definidas por consenso entre os participantes [&hellip;]<\/p>\n","protected":false},"author":1,"featured_media":17068,"comment_status":"open","ping_status":"open","sticky":false,"template":"","format":"standard","meta":{"_jetpack_newsletter_access":"","_jetpack_dont_email_post_to_subs":false,"_jetpack_newsletter_tier_id":0,"_jetpack_memberships_contains_paywalled_content":false,"_mbp_banners":[],"_jetpack_feature_clip_id":0,"_jetpack_memberships_contains_paid_content":false,"footnotes":"","jetpack_publicize_message":"","jetpack_publicize_feature_enabled":true,"jetpack_social_post_already_shared":true,"jetpack_social_options":{"image_generator_settings":{"template":"highway","default_image_id":0,"font":"","enabled":false},"version":2},"jetpack_post_was_ever_published":false},"categories":[25],"tags":[],"class_list":["post-17130","post","type-post","status-publish","format-standard","has-post-thumbnail","category-internacional"],"jetpack_publicize_connections":[],"jetpack-related-posts":[],"jetpack_shortlink":"https:\/\/wp.me\/p7Eq1F-4si","jetpack_sharing_enabled":true,"jetpack_featured_media_url":"https:\/\/i0.wp.com\/guialimeira.com.br\/news\/wp-content\/uploads\/2024\/11\/toms8883_01.jpg?fit=1600%2C800&ssl=1","_links":{"self":[{"href":"https:\/\/guialimeira.com.br\/news\/wp-json\/wp\/v2\/posts\/17130","targetHints":{"allow":["GET"]}}],"collection":[{"href":"https:\/\/guialimeira.com.br\/news\/wp-json\/wp\/v2\/posts"}],"about":[{"href":"https:\/\/guialimeira.com.br\/news\/wp-json\/wp\/v2\/types\/post"}],"author":[{"embeddable":true,"href":"https:\/\/guialimeira.com.br\/news\/wp-json\/wp\/v2\/users\/1"}],"replies":[{"embeddable":true,"href":"https:\/\/guialimeira.com.br\/news\/wp-json\/wp\/v2\/comments?post=17130"}],"version-history":[{"count":0,"href":"https:\/\/guialimeira.com.br\/news\/wp-json\/wp\/v2\/posts\/17130\/revisions"}],"wp:featuredmedia":[{"embeddable":true,"href":"https:\/\/guialimeira.com.br\/news\/wp-json\/wp\/v2\/media\/17068"}],"wp:attachment":[{"href":"https:\/\/guialimeira.com.br\/news\/wp-json\/wp\/v2\/media?parent=17130"}],"wp:term":[{"taxonomy":"category","embeddable":true,"href":"https:\/\/guialimeira.com.br\/news\/wp-json\/wp\/v2\/categories?post=17130"},{"taxonomy":"post_tag","embeddable":true,"href":"https:\/\/guialimeira.com.br\/news\/wp-json\/wp\/v2\/tags?post=17130"}],"curies":[{"name":"wp","href":"https:\/\/api.w.org\/{rel}","templated":true}]}}