{"id":17122,"date":"2024-11-16T11:01:55","date_gmt":"2024-11-16T14:01:55","guid":{"rendered":"https:\/\/guialimeira.com.br\/2024\/11\/16\/g20-negociadores-de-alto-nivel-estendem-debate-sobre-questoes-globais\/"},"modified":"2024-11-16T11:01:55","modified_gmt":"2024-11-16T14:01:55","slug":"g20-negociadores-de-alto-nivel-estendem-debate-sobre-questoes-globais","status":"publish","type":"post","link":"https:\/\/guialimeira.com.br\/news\/g20-negociadores-de-alto-nivel-estendem-debate-sobre-questoes-globais\/","title":{"rendered":"G20: Negociadores de alto n\u00edvel estendem debate sobre quest\u00f5es globais"},"content":{"rendered":"<p> <br \/>\n<\/p>\n<div>\n<p>A reuni\u00e3o final dos sherpas do G20 foi estendida em mais um dia no Rio de Janeiro, e continua neste s\u00e1bado (16). Os sherpas s\u00e3o os negociadores de alto n\u00edvel de cada pa\u00eds no grupo e trabalham para costurar os consensos que produzem o documento final do encontro.<img data-recalc-dims=\"1\" decoding=\"async\" src=\"https:\/\/i0.wp.com\/agenciabrasil.ebc.com.br\/ebc.png?w=696&#038;ssl=1\" style=\"width:1px; height:1px; display:inline;\"\/><img data-recalc-dims=\"1\" decoding=\"async\" src=\"https:\/\/i0.wp.com\/agenciabrasil.ebc.com.br\/ebc.gif?w=696&#038;ssl=1\" style=\"width:1px; height:1px; display:inline;\"\/><\/p>\n<p>O encontro era previsto para ocorrer entre 12 e 15 de novembro, mas os representantes dos pa\u00edses-membros precisaram de mais um dia para fechar os acordos sobre as quest\u00f5es globais que ser\u00e3o tratadas pelos chefes de seus Estados.<\/p>\n<p>O sherpa indicado pelo governo brasileiro \u00e9 o embaixador Mauricio Lyrio, secret\u00e1rio de Assuntos Econ\u00f4micos e Financeiros do Minist\u00e9rio das Rela\u00e7\u00f5es Exteriores (MRE). Como o pa\u00eds est\u00e1 na presid\u00eancia do grupo, Lyrio \u00e9 o coordenador das discuss\u00f5es.\u00a0<\/p>\n<p>Este encontro final \u00e9 essencial para consolidar os compromissos e pontos-chave da agenda que ser\u00e1 apresentada aos chefes de Estado, nos dias 18 e 19 de novembro, no Museu de Arte Moderna (MAM), tamb\u00e9m na capital fluminense.<\/p>\n<p>Nesta fase, os sherpas revisam e ajustam documentos fundamentais que abordar\u00e3o desafios globais e regionais, com destaque para mudan\u00e7as do clima, desenvolvimento sustent\u00e1vel e recupera\u00e7\u00e3o econ\u00f4mica p\u00f3s-pandemia.<\/p>\n<p>O Brasil tem defendido uma recupera\u00e7\u00e3o econ\u00f4mica inclusiva, com foco em diminuir desigualdades, especialmente nos pa\u00edses em desenvolvimento.<\/p>\n<p>\u00a0<\/p>\n<p>      <!-- Relacionada --><\/p>\n<p>            <!-- Relacionada -->\n    <\/div>\n<p><br \/>\n<br \/><a href=\"https:\/\/agenciabrasil.ebc.com.br\/internacional\/noticia\/2024-11\/g20-negociadores-de-alto-nivel-estendem-debate-sobre-questoes-globais\" rel=\"noopener\">Ag\u00eancia Brasil <\/a><\/p>\n","protected":false},"excerpt":{"rendered":"<p>A reuni\u00e3o final dos sherpas do G20 foi estendida em mais um dia no Rio de Janeiro, e continua neste s\u00e1bado (16). Os sherpas s\u00e3o os negociadores de alto n\u00edvel de cada pa\u00eds no grupo e trabalham para costurar os consensos que produzem o documento final do encontro. O encontro era previsto para ocorrer entre [&hellip;]<\/p>\n","protected":false},"author":1,"featured_media":17123,"comment_status":"open","ping_status":"open","sticky":false,"template":"","format":"standard","meta":{"_jetpack_newsletter_access":"","_jetpack_dont_email_post_to_subs":false,"_jetpack_newsletter_tier_id":0,"_jetpack_memberships_contains_paywalled_content":false,"_mbp_banners":[],"_jetpack_feature_clip_id":0,"_jetpack_memberships_contains_paid_content":false,"footnotes":"","jetpack_publicize_message":"","jetpack_publicize_feature_enabled":true,"jetpack_social_post_already_shared":true,"jetpack_social_options":{"image_generator_settings":{"template":"highway","default_image_id":0,"font":"","enabled":false},"version":2},"jetpack_post_was_ever_published":false},"categories":[25],"tags":[],"class_list":["post-17122","post","type-post","status-publish","format-standard","has-post-thumbnail","category-internacional"],"jetpack_publicize_connections":[],"jetpack-related-posts":[],"jetpack_shortlink":"https:\/\/wp.me\/p7Eq1F-4sa","jetpack_sharing_enabled":true,"jetpack_featured_media_url":"https:\/\/i0.wp.com\/guialimeira.com.br\/news\/wp-content\/uploads\/2024\/11\/0d7a3185.jpg?fit=1600%2C800&ssl=1","_links":{"self":[{"href":"https:\/\/guialimeira.com.br\/news\/wp-json\/wp\/v2\/posts\/17122","targetHints":{"allow":["GET"]}}],"collection":[{"href":"https:\/\/guialimeira.com.br\/news\/wp-json\/wp\/v2\/posts"}],"about":[{"href":"https:\/\/guialimeira.com.br\/news\/wp-json\/wp\/v2\/types\/post"}],"author":[{"embeddable":true,"href":"https:\/\/guialimeira.com.br\/news\/wp-json\/wp\/v2\/users\/1"}],"replies":[{"embeddable":true,"href":"https:\/\/guialimeira.com.br\/news\/wp-json\/wp\/v2\/comments?post=17122"}],"version-history":[{"count":0,"href":"https:\/\/guialimeira.com.br\/news\/wp-json\/wp\/v2\/posts\/17122\/revisions"}],"wp:featuredmedia":[{"embeddable":true,"href":"https:\/\/guialimeira.com.br\/news\/wp-json\/wp\/v2\/media\/17123"}],"wp:attachment":[{"href":"https:\/\/guialimeira.com.br\/news\/wp-json\/wp\/v2\/media?parent=17122"}],"wp:term":[{"taxonomy":"category","embeddable":true,"href":"https:\/\/guialimeira.com.br\/news\/wp-json\/wp\/v2\/categories?post=17122"},{"taxonomy":"post_tag","embeddable":true,"href":"https:\/\/guialimeira.com.br\/news\/wp-json\/wp\/v2\/tags?post=17122"}],"curies":[{"name":"wp","href":"https:\/\/api.w.org\/{rel}","templated":true}]}}