{"id":17118,"date":"2024-11-16T10:53:50","date_gmt":"2024-11-16T13:53:50","guid":{"rendered":"https:\/\/guialimeira.com.br\/2024\/11\/16\/brasil-contabiliza-15-mil-casos-de-mpox-em-2024\/"},"modified":"2024-11-16T10:53:50","modified_gmt":"2024-11-16T13:53:50","slug":"brasil-contabiliza-15-mil-casos-de-mpox-em-2024","status":"publish","type":"post","link":"https:\/\/guialimeira.com.br\/news\/brasil-contabiliza-15-mil-casos-de-mpox-em-2024\/","title":{"rendered":"Brasil contabiliza 1,5 mil casos de mpox em 2024"},"content":{"rendered":"<p> <br \/>\n<\/p>\n<div>\n<p>O Brasil registrou, ao longo de 2024, 1.578 casos confirmados de mpox. O painel de monitoramento do Minist\u00e9rio da Sa\u00fade contabiliza ainda 60 casos prov\u00e1veis e 434 casos suspeitos da doen\u00e7a no pa\u00eds.<img data-recalc-dims=\"1\" decoding=\"async\" src=\"https:\/\/i0.wp.com\/agenciabrasil.ebc.com.br\/ebc.png?w=696&#038;ssl=1\" style=\"width:1px; height:1px; display:inline;\"\/><img data-recalc-dims=\"1\" decoding=\"async\" src=\"https:\/\/i0.wp.com\/agenciabrasil.ebc.com.br\/ebc.gif?w=696&#038;ssl=1\" style=\"width:1px; height:1px; display:inline;\"\/><\/p>\n<p>A maioria das infec\u00e7\u00f5es se concentra na faixa et\u00e1ria dos 30 aos 39 anos (751 casos), seguida pelos grupos de 18 a 29 anos (496 casos) e de 40 a 49 anos (275 casos). Os homens respondem por 81% dos casos confirmados, sendo que 70% declararam ter rela\u00e7\u00f5es sexuais com homens.<\/p>\n<p>Outro recorte divulgado pelo painel de monitoramento do minist\u00e9rio \u00e9 o de ra\u00e7a e cor. Os dados mostram que 46% dos casos de mpox no Brasil se concentram entre brancos; 29%, entre pardos; e 11%, entre pretos.<\/p>\n<p>O Sudeste lidera o ranking de regi\u00f5es com mais infec\u00e7\u00f5es, com 1.269 casos. Em seguida est\u00e3o Nordeste (137), Centro-Oeste (97), Norte (712) e Sul (61). Entre os estados, S\u00e3o Paulo e Rio de Janeiro aparecem na frente, com 866 e 320 casos, respectivamente.<\/p>\n<h2>Emerg\u00eancia global<\/h2>\n<p>A Organiza\u00e7\u00e3o Mundial da Sa\u00fade (OMS) convocou para a pr\u00f3xima sexta-feira (22) uma reuni\u00e3o do comit\u00ea de emerg\u00eancia para reavaliar o cen\u00e1rio de mpox no mundo. Em agosto, o mesmo comit\u00ea declarou a doen\u00e7a como emerg\u00eancia em sa\u00fade p\u00fablica de import\u00e2ncia internacional.<\/p>\n<p>Dados da entidade revelam que, de 1\u00ba de janeiro de 2022 a 30 de setembro deste ano, 109.699 casos de mpox foram confirmados em todo o mundo, al\u00e9m de 236 mortes. Pelo menos 123 pa\u00edses reportaram casos da doen\u00e7a.<\/p>\n<p>O continente africano responde pela maior parte das infec\u00e7\u00f5es \u2013 11.148 casos confirmados entre 1\u00ba de janeiro a 3 de novembro de 2024, al\u00e9m de 46.794 casos suspeitos. A \u00c1frica contabiliza tamb\u00e9m 53 mortes confirmadas por mpox e 1.081 \u00f3bitos suspeitos.<\/p>\n<p>A Rep\u00fablica Democr\u00e1tica do Congo segue liderando o ranking, com 8.662 casos confirmados, 39.501 casos suspeitos, 43 mortes confirmadas e 1.073 \u00f3bitos suspeitos pela doen\u00e7a. Em seguida aparecem Burundi, com 1.726 casos confirmados, e Uganda, com 359 casos confirmados.<\/p>\n<h2>Nova variante<\/h2>\n<p>Segundo a OMS, tr\u00eas novos pa\u00edses confirmaram casos importados da variante 1b: Reino Unido, Z\u00e2mbia e Zimb\u00e1bue. Al\u00e9m disso, pela primeira vez, a transmiss\u00e3o local da nova variante foi detectada fora da \u00c1frica \u2013 no Reino Unido, tr\u00eas pessoas foram infectadas por um viajante.<\/p>\n<p>      <!-- Relacionada --><\/p>\n<p>            <!-- Relacionada -->\n    <\/div>\n<p><br \/>\n<br \/><a href=\"https:\/\/agenciabrasil.ebc.com.br\/saude\/noticia\/2024-11\/brasil-contabiliza-15-mil-casos-de-mpox-em-2024\" rel=\"noopener\">Ag\u00eancia Brasil <\/a><\/p>\n","protected":false},"excerpt":{"rendered":"<p>O Brasil registrou, ao longo de 2024, 1.578 casos confirmados de mpox. O painel de monitoramento do Minist\u00e9rio da Sa\u00fade contabiliza ainda 60 casos prov\u00e1veis e 434 casos suspeitos da doen\u00e7a no pa\u00eds. A maioria das infec\u00e7\u00f5es se concentra na faixa et\u00e1ria dos 30 aos 39 anos (751 casos), seguida pelos grupos de 18 a [&hellip;]<\/p>\n","protected":false},"author":1,"featured_media":17119,"comment_status":"open","ping_status":"open","sticky":false,"template":"","format":"standard","meta":{"_jetpack_newsletter_access":"","_jetpack_dont_email_post_to_subs":false,"_jetpack_newsletter_tier_id":0,"_jetpack_memberships_contains_paywalled_content":false,"_mbp_banners":[],"_jetpack_feature_clip_id":0,"_jetpack_memberships_contains_paid_content":false,"footnotes":"","jetpack_publicize_message":"","jetpack_publicize_feature_enabled":true,"jetpack_social_post_already_shared":true,"jetpack_social_options":{"image_generator_settings":{"template":"highway","default_image_id":0,"font":"","enabled":false},"version":2},"jetpack_post_was_ever_published":false},"categories":[15],"tags":[],"class_list":["post-17118","post","type-post","status-publish","format-standard","has-post-thumbnail","category-saude"],"jetpack_publicize_connections":[],"jetpack-related-posts":[],"jetpack_shortlink":"https:\/\/wp.me\/p7Eq1F-4s6","jetpack_sharing_enabled":true,"jetpack_featured_media_url":"https:\/\/i0.wp.com\/guialimeira.com.br\/news\/wp-content\/uploads\/2024\/11\/2024-08-20t135719z_1736913444_rc2pj9addr69_rtrmadp_3_health-mpox.jpg?fit=1600%2C800&ssl=1","_links":{"self":[{"href":"https:\/\/guialimeira.com.br\/news\/wp-json\/wp\/v2\/posts\/17118","targetHints":{"allow":["GET"]}}],"collection":[{"href":"https:\/\/guialimeira.com.br\/news\/wp-json\/wp\/v2\/posts"}],"about":[{"href":"https:\/\/guialimeira.com.br\/news\/wp-json\/wp\/v2\/types\/post"}],"author":[{"embeddable":true,"href":"https:\/\/guialimeira.com.br\/news\/wp-json\/wp\/v2\/users\/1"}],"replies":[{"embeddable":true,"href":"https:\/\/guialimeira.com.br\/news\/wp-json\/wp\/v2\/comments?post=17118"}],"version-history":[{"count":0,"href":"https:\/\/guialimeira.com.br\/news\/wp-json\/wp\/v2\/posts\/17118\/revisions"}],"wp:featuredmedia":[{"embeddable":true,"href":"https:\/\/guialimeira.com.br\/news\/wp-json\/wp\/v2\/media\/17119"}],"wp:attachment":[{"href":"https:\/\/guialimeira.com.br\/news\/wp-json\/wp\/v2\/media?parent=17118"}],"wp:term":[{"taxonomy":"category","embeddable":true,"href":"https:\/\/guialimeira.com.br\/news\/wp-json\/wp\/v2\/categories?post=17118"},{"taxonomy":"post_tag","embeddable":true,"href":"https:\/\/guialimeira.com.br\/news\/wp-json\/wp\/v2\/tags?post=17118"}],"curies":[{"name":"wp","href":"https:\/\/api.w.org\/{rel}","templated":true}]}}