{"id":1707,"date":"2024-04-16T23:51:47","date_gmt":"2024-04-17T02:51:47","guid":{"rendered":"https:\/\/guialimeira.com.br\/2024\/04\/16\/pmdf-investiga-dois-pacotes-suspeitos-no-aeroporto-de-brasilia\/"},"modified":"2024-04-16T23:51:47","modified_gmt":"2024-04-17T02:51:47","slug":"pmdf-investiga-dois-pacotes-suspeitos-no-aeroporto-de-brasilia","status":"publish","type":"post","link":"https:\/\/guialimeira.com.br\/news\/pmdf-investiga-dois-pacotes-suspeitos-no-aeroporto-de-brasilia\/","title":{"rendered":"PMDF investiga dois pacotes suspeitos no aeroporto de Bras\u00edlia"},"content":{"rendered":"<p> <br \/>\n<\/p>\n<div>\n<p>A Pol\u00edcia Militar do Distrito Federal (PMDF) investiga dois pacotes suspeitos localizados na manh\u00e3 desta ter\u00e7a-feira (16) nas proximidades do Aeroporto Internacional de Bras\u00edlia. Homens do Corpo de Bombeiros Militar do Distrito Federal tamb\u00e9m est\u00e3o no local, que foi isolado.<img data-recalc-dims=\"1\" decoding=\"async\" src=\"https:\/\/i0.wp.com\/agenciabrasil.ebc.com.br\/ebc.png?w=696&#038;ssl=1\" style=\"width:1px; height:1px; display:inline;\"\/><img data-recalc-dims=\"1\" decoding=\"async\" src=\"https:\/\/i0.wp.com\/agenciabrasil.ebc.com.br\/ebc.gif?w=696&#038;ssl=1\" style=\"width:1px; height:1px; display:inline;\"\/><\/p>\n<p>De acordo com o major da PMDF Michello Bueno, os artefatos encontrados mais cedo, envoltos em fita, chegaram a passar pelo <em>scanner<\/em> do Batalh\u00e3o de Opera\u00e7\u00f5es Especiais, mas o resultado foi inconclusivo. Com isso, os pacotes ser\u00e3o detonados.<\/p>\n<p>\u201cA gente n\u00e3o sabe o que \u00e9 ainda. Foram encontrados dois objetos envoltos em fita. Foi passado o <em>scanner<\/em>, o rob\u00f4 da pol\u00edcia militar, com o material de opera\u00e7\u00f5es especiais, mas foi inconclusivo. Eles v\u00e3o explodir agora.\u201d<\/p>\n<p>Ainda segundo o major, o aeroporto segue funcionando normalmente. Dados da Inframerica, concession\u00e1ria que administra o terminal, mostram que n\u00e3o h\u00e1 atrasos ou cancelamentos nos voos previstos para esta sexta-feira.<\/p>\n<p><em>*Colaborou Gabriel Brum, da R\u00e1dio Nacional<\/em>.<\/p>\n<p>\u00a0<\/p>\n<\/p><\/div>\n<p><br \/>\n<br \/><a href=\"https:\/\/agenciabrasil.ebc.com.br\/geral\/noticia\/2024-04\/pmdf-investiga-dois-pacotes-suspeitos-no-aeroporto-de-brasilia\" rel=\"noopener\">Ag\u00eancia Brasil<\/a><\/p>\n","protected":false},"excerpt":{"rendered":"<p>A Pol\u00edcia Militar do Distrito Federal (PMDF) investiga dois pacotes suspeitos localizados na manh\u00e3 desta ter\u00e7a-feira (16) nas proximidades do Aeroporto Internacional de Bras\u00edlia. Homens do Corpo de Bombeiros Militar do Distrito Federal tamb\u00e9m est\u00e3o no local, que foi isolado. De acordo com o major da PMDF Michello Bueno, os artefatos encontrados mais cedo, envoltos [&hellip;]<\/p>\n","protected":false},"author":1,"featured_media":269,"comment_status":"open","ping_status":"open","sticky":false,"template":"","format":"standard","meta":{"_jetpack_newsletter_access":"","_jetpack_dont_email_post_to_subs":false,"_jetpack_newsletter_tier_id":0,"_jetpack_memberships_contains_paywalled_content":false,"_mbp_banners":[],"_jetpack_feature_clip_id":0,"_jetpack_memberships_contains_paid_content":false,"footnotes":"","jetpack_publicize_message":"","jetpack_publicize_feature_enabled":true,"jetpack_social_post_already_shared":true,"jetpack_social_options":{"image_generator_settings":{"template":"highway","default_image_id":0,"font":"","enabled":false},"version":2},"jetpack_post_was_ever_published":false},"categories":[1],"tags":[],"class_list":["post-1707","post","type-post","status-publish","format-standard","has-post-thumbnail","category-geral"],"jetpack_publicize_connections":[],"jetpack-related-posts":[],"jetpack_shortlink":"https:\/\/wp.me\/p7Eq1F-rx","jetpack_sharing_enabled":true,"jetpack_featured_media_url":"https:\/\/i0.wp.com\/guialimeira.com.br\/news\/wp-content\/uploads\/2024\/03\/thumb_1200x600_agbrasil.png?fit=1200%2C600&ssl=1","_links":{"self":[{"href":"https:\/\/guialimeira.com.br\/news\/wp-json\/wp\/v2\/posts\/1707","targetHints":{"allow":["GET"]}}],"collection":[{"href":"https:\/\/guialimeira.com.br\/news\/wp-json\/wp\/v2\/posts"}],"about":[{"href":"https:\/\/guialimeira.com.br\/news\/wp-json\/wp\/v2\/types\/post"}],"author":[{"embeddable":true,"href":"https:\/\/guialimeira.com.br\/news\/wp-json\/wp\/v2\/users\/1"}],"replies":[{"embeddable":true,"href":"https:\/\/guialimeira.com.br\/news\/wp-json\/wp\/v2\/comments?post=1707"}],"version-history":[{"count":0,"href":"https:\/\/guialimeira.com.br\/news\/wp-json\/wp\/v2\/posts\/1707\/revisions"}],"wp:featuredmedia":[{"embeddable":true,"href":"https:\/\/guialimeira.com.br\/news\/wp-json\/wp\/v2\/media\/269"}],"wp:attachment":[{"href":"https:\/\/guialimeira.com.br\/news\/wp-json\/wp\/v2\/media?parent=1707"}],"wp:term":[{"taxonomy":"category","embeddable":true,"href":"https:\/\/guialimeira.com.br\/news\/wp-json\/wp\/v2\/categories?post=1707"},{"taxonomy":"post_tag","embeddable":true,"href":"https:\/\/guialimeira.com.br\/news\/wp-json\/wp\/v2\/tags?post=1707"}],"curies":[{"name":"wp","href":"https:\/\/api.w.org\/{rel}","templated":true}]}}