{"id":17062,"date":"2024-11-15T11:31:55","date_gmt":"2024-11-15T14:31:55","guid":{"rendered":"https:\/\/guialimeira.com.br\/2024\/11\/15\/casos-respiratorios-graves-apresentam-alta-no-rio-e-mais-9-estados\/"},"modified":"2024-11-15T11:31:55","modified_gmt":"2024-11-15T14:31:55","slug":"casos-respiratorios-graves-apresentam-alta-no-rio-e-mais-9-estados","status":"publish","type":"post","link":"https:\/\/guialimeira.com.br\/news\/casos-respiratorios-graves-apresentam-alta-no-rio-e-mais-9-estados\/","title":{"rendered":"Casos respirat\u00f3rios graves apresentam alta no Rio e mais 9 estados"},"content":{"rendered":"<p> <br \/>\n<\/p>\n<div>\n<p>Os casos de infec\u00e7\u00f5es respirat\u00f3rias graves est\u00e3o em alta em todas as faixas et\u00e1rias nos estados do Rio de Janeiro e Goi\u00e1s, mostra o Boletim InfoGripe, divulgado pela Funda\u00e7\u00e3o Oswaldo Cruz (Fiocruz). Nas crian\u00e7as e adolescentes, as infec\u00e7\u00f5es s\u00e3o causadas principalmente por rinov\u00edrus, enquanto nos idosos, pelo coronav\u00edrus SARS-CoV-2.<img data-recalc-dims=\"1\" decoding=\"async\" src=\"https:\/\/i0.wp.com\/agenciabrasil.ebc.com.br\/ebc.png?w=696&#038;ssl=1\" style=\"width:1px; height:1px; display:inline;\"\/><img data-recalc-dims=\"1\" decoding=\"async\" src=\"https:\/\/i0.wp.com\/agenciabrasil.ebc.com.br\/ebc.gif?w=696&#038;ssl=1\" style=\"width:1px; height:1px; display:inline;\"\/><\/p>\n<p>Tamb\u00e9m apresentam tend\u00eancia de alta nos casos de s\u00edndrome respirat\u00f3ria aguda grave (SRAG) outros oito estados, mas est\u00e1 concentrada entre as crian\u00e7as: Amazonas, Amap\u00e1, Cear\u00e1, Esp\u00edrito Santo, Maranh\u00e3o, Pernambuco, Piau\u00ed e Roraima.<\/p>\n<p>A pesquisadora do Programa de Computa\u00e7\u00e3o Cient\u00edfica da Fiocruz (Procc\/Fiocruz) e do InfoGripe Tatiana Portella alerta que a popula\u00e7\u00e3o de risco, como os idosos, devem manter a vacina\u00e7\u00e3o contra a covid-19 e o influenza em dia para prevenir casos respirat\u00f3rios graves.\u00a0<\/p>\n<p>\u201cEm caso de aparecimento de sintomas, o recomendado \u00e9 manter a etiqueta respirat\u00f3ria com o uso de m\u00e1scaras e evitar tossir ou espirrar perto de outras pessoas\u201d, disse Tatiana.\u00a0<\/p>\n<p>Desde o in\u00edcio deste ano, j\u00e1 foram notificados 156.309 casos de SRAG, sendo 73.283 (46,9%) com resultado laboratorial positivo para algum v\u00edrus respirat\u00f3rio.\u00a0<\/p>\n<p>Em rela\u00e7\u00e3o aos \u00f3bitos de SRAG este ano, j\u00e1 foram registrados 9.544 \u00f3bitos, sendo 4.909 (51,4%) com resultado laboratorial positivo para algum v\u00edrus respirat\u00f3rio. Dentre os positivos do ano corrente, 28,2% s\u00e3o influenza A; 1,8% s\u00e3o influenza B; 8,5% s\u00e3o VSR; 8,7% s\u00e3o rinov\u00edrus; e 52% s\u00e3o Sars-CoV-2 (covid-19).<\/p>\n<p>      <!-- Relacionada --><\/p>\n<p>            <!-- Relacionada -->\n    <\/div>\n<p><br \/>\n<br \/><a href=\"https:\/\/agenciabrasil.ebc.com.br\/saude\/noticia\/2024-11\/casos-respiratorios-graves-apresentam-alta-no-rio-e-mais-9-estados\" rel=\"noopener\">Ag\u00eancia Brasil <\/a><\/p>\n","protected":false},"excerpt":{"rendered":"<p>Os casos de infec\u00e7\u00f5es respirat\u00f3rias graves est\u00e3o em alta em todas as faixas et\u00e1rias nos estados do Rio de Janeiro e Goi\u00e1s, mostra o Boletim InfoGripe, divulgado pela Funda\u00e7\u00e3o Oswaldo Cruz (Fiocruz). Nas crian\u00e7as e adolescentes, as infec\u00e7\u00f5es s\u00e3o causadas principalmente por rinov\u00edrus, enquanto nos idosos, pelo coronav\u00edrus SARS-CoV-2. Tamb\u00e9m apresentam tend\u00eancia de alta nos [&hellip;]<\/p>\n","protected":false},"author":1,"featured_media":2098,"comment_status":"open","ping_status":"open","sticky":false,"template":"","format":"standard","meta":{"_jetpack_newsletter_access":"","_jetpack_dont_email_post_to_subs":false,"_jetpack_newsletter_tier_id":0,"_jetpack_memberships_contains_paywalled_content":false,"_mbp_banners":[],"_jetpack_feature_clip_id":0,"_jetpack_memberships_contains_paid_content":false,"footnotes":"","jetpack_publicize_message":"","jetpack_publicize_feature_enabled":true,"jetpack_social_post_already_shared":true,"jetpack_social_options":{"image_generator_settings":{"template":"highway","default_image_id":0,"font":"","enabled":false},"version":2},"jetpack_post_was_ever_published":false},"categories":[15],"tags":[],"class_list":["post-17062","post","type-post","status-publish","format-standard","has-post-thumbnail","category-saude"],"jetpack_publicize_connections":[],"jetpack-related-posts":[],"jetpack_shortlink":"https:\/\/wp.me\/p7Eq1F-4rc","jetpack_sharing_enabled":true,"jetpack_featured_media_url":"https:\/\/i0.wp.com\/guialimeira.com.br\/news\/wp-content\/uploads\/2024\/04\/dsc8071.jpg?fit=1600%2C800&ssl=1","_links":{"self":[{"href":"https:\/\/guialimeira.com.br\/news\/wp-json\/wp\/v2\/posts\/17062","targetHints":{"allow":["GET"]}}],"collection":[{"href":"https:\/\/guialimeira.com.br\/news\/wp-json\/wp\/v2\/posts"}],"about":[{"href":"https:\/\/guialimeira.com.br\/news\/wp-json\/wp\/v2\/types\/post"}],"author":[{"embeddable":true,"href":"https:\/\/guialimeira.com.br\/news\/wp-json\/wp\/v2\/users\/1"}],"replies":[{"embeddable":true,"href":"https:\/\/guialimeira.com.br\/news\/wp-json\/wp\/v2\/comments?post=17062"}],"version-history":[{"count":0,"href":"https:\/\/guialimeira.com.br\/news\/wp-json\/wp\/v2\/posts\/17062\/revisions"}],"wp:featuredmedia":[{"embeddable":true,"href":"https:\/\/guialimeira.com.br\/news\/wp-json\/wp\/v2\/media\/2098"}],"wp:attachment":[{"href":"https:\/\/guialimeira.com.br\/news\/wp-json\/wp\/v2\/media?parent=17062"}],"wp:term":[{"taxonomy":"category","embeddable":true,"href":"https:\/\/guialimeira.com.br\/news\/wp-json\/wp\/v2\/categories?post=17062"},{"taxonomy":"post_tag","embeddable":true,"href":"https:\/\/guialimeira.com.br\/news\/wp-json\/wp\/v2\/tags?post=17062"}],"curies":[{"name":"wp","href":"https:\/\/api.w.org\/{rel}","templated":true}]}}