{"id":17016,"date":"2024-11-14T17:21:44","date_gmt":"2024-11-14T20:21:44","guid":{"rendered":"https:\/\/guialimeira.com.br\/2024\/11\/14\/mst-denuncia-agronegocio-imperialismo-e-acordo-ue-mercosul-no-g20\/"},"modified":"2024-11-14T17:21:44","modified_gmt":"2024-11-14T20:21:44","slug":"mst-denuncia-agronegocio-imperialismo-e-acordo-ue-mercosul-no-g20","status":"publish","type":"post","link":"https:\/\/guialimeira.com.br\/news\/mst-denuncia-agronegocio-imperialismo-e-acordo-ue-mercosul-no-g20\/","title":{"rendered":"MST denuncia agroneg\u00f3cio, imperialismo e acordo UE-Mercosul no G20"},"content":{"rendered":"<p> <br \/>\n<\/p>\n<div>\n<p>Cerca de mil militantes do Movimento dos Trabalhadores Rurais Sem Terra (MST) de v\u00e1rias partes do pa\u00eds est\u00e3o no G20 Social, no Rio de Janeiro, e denunciam no evento os \u201ccrimes\u201d do imperialismo, por meio de um tribunal popular, o papel do agroneg\u00f3cio na crise clim\u00e1tica e o acordo entre Mercosul e Uni\u00e3o Europeia. Al\u00e9m disso, promovem ato em defesa da Palestina.<img data-recalc-dims=\"1\" decoding=\"async\" src=\"https:\/\/i0.wp.com\/agenciabrasil.ebc.com.br\/ebc.png?w=696&#038;ssl=1\" style=\"width:1px; height:1px; display:inline;\"\/><img data-recalc-dims=\"1\" decoding=\"async\" src=\"https:\/\/i0.wp.com\/agenciabrasil.ebc.com.br\/ebc.gif?w=696&#038;ssl=1\" style=\"width:1px; height:1px; display:inline;\"\/><\/p>\n<p>Na avalia\u00e7\u00e3o do MST, o documento elaborado por representantes dos movimentos participantes no G20 Social, que ser\u00e1 entregue ao presidente Luiz In\u00e1cio Lula da Silva, no s\u00e1bado (16), n\u00e3o \u00e9 o mais importante do encontro, uma vez que os pa\u00edses do G20 \u2013 que re\u00fane as 19 maiores economias do planeta, al\u00e9m da Uni\u00e3o Europeia e da Uni\u00e3o Africana \u2013 n\u00e3o t\u00eam qualquer obriga\u00e7\u00e3o de adotar, ou mesmo considerar, as propostas da sociedade civil.<\/p>\n<p>\u201cA nossa presen\u00e7a aqui \u00e9 a mensagem que queremos passar e envolve os tr\u00eas\u00a0 temas selecionados pelo Brasil para o G20: combate \u00e0 fome; reforma da governan\u00e7a global e crise clim\u00e1tica\u201d, afirmou C\u00e1ssia Bechara, da dire\u00e7\u00e3o nacional do MST e coordenadora do setor de internacionalismo do movimento.<\/p>\n<p>Para C\u00e1ssia, n\u00e3o h\u00e1 como falar de combate \u00e0 fome sem falar de reforma agr\u00e1ria, nem falar de crise clim\u00e1tica sem discutir o papel do agroneg\u00f3cio em pa\u00edses como o Brasil.<\/p>\n<p>\u201cS\u00f3 se combate \u00e0 fome com reforma agr\u00e1ria, n\u00e3o se combate \u00e0 fome investindo no agroneg\u00f3cio para produzir soja ou outras commodities. N\u00e3o vamos conseguir enfrentar a crise ambiental se n\u00e3o enfrentarmos o modelo agr\u00edcola implementado nos pa\u00edses do Sul Global\u201d, destacou C\u00e1ssia. Sul Global \u00e9 o termo usado para se referir aos pa\u00edses pobres ou emergentes que, em sua maioria, est\u00e3o no Hemisf\u00e9rio Sul do planeta.<\/p>\n<p>Diferentemente do que ocorre nos pa\u00edses mais ricos, no Brasil, o desmatamento e a agricultura s\u00e3o os maiores emissores de gases do efeito estufa. O pa\u00eds \u00e9 o quinto maior emissor de poluentes do planeta.<\/p>\n<p>\u201cN\u00e3o podemos enfrentar a crise clim\u00e1tica sem debater o papel do agroneg\u00f3cio na explora\u00e7\u00e3o dos bens naturais, na polui\u00e7\u00e3o das \u00e1guas e dos solos a partir dos agrot\u00f3xicos, na emiss\u00e3o de gases a partir do monocultivo e da pecu\u00e1ria extensiva, na promo\u00e7\u00e3o das queimadas para a expans\u00e3o da fronteira agr\u00edcola. O agroneg\u00f3cio est\u00e1 no centro da crise ambiental dos pa\u00edses do Sul Global\u201d, acrescentou a dirigente do MST.<\/p>\n<h2>Economia Verde<\/h2>\n<p>Uma das especialistas convidadas pelo MST para discutir a crise clim\u00e1tica no G20 Social foi a advogada socioambiental Larissa Packer, da organiza\u00e7\u00e3o n\u00e3o governamental ONG) <em>Grain<\/em>, que fez uma cr\u00edtica do modelo de economia verde promovido por bancos e fundos de investimento para combater a crise clim\u00e1tica por meio de mercado de cr\u00e9ditos de carbono ou da venda de \u201ct\u00edtulos verdes\u201d para financiar d\u00edvidas dos pa\u00edses.<\/p>\n<p>\u201c\u00c9 uma proposta encaminhada por corpora\u00e7\u00f5es e setores financeiros que geraram a crise. Isso para manter o modo de produ\u00e7\u00e3o e consumo da forma como est\u00e1, al\u00e9m da manuten\u00e7\u00e3o do estado m\u00ednimo, delegando para o mercado financeiro a solu\u00e7\u00e3o da crise que eles mesmo criaram\u201d, destacou Larissa.<\/p>\n<h2>Tribunal<\/h2>\n<p>Entre as v\u00e1rias atividades realizadas pelo MST durante o G20 Social, no Rio de Janeiro, o movimento promove nesta sexta-feira (15), em conjunto com outros movimentos sociais, o Tribunal Popular O Imperialismo no Banco dos R\u00e9us, em que ser\u00e1 feito um julgamento simb\u00f3lico de \u201ccrimes\u201d do imperialismo, conceito muito usado nas rela\u00e7\u00f5es internacionais.<\/p>\n<p>Segundo o soci\u00f3logo Raphael Seabra, professor do Departamento de Estudos Latinos Americanos da Universidade de Bras\u00edlia (UnB), o conceito de imperialismo \u00e9 usado para situa\u00e7\u00f5es em que \u201cum pa\u00eds central se vale de seu maior poderio econ\u00f4mico, pol\u00edtico e militar para subordinar e influenciar\/pressionar pa\u00edses perif\u00e9ricos de acordo com seus pr\u00f3prios interesses comerciais, pol\u00edticos e diplom\u00e1ticos\u201d.<\/p>\n<p>Entre os casos analisados, est\u00e3o a guerra na Faixa de Gaza, considerado um genoc\u00eddio; o caso do Haiti, considerado uma viola\u00e7\u00e3o \u00e0 soberania e \u00e0 autodetermina\u00e7\u00e3o dos povos; os efeitos nocivos do acordo Mercosul e Uni\u00e3o Europeia; o bloqueio de 60 anos contra Cuba; a destrui\u00e7\u00e3o ambiental provocada pelo rompimento das barragens de Mariana e Brumadinho, em Minas Gerais, e o chamado exterm\u00ednio dos povos negros e origin\u00e1rios no Brasil.<\/p>\n<h2>Filha de Che<\/h2>\n<div class=\"dnd-widget-wrapper context-cheio_8colunas type-image\">\n<div class=\"dnd-atom-rendered\"><!-- scald=405414:cheio_8colunas --><br \/>\n            <img data-recalc-dims=\"1\" decoding=\"async\" src=\"https:\/\/i0.wp.com\/imagens.ebc.com.br\/ETniq37m7C828k-DGvUwo_qgIuU%3D\/754x0\/smart\/https%3A\/\/agenciabrasil.ebc.com.br\/sites\/default\/files\/thumbnails\/image\/2024\/11\/14\/whatsapp_image_2024-11-14_at_15.30.11.jpeg?w=696&#038;ssl=1\" alt=\"Rio de Janeiro (RJ), 12\/11\/2024 - Aleida Guevara, filha de Che Guevara, veio de Havana para participar com ativistas do MST do G20 Social. Foto: Priscila Ramos\/MST\" title=\"Priscila Ramos\/MST\"\/><br \/>\n        <img data-recalc-dims=\"1\" decoding=\"async\" src=\"https:\/\/i0.wp.com\/imagens.ebc.com.br\/ETniq37m7C828k-DGvUwo_qgIuU%3D\/754x0\/smart\/https%3A\/\/agenciabrasil.ebc.com.br\/sites\/default\/files\/thumbnails\/image\/2024\/11\/14\/whatsapp_image_2024-11-14_at_15.30.11.jpeg?w=696&#038;ssl=1\" alt=\"Rio de Janeiro (RJ), 12\/11\/2024 - Aleida Guevara, filha de Che Guevara, veio de Havana para participar com ativistas do MST do G20 Social. Foto: Priscila Ramos\/MST\" title=\"Priscila Ramos\/MST\"\/><br \/>\n    <!-- END scald=405414 --><\/div>\n<div class=\"dnd-caption-wrapper\">\n<p><!--copyright=405414-->A cubana Aleida Guevara questiona modelo de democracia existente nos pa\u00edses capitalistas &#8211; <strong>Priscila Ramos\/MST<\/strong><!--END copyright=405414--><\/p>\n<\/div>\n<\/div>\n<p>A filha mais velha de Ernesto <em>Che<\/em> Guevara, um dos principais l\u00edderes da Revolu\u00e7\u00e3o Cubana, veio de Havana \u00e0 convite do MST para participar do G20 Social e falar sobre os impactos do bloqueio contra a ilha. Aleida Guevara, que tinha 4 anos quando o pai foi morto na Bol\u00edvia, disse \u00e0 <strong>Ag\u00eancia Brasil<\/strong> que o mundo mudou pouco nas \u00faltimas seis d\u00e9cadas.<\/p>\n<p>\u201cO mundo segue com um poder dominante que economicamente esmaga os demais. Esses Estados Unidos (EUA) fazem o que querem com a Europa. Provocaram uma guerra entre dois pa\u00edses que foram irm\u00e3os, Ucr\u00e2nia e R\u00fassia, e se beneficiam disso porque o g\u00e1s russo era muito mais barato para a Europa. Agora, a Europa tem que pagar mais pela energia vinda dos EUA\u201d, afirmou.<\/p>\n<p>Ao falar para o p\u00fablico no G20, a filha de <em>Che<\/em> questionou o modelo de democracia que existe nos pa\u00edses capitalistas. \u201cQue democracia \u00e9 essa em que as multinacionais levam toda a riqueza e em que a terra est\u00e1 nas m\u00e3os de poucas fam\u00edlias?\u201d, perguntou, lembrando que a origem da palavra democracia vem do grego e significa governo do povo.<\/p>\n<p>\u201cEnquanto o dinheiro segue para os bancos dos Estados Unidos, eles t\u00eam o poder de vetar o que eles quiserem. N\u00e3o podemos continuar assim. Fazem falta muitas mudan\u00e7as, mas sobretudo falta poder do povo. Levar \u00e0 pr\u00e1tica essa famosa democracia e tomar o poder que nos corresponde como povo\u201d, defendeu a filha mais velha do l\u00edder da Revolu\u00e7\u00e3o Cubana.<\/p>\n<h2>Uni\u00e3o Europeia<\/h2>\n<p>Uma das principais cr\u00edticas trazidas pelo MST para o G20 Social \u00e9 o acordo que vem sendo costurado entre Mercosul e Uni\u00e3o Europeia. No entendimento do movimento, esse projeto de acordo de livre com\u00e9rcio refor\u00e7a a posi\u00e7\u00e3o do Brasil de exportador de mat\u00e9rias-primas e importador de produtos industrializados.<\/p>\n<p>\u201c\u00c9 um acordo que vai potencializar a desindustrializa\u00e7\u00e3o dos pa\u00edses do Sul Global\u201d, destacou C\u00e1ssia Bechara. Especialistas ouvidos pela <strong>Ag\u00eancia Brasil <\/strong>entendem que a proposta pode <a href=\"https:\/\/agenciabrasil.ebc.com.br\/economia\/noticia\/2023-06\/acordo-mercosul-ue-inibe-industria-brasileira-alertam-especialistas\" target=\"_blank\" rel=\"noopener\">inibir a ind\u00fastria brasileira<\/a>.<\/p>\n<h2>Palestina<\/h2>\n<p>Outro foco do MST \u00e9 a den\u00fancia do que ocorre atualmente na Faixa de Gaza, que o movimento considera um genoc\u00eddio contra o povo palestino. Um ato foi convocado para este s\u00e1bado (16), em Copacabana, para denunciar as a\u00e7\u00f5es de Israel.<\/p>\n<p>\u201cOs maiores financiadores do genoc\u00eddio est\u00e3o aqui, no G20. Sejam os financiadores de armamentos e de recurso, como os Estados Unidos e pa\u00edses da Uni\u00e3o Europeia, sejam os financiadores pol\u00edticos do Estado de Israel\u201d, destacou C\u00e1ssia Bechara. Para a dirigente do MST, o discurso do governo brasileiro contra\u00a0Israel \u00e9 importante, mas \u00e9 preciso ainda que o pa\u00eds rompa rela\u00e7\u00f5es comerciais com Tel-Aviv.<\/p>\n<p>      <!-- Relacionada --><\/p>\n<p>            <!-- Relacionada -->\n    <\/div>\n<p><br \/>\n<br \/><a href=\"https:\/\/agenciabrasil.ebc.com.br\/internacional\/noticia\/2024-11\/mst-denuncia-agronegocio-imperialismo-e-acordo-ue-mercosul-no-g20\" rel=\"noopener\">Ag\u00eancia Brasil <\/a><\/p>\n","protected":false},"excerpt":{"rendered":"<p>Cerca de mil militantes do Movimento dos Trabalhadores Rurais Sem Terra (MST) de v\u00e1rias partes do pa\u00eds est\u00e3o no G20 Social, no Rio de Janeiro, e denunciam no evento os \u201ccrimes\u201d do imperialismo, por meio de um tribunal popular, o papel do agroneg\u00f3cio na crise clim\u00e1tica e o acordo entre Mercosul e Uni\u00e3o Europeia. Al\u00e9m [&hellip;]<\/p>\n","protected":false},"author":1,"featured_media":17017,"comment_status":"open","ping_status":"open","sticky":false,"template":"","format":"standard","meta":{"_jetpack_newsletter_access":"","_jetpack_dont_email_post_to_subs":false,"_jetpack_newsletter_tier_id":0,"_jetpack_memberships_contains_paywalled_content":false,"_mbp_banners":[],"_jetpack_feature_clip_id":0,"_jetpack_memberships_contains_paid_content":false,"footnotes":"","jetpack_publicize_message":"","jetpack_publicize_feature_enabled":true,"jetpack_social_post_already_shared":true,"jetpack_social_options":{"image_generator_settings":{"template":"highway","default_image_id":0,"font":"","enabled":false},"version":2},"jetpack_post_was_ever_published":false},"categories":[25],"tags":[],"class_list":["post-17016","post","type-post","status-publish","format-standard","has-post-thumbnail","category-internacional"],"jetpack_publicize_connections":[],"jetpack-related-posts":[],"jetpack_shortlink":"https:\/\/wp.me\/p7Eq1F-4qs","jetpack_sharing_enabled":true,"jetpack_featured_media_url":"https:\/\/i0.wp.com\/guialimeira.com.br\/news\/wp-content\/uploads\/2024\/11\/whatsapp_image_2024-11-14_at_15.30.13.jpeg?fit=1600%2C800&ssl=1","_links":{"self":[{"href":"https:\/\/guialimeira.com.br\/news\/wp-json\/wp\/v2\/posts\/17016","targetHints":{"allow":["GET"]}}],"collection":[{"href":"https:\/\/guialimeira.com.br\/news\/wp-json\/wp\/v2\/posts"}],"about":[{"href":"https:\/\/guialimeira.com.br\/news\/wp-json\/wp\/v2\/types\/post"}],"author":[{"embeddable":true,"href":"https:\/\/guialimeira.com.br\/news\/wp-json\/wp\/v2\/users\/1"}],"replies":[{"embeddable":true,"href":"https:\/\/guialimeira.com.br\/news\/wp-json\/wp\/v2\/comments?post=17016"}],"version-history":[{"count":0,"href":"https:\/\/guialimeira.com.br\/news\/wp-json\/wp\/v2\/posts\/17016\/revisions"}],"wp:featuredmedia":[{"embeddable":true,"href":"https:\/\/guialimeira.com.br\/news\/wp-json\/wp\/v2\/media\/17017"}],"wp:attachment":[{"href":"https:\/\/guialimeira.com.br\/news\/wp-json\/wp\/v2\/media?parent=17016"}],"wp:term":[{"taxonomy":"category","embeddable":true,"href":"https:\/\/guialimeira.com.br\/news\/wp-json\/wp\/v2\/categories?post=17016"},{"taxonomy":"post_tag","embeddable":true,"href":"https:\/\/guialimeira.com.br\/news\/wp-json\/wp\/v2\/tags?post=17016"}],"curies":[{"name":"wp","href":"https:\/\/api.w.org\/{rel}","templated":true}]}}