{"id":1699,"date":"2024-04-16T21:55:42","date_gmt":"2024-04-17T00:55:42","guid":{"rendered":"https:\/\/guialimeira.com.br\/2024\/04\/16\/maioria-do-cnj-derruba-decisao-que-afastou-juiza-gabriela-hardt\/"},"modified":"2024-04-16T21:55:42","modified_gmt":"2024-04-17T00:55:42","slug":"maioria-do-cnj-derruba-decisao-que-afastou-juiza-gabriela-hardt","status":"publish","type":"post","link":"https:\/\/guialimeira.com.br\/news\/maioria-do-cnj-derruba-decisao-que-afastou-juiza-gabriela-hardt\/","title":{"rendered":"Maioria do CNJ derruba decis\u00e3o que afastou ju\u00edza Gabriela Hardt"},"content":{"rendered":"<p> <br \/>\n<\/p>\n<div>\n<p>O plen\u00e1rio do Conselho Nacional de Justi\u00e7a (CNJ) decidiu nesta ter\u00e7a-feira (16) derrubar a decis\u00e3o que afastou do cargo a ju\u00edza federal Gabriela Hardt, ex-magistrada da Opera\u00e7\u00e3o Lava Jato.<img data-recalc-dims=\"1\" decoding=\"async\" src=\"https:\/\/i0.wp.com\/agenciabrasil.ebc.com.br\/ebc.png?w=696&#038;ssl=1\" style=\"width:1px; height:1px; display:inline;\"\/><img data-recalc-dims=\"1\" decoding=\"async\" src=\"https:\/\/i0.wp.com\/agenciabrasil.ebc.com.br\/ebc.gif?w=696&#038;ssl=1\" style=\"width:1px; height:1px; display:inline;\"\/><\/p>\n<p>Por maioria de votos, o conselho n\u00e3o referendou a liminar proferida ontem (15) pelo corregedor nacional de Justi\u00e7a, Lu\u00eds Felipe Salom\u00e3o, diante das suspeitas de irregularidades na decis\u00e3o da magistrada, assinada em 2019, que autorizou o repasse de cerca de R$ 2 bilh\u00f5es oriundos de acordos de dela\u00e7\u00e3o firmado com os investigados para um fundo que seria gerido pela for\u00e7a-tarefa da Lava Jato. Atualmente, Gabriela atua na 23\u00aa Vara Federal em Curitiba.<\/p>\n<p>Durante o julgamento, o corregedor reafirmou voto favor\u00e1vel ao afastamento de Gabriela Hardt. Segundo Salom\u00e3o, o processo sobre a destina\u00e7\u00e3o dos recursos desviados da estatal tramitou de forma ilegal e envolveu apenas o Minist\u00e9rio P\u00fablico e a 13\u00aa Vara federal em Curitiba, de forma sigilosa e sem representantes do governo brasileiro.<\/p>\n<p>No entendimento de Salom\u00e3o, os recursos n\u00e3o poderiam ser transferidos para o fundo. &#8220;O que eu percebi \u00e9 que essa opera\u00e7\u00e3o fez um combate primoroso de pr\u00e1ticas de corrup\u00e7\u00e3o que vitimaram a Petrobras. Em um dado momento, se percebe a mudan\u00e7a dessa chave, onde o foco passa a ser o desvio&#8221;, afirmou.\u00a0<\/p>\n<p>Segundo o relator, a ju\u00edza teve participa\u00e7\u00e3o na cria\u00e7\u00e3o da funda\u00e7\u00e3o. Para o corregedor, os recursos desviados da Petrobras deveriam ser apreendidos e devolvidos a estatal e seus acionistas.<\/p>\n<p>&#8220;N\u00e3o tenho a menor d\u00favida de que houve participa\u00e7\u00e3o dela nessa coopera\u00e7\u00e3o para a cria\u00e7\u00e3o dessa funda\u00e7\u00e3o privada, com o desvio do dinheiro p\u00fablico&#8221;, completou.<\/p>\n<p>O presidente do CNJ, ministro Lu\u00eds Roberto Barroso, abriu a diverg\u00eancia e votou contra o afastamento. Barroso disse que a legisla\u00e7\u00e3o prev\u00ea que um magistrado s\u00f3 pode ser afastado por decis\u00e3o colegiada e por qu\u00f3rum de maioria absoluta. A decis\u00e3o de Salom\u00e3o foi feita de forma individual.<\/p>\n<p>\u201cMedida ileg\u00edtima e arbitraria\u201d, declarou Barroso.<\/p>\n<p>Barroso tamb\u00e9m questionou a afastamento de Gabriela Hardt cinco anos ap\u00f3s a homologa\u00e7\u00e3o do acordo. Para o presidente, Gabriela est\u00e1 sendo punida antes da abertura do processo disciplinar. \u201cEssa mo\u00e7a n\u00e3o tinha nenhuma m\u00e1cula na carreira pra ser afastada sumariamente\u201d, completou.<\/p>\n<p>Apesar de anular o afastamento de Gabriela Hardt, o CNJ manteve o afastamento dos desembargadores do Tribunal Regional Federal (TRF) da 4\u00aa Regi\u00e3o Thompson Flores e Loraci Flores.<\/p>\n<p>Eles tamb\u00e9m foram afastados pela decis\u00e3o proferida pelo corregedor. Para Salom\u00e3o, foi descumprida uma decis\u00e3o do Supremo Tribunal Federal (STF) que suspendeu os processos contra o ex-juiz da Lava Jato Eduardo Appio. Eles faziam parte da 8\u00aa turma do TRF, colegiado que deliberou sobre o caso e afastou Appio do cargo.<\/p>\n<p>O juiz federal Danilo Pereira, que tamb\u00e9m participou do julgamento, foi afastado pelo corregedor, no entanto, o conselho anulou o afastamento. Atualmente, ele comanda a 13\u00aa Vara Federal, a vara da Lava Jato.<\/p>\n<h2>Defesa<\/h2>\n<p>Durante o julgamento, o advogado Nefi Cordeiro, que tamb\u00e9m representou os desembargadores, afirmou que n\u00e3o h\u00e1 \u201cfundamentos m\u00ednimos\u201d para o afastamento dos magistrados. \u201cEles s\u00e3o desembargadores federais com larga experi\u00eancia, com imaculada ficha funcional, exemplo de julgadores\u201d, afirmou.<\/p>\n<p>A defesa do juiz Danilo Pereira afirmou que o magistrado participou uma \u00fanica vez, na condi\u00e7\u00e3o de juiz convocado, da sess\u00e3o da 8\u00aa Turma e \u201cn\u00e3o tinha consci\u00eancia\u201d de que estaria descumprindo uma decis\u00e3o do STF.<\/p>\n<p>*<em>Mat\u00e9ria atualizada \u00e0s 21h 07min. para acr\u00e9scimo de informa\u00e7\u00f5es.<\/em><\/p>\n<\/p><\/div>\n<p><br \/>\n<br \/><a href=\"https:\/\/agenciabrasil.ebc.com.br\/justica\/noticia\/2024-04\/maioria-do-cnj-derruba-decisao-que-afastou-juiza-gabriela-hardt\" rel=\"noopener\">Ag\u00eancia Brasil<\/a><\/p>\n","protected":false},"excerpt":{"rendered":"<p>O plen\u00e1rio do Conselho Nacional de Justi\u00e7a (CNJ) decidiu nesta ter\u00e7a-feira (16) derrubar a decis\u00e3o que afastou do cargo a ju\u00edza federal Gabriela Hardt, ex-magistrada da Opera\u00e7\u00e3o Lava Jato. Por maioria de votos, o conselho n\u00e3o referendou a liminar proferida ontem (15) pelo corregedor nacional de Justi\u00e7a, Lu\u00eds Felipe Salom\u00e3o, diante das suspeitas de irregularidades [&hellip;]<\/p>\n","protected":false},"author":1,"featured_media":1700,"comment_status":"open","ping_status":"open","sticky":false,"template":"","format":"standard","meta":{"_jetpack_newsletter_access":"","_jetpack_dont_email_post_to_subs":false,"_jetpack_newsletter_tier_id":0,"_jetpack_memberships_contains_paywalled_content":false,"_mbp_banners":[],"_jetpack_feature_clip_id":0,"_jetpack_memberships_contains_paid_content":false,"footnotes":"","jetpack_publicize_message":"","jetpack_publicize_feature_enabled":true,"jetpack_social_post_already_shared":true,"jetpack_social_options":{"image_generator_settings":{"template":"highway","default_image_id":0,"font":"","enabled":false},"version":2},"jetpack_post_was_ever_published":false},"categories":[22],"tags":[],"class_list":["post-1699","post","type-post","status-publish","format-standard","has-post-thumbnail","category-nacional"],"jetpack_publicize_connections":[],"jetpack-related-posts":[],"jetpack_shortlink":"https:\/\/wp.me\/p7Eq1F-rp","jetpack_sharing_enabled":true,"jetpack_featured_media_url":"https:\/\/i0.wp.com\/guialimeira.com.br\/news\/wp-content\/uploads\/2024\/04\/53658607849_2e68e0e336_o.jpg?fit=1600%2C800&ssl=1","_links":{"self":[{"href":"https:\/\/guialimeira.com.br\/news\/wp-json\/wp\/v2\/posts\/1699","targetHints":{"allow":["GET"]}}],"collection":[{"href":"https:\/\/guialimeira.com.br\/news\/wp-json\/wp\/v2\/posts"}],"about":[{"href":"https:\/\/guialimeira.com.br\/news\/wp-json\/wp\/v2\/types\/post"}],"author":[{"embeddable":true,"href":"https:\/\/guialimeira.com.br\/news\/wp-json\/wp\/v2\/users\/1"}],"replies":[{"embeddable":true,"href":"https:\/\/guialimeira.com.br\/news\/wp-json\/wp\/v2\/comments?post=1699"}],"version-history":[{"count":0,"href":"https:\/\/guialimeira.com.br\/news\/wp-json\/wp\/v2\/posts\/1699\/revisions"}],"wp:featuredmedia":[{"embeddable":true,"href":"https:\/\/guialimeira.com.br\/news\/wp-json\/wp\/v2\/media\/1700"}],"wp:attachment":[{"href":"https:\/\/guialimeira.com.br\/news\/wp-json\/wp\/v2\/media?parent=1699"}],"wp:term":[{"taxonomy":"category","embeddable":true,"href":"https:\/\/guialimeira.com.br\/news\/wp-json\/wp\/v2\/categories?post=1699"},{"taxonomy":"post_tag","embeddable":true,"href":"https:\/\/guialimeira.com.br\/news\/wp-json\/wp\/v2\/tags?post=1699"}],"curies":[{"name":"wp","href":"https:\/\/api.w.org\/{rel}","templated":true}]}}