{"id":16907,"date":"2024-11-13T14:54:02","date_gmt":"2024-11-13T17:54:02","guid":{"rendered":"https:\/\/guialimeira.com.br\/2024\/11\/13\/mauro-vieira-retirada-de-embaixador-da-venezuela-nao-e-definitiva\/"},"modified":"2024-11-13T14:54:02","modified_gmt":"2024-11-13T17:54:02","slug":"mauro-vieira-retirada-de-embaixador-da-venezuela-nao-e-definitiva","status":"publish","type":"post","link":"https:\/\/guialimeira.com.br\/news\/mauro-vieira-retirada-de-embaixador-da-venezuela-nao-e-definitiva\/","title":{"rendered":"Mauro Vieira: retirada de embaixador da Venezuela n\u00e3o \u00e9 definitiva"},"content":{"rendered":"<p> <br \/>\n<\/p>\n<div>\n<p>O ministro das Rela\u00e7\u00f5es Exteriores, Mauro Vieira, disse hoje (13) que a retirada do embaixador venezuelano no Brasil, Manuel Vadell, para prestar esclarecimentos ao governo de Nicol\u00e1s Maduro, n\u00e3o \u00e9 definitiva. Vieira disse que o procedimento \u00e9 comum na diplomacia.<img data-recalc-dims=\"1\" decoding=\"async\" src=\"https:\/\/i0.wp.com\/agenciabrasil.ebc.com.br\/ebc.png?w=696&#038;ssl=1\" style=\"width:1px; height:1px; display:inline;\"\/><img data-recalc-dims=\"1\" decoding=\"async\" src=\"https:\/\/i0.wp.com\/agenciabrasil.ebc.com.br\/ebc.gif?w=696&#038;ssl=1\" style=\"width:1px; height:1px; display:inline;\"\/><\/p>\n<p>\u201cEle [o embaixador] foi chamado para consultas. E quando ocorre isso \u00e9 por um per\u00edodo\u201d, disse. \u201cN\u00e3o ha indica\u00e7\u00e3o que a partida do embaixador seja definitiva\u201d, completou o chanceler, que participou nesta quarta-feira (13)\u00a0de audi\u00eancia na Comiss\u00e3o de Rela\u00e7\u00f5es Exteriores e Defesa Nacional da C\u00e2mara dos Deputados para tratar da Venezuela.<\/p>\n<p>No dia 30 de outubro, a Venezuela convocou o seu embaixador no Brasil para consultas como manifesta\u00e7\u00e3o de rep\u00fadio a declara\u00e7\u00f5es feitas por porta-vozes brasileiros, citando especificamente o assessor especial da Presid\u00eancia da Rep\u00fablica, embaixador Celso Amorim.<\/p>\n<p>\u201cAinda que as circunst\u00e2ncias imponham uma inevit\u00e1vel diminui\u00e7\u00e3o do dinamismo do relacionamento bilateral, isso n\u00e3o significa de forma alguma que o Brasil deva romper rela\u00e7\u00f5es ou algo dessa natureza com a Venezuela. Pelo contr\u00e1rio, di\u00e1logo e negocia\u00e7\u00e3o e n\u00e3o isolamento s\u00e3o a chave para a constru\u00e7\u00e3o de qualquer solu\u00e7\u00e3o pac\u00edfica e duradoura na Venezuela\u201d, avaliou.<\/p>\n<p>O chanceler disse ainda que a crise pol\u00edtica na Venezuela n\u00e3o deve ser resolvida com san\u00e7\u00f5es e isolamento impostas de fora. Vieira defendeu que a resolu\u00e7\u00e3o da crise no pa\u00eds vizinho, ap\u00f3s a elei\u00e7\u00e3o presidencial do dia 28 de julho, que resultou na reelei\u00e7\u00e3o ao presidente Nicol\u00e1s Maduro, seja resolvida atrav\u00e9s do di\u00e1logo pelos pr\u00f3prios venezuelanos.<\/p>\n<p>\u201cA solu\u00e7\u00e3o precisa ser constru\u00edda pelos pr\u00f3prios venezuelanos e n\u00e3o imposta de fora com mais san\u00e7\u00f5es e isolamentos. Isso n\u00f3s j\u00e1 vimos que n\u00e3o funciona. N\u00e3o podemos cometer os erros que cometemos na \u00e9poca da autoproclama\u00e7\u00e3o de Juan Guaid\u00f3 como presidente\u201d, disse o ministro durante audi\u00eancia na Comiss\u00e3o de Rela\u00e7\u00f5es Exteriores e Defesa Nacional da C\u00e2mara dos Deputados para tratar da Venezuela.<\/p>\n<p>Na avalia\u00e7\u00e3o do ministro, a rela\u00e7\u00e3o com o pa\u00eds vizinho, que compartilha cerca de 2200 km de fronteiras terrestres, com o Brasil, a maior fronteira compartilhada depois da Bol\u00edvia e do Peru, foi esvaziada a partir de 2017.<\/p>\n<p>Naquele ano, ap\u00f3s 53 dias de protestos violentos, o presidente Nicol\u00e1s Maduro convocou a elei\u00e7\u00e3o de uma assembleia constituinte que funcionou de forma paralela \u00e0 Assembleia Nacional, o parlamento daquele pa\u00eds, ent\u00e3o dominada pela oposi\u00e7\u00e3o. A tens\u00e3o pol\u00edtica permaneceu no ano seguinte, com o boicote da oposi\u00e7\u00e3o \u00e0s elei\u00e7\u00f5es presidenciais de 2018, culminando com a autoproclama\u00e7\u00e3o de Guaid\u00f3, que presidia o parlamento, como presidente interino do pa\u00eds em 2019.<\/p>\n<p>\u201cAo longo desse per\u00edodo, o governo brasileiro tinha outro direcionamento pol\u00edtico e estimulou apenas um dos lados, em detrimento do di\u00e1logo\u201d, avaliou Vieira, afirmando que, atualmente, a diplomacia brasileira tem como princ\u00edpios a defesa da democracia, a n\u00e3o inger\u00eancia em assuntos internos e a resolu\u00e7\u00e3o pac\u00edfica de controv\u00e9rsias.<\/p>\n<p>Aos deputados, Vieira lembrou que a <a href=\"https:\/\/agenciabrasil.ebc.com.br\/internacional\/noticia\/2024-10\/celso-amorim-defende-que-brasil-deve-insistir-em-dialogo-com-venezuela\" rel=\"noopener\">defesa do di\u00e1logo<\/a> j\u00e1 havia sido expressa pelo embaixador Celso Amorim, assessor especial da Presid\u00eancia da Rep\u00fablica, em outra audi\u00eancia no colegiado. Na ocasi\u00e3o, Amorim disse ser necess\u00e1rio que o Brasil permane\u00e7a como um interlocutor junto \u00e0 Venezuela, apesar dos atritos diplom\u00e1ticos ocorridos ap\u00f3s a elei\u00e7\u00e3o presidencial.<\/p>\n<p>Ainda de acordo com o ministro, o interesse do governo brasileiro sobre o processo eleitoral venezuelano decorre, entre outros fatores, da condi\u00e7\u00e3o de testemunha dos Acordos de Barbados, para o qual o Brasil foi convidado, assim como para o acompanhamento do pleito de 28 de julho.<\/p>\n<h2>Atritos\u00a0<\/h2>\n<p>A elei\u00e7\u00e3o da Venezuela foi <a href=\"https:\/\/agenciabrasil.ebc.com.br\/internacional\/noticia\/2024-08\/brasil-e-colombia-cobram-atas-de-eleicao-na-venezuela\" target=\"_blank\" rel=\"noopener\">contestada<\/a> pela oposi\u00e7\u00e3o, por organismos internacionais e pa\u00edses, entre eles, o Brasil, pelo fato de os dados eleitorais por mesa de vota\u00e7\u00e3o n\u00e3o terem sido apresentados.<\/p>\n<p>No final de outubro, Venezuela <a href=\"https:\/\/agenciabrasil.ebc.com.br\/internacional\/noticia\/2024-10\/venezuela-diz-que-foi-agressao-Brasil-barrar-sua-entrada-no-brics\" target=\"_blank\" rel=\"noopener\">acusou<\/a> o Brasil de vetar a participa\u00e7\u00e3o dela no Brics, que deve convidar 13 novos pa\u00edses como membros associados. A Venezuela, apesar de querer entrar no bloco, ficou de fora da nova lista, anunciada durante a 16\u00aa c\u00fapula do grupo, realizado em Kazan, na R\u00fassia. O Itamaraty, no entanto, sustenta que o grupo apenas definiu os crit\u00e9rios e princ\u00edpios para novas ades\u00f5es.<\/p>\n<h2>Israel<\/h2>\n<p>Durante a audi\u00eancia, o ministro tamb\u00e9m abordou o conflito no Oriente M\u00e9dio, envolvendo Israel e o Hamas. Veira criticou os ataques do grupo terrorista Hamas que, em outubro do ano passado, mas disse que a rea\u00e7\u00e3o de Israel \u00e9 desproporcional. Os ataques do Hamas levaram \u00e0 morte 1.163 pessoas e 251 foram tomadas como ref\u00e9ns, das quais, segundo o ministro, 100 pessoas ainda s\u00e3o mantidas em cativeiro.<\/p>\n<p>\u201cO que se assiste \u00e9 uma rea\u00e7\u00e3o desproporcional que busca ganhos geopol\u00edticos concretos, que nada t\u00eam a ver com mera defesa nacional\u201d, criticou. \u201cO que come\u00e7ou como uma a\u00e7\u00e3o de terroristas contra civis israelenses inocentes tornou-se puni\u00e7\u00e3o coletiva de todo o povo palestino com, ind\u00edcios plaus\u00edveis de constituir a pr\u00e1tica de genoc\u00eddio, segundo decis\u00e3o preliminar da Corte Internacional de Justi\u00e7a\u201d, afirmou.<\/p>\n<p>Vieira disse que a rea\u00e7\u00e3o israelense tornou a regi\u00e3o de Gaza \u201cum lugar inabit\u00e1vel\u201d e lembrou que Israel j\u00e1 matou mais de 42 mil pessoas, das quais 70% s\u00e3o mulheres e crian\u00e7as, al\u00e9m de promover incurs\u00f5es na Cisjord\u00e2nia.<\/p>\n<p>\u201cHoje Gaza \u00e9 um lugar inabit\u00e1vel, 66% dos edif\u00edcios foram destru\u00eddos ou danificados; 85% de suas escolas foram destru\u00eddas e 96% de sua popula\u00e7\u00e3o passa fome, incluindo 50 mil crian\u00e7as em situa\u00e7\u00e3o de desnutri\u00e7\u00e3o aguda. Na Cisjord\u00e2nia Israel passou a empregar, cada vez mais, a trucul\u00eancia utilizada em Gaza, com o n\u00famero cada vez maior de assentamentos ilegais, condenados pelo direito internacional e pela comunidade internacional\u201d, lamentou o chanceler que citou ainda a expans\u00e3o da ofensiva israelense no L\u00edbano, pa\u00eds que abriga a maior comunidade brasileira no Oriente M\u00e9dio.<\/p>\n<p>\u201cHoje j\u00e1 se contam 3.189 mortos no pa\u00eds, incluindo dois adolescentes brasileiros e um beb\u00ea de 14 meses que embarcaria no dia seguinte em um dos voos de repatriamento para o Brasil. Al\u00e9m disso, h\u00e1 14.079 feridos e cerca de 1,2 milh\u00e3o de pessoas deslocadas\u201d, disse. \u201cO Brasil alertava, desde o princ\u00edpio, contra o risco do alastramento regional do conflito. Infelizmente, esse triste progn\u00f3stico se confirmou\u201d, afirmou o ministro.<\/p>\n<p>      <!-- Relacionada --><\/p>\n<p>            <!-- Relacionada -->\n    <\/div>\n<p><br \/>\n<br \/><a href=\"https:\/\/agenciabrasil.ebc.com.br\/internacional\/noticia\/2024-11\/mauro-vieira-retirada-de-embaixador-da-venezuela-nao-e-definitiva\" rel=\"noopener\">Ag\u00eancia Brasil <\/a><\/p>\n","protected":false},"excerpt":{"rendered":"<p>O ministro das Rela\u00e7\u00f5es Exteriores, Mauro Vieira, disse hoje (13) que a retirada do embaixador venezuelano no Brasil, Manuel Vadell, para prestar esclarecimentos ao governo de Nicol\u00e1s Maduro, n\u00e3o \u00e9 definitiva. Vieira disse que o procedimento \u00e9 comum na diplomacia. \u201cEle [o embaixador] foi chamado para consultas. E quando ocorre isso \u00e9 por um per\u00edodo\u201d, [&hellip;]<\/p>\n","protected":false},"author":1,"featured_media":14878,"comment_status":"open","ping_status":"open","sticky":false,"template":"","format":"standard","meta":{"_jetpack_newsletter_access":"","_jetpack_dont_email_post_to_subs":false,"_jetpack_newsletter_tier_id":0,"_jetpack_memberships_contains_paywalled_content":false,"_mbp_banners":[],"_jetpack_feature_clip_id":0,"_jetpack_memberships_contains_paid_content":false,"footnotes":"","jetpack_publicize_message":"","jetpack_publicize_feature_enabled":true,"jetpack_social_post_already_shared":true,"jetpack_social_options":{"image_generator_settings":{"template":"highway","default_image_id":0,"font":"","enabled":false},"version":2},"jetpack_post_was_ever_published":false},"categories":[25],"tags":[],"class_list":["post-16907","post","type-post","status-publish","format-standard","has-post-thumbnail","category-internacional"],"jetpack_publicize_connections":[],"jetpack-related-posts":[],"jetpack_shortlink":"https:\/\/wp.me\/p7Eq1F-4oH","jetpack_sharing_enabled":true,"jetpack_featured_media_url":"https:\/\/i0.wp.com\/guialimeira.com.br\/news\/wp-content\/uploads\/2024\/09\/mauro-vieira-ministro-portugal_mcamgo_abr_14122023-11.jpg?fit=1600%2C800&ssl=1","_links":{"self":[{"href":"https:\/\/guialimeira.com.br\/news\/wp-json\/wp\/v2\/posts\/16907","targetHints":{"allow":["GET"]}}],"collection":[{"href":"https:\/\/guialimeira.com.br\/news\/wp-json\/wp\/v2\/posts"}],"about":[{"href":"https:\/\/guialimeira.com.br\/news\/wp-json\/wp\/v2\/types\/post"}],"author":[{"embeddable":true,"href":"https:\/\/guialimeira.com.br\/news\/wp-json\/wp\/v2\/users\/1"}],"replies":[{"embeddable":true,"href":"https:\/\/guialimeira.com.br\/news\/wp-json\/wp\/v2\/comments?post=16907"}],"version-history":[{"count":0,"href":"https:\/\/guialimeira.com.br\/news\/wp-json\/wp\/v2\/posts\/16907\/revisions"}],"wp:featuredmedia":[{"embeddable":true,"href":"https:\/\/guialimeira.com.br\/news\/wp-json\/wp\/v2\/media\/14878"}],"wp:attachment":[{"href":"https:\/\/guialimeira.com.br\/news\/wp-json\/wp\/v2\/media?parent=16907"}],"wp:term":[{"taxonomy":"category","embeddable":true,"href":"https:\/\/guialimeira.com.br\/news\/wp-json\/wp\/v2\/categories?post=16907"},{"taxonomy":"post_tag","embeddable":true,"href":"https:\/\/guialimeira.com.br\/news\/wp-json\/wp\/v2\/tags?post=16907"}],"curies":[{"name":"wp","href":"https:\/\/api.w.org\/{rel}","templated":true}]}}