{"id":16870,"date":"2024-11-13T09:41:18","date_gmt":"2024-11-13T12:41:18","guid":{"rendered":"https:\/\/guialimeira.com.br\/2024\/11\/13\/procon-sp-notifica-meta-sobre-publicidade-de-vapes-em-suas-plataformas\/"},"modified":"2024-11-13T09:41:18","modified_gmt":"2024-11-13T12:41:18","slug":"procon-sp-notifica-meta-sobre-publicidade-de-vapes-em-suas-plataformas","status":"publish","type":"post","link":"https:\/\/guialimeira.com.br\/news\/procon-sp-notifica-meta-sobre-publicidade-de-vapes-em-suas-plataformas\/","title":{"rendered":"Procon-SP notifica Meta sobre publicidade de vapes em suas plataformas"},"content":{"rendered":"<p> <br \/>\n<\/p>\n<div>\n<p>O Procon de S\u00e3o Paulo\u00a0est\u00e1 tomando medidas contra a publicidade irregular de aparelhos para uso de tabaco aquecido, os v<em>apes<\/em>\u00a0(cigarros eletr\u00f4nicos), em\u00a0redes sociais da empresa Meta, respons\u00e1vel por Facebook e Instagram.<img data-recalc-dims=\"1\" decoding=\"async\" src=\"https:\/\/i0.wp.com\/agenciabrasil.ebc.com.br\/ebc.png?w=696&#038;ssl=1\" style=\"width:1px; height:1px; display:inline;\"\/><img data-recalc-dims=\"1\" decoding=\"async\" src=\"https:\/\/i0.wp.com\/agenciabrasil.ebc.com.br\/ebc.gif?w=696&#038;ssl=1\" style=\"width:1px; height:1px; display:inline;\"\/><\/p>\n<p>Al\u00e9m de pedir informa\u00e7\u00f5es sobre crit\u00e9rios de suspens\u00e3o de an\u00fancios, a Ag\u00eancia\u00a0solicitou medidas para impedir a veicula\u00e7\u00e3o\u00a0das pe\u00e7as publicit\u00e1rias aos assinantes brasileiros, informou\u00a0em nota\u00a0divulgada nessa ter\u00e7a-feira (12).<\/p>\n<p>O\u00a0Procon-SP diz ainda que tem recebido informa\u00e7\u00f5es reiteradas da apari\u00e7\u00e3o de an\u00fancios desses produtos no <em>feed <\/em>de not\u00edcias de muitos consumidores, e que participou, recentemente, de uma opera\u00e7\u00e3o conjunta com a Pol\u00edcia Civil de S\u00e3o Paulo que resultou na apreens\u00e3o de grande quantidade de <em>vapes<\/em> \u00a0\u00e0 venda em estabelecimentos f\u00edsicos.<\/p>\n<p>Duas galerias no centro da capital paulista foram fechadas ontem, em opera\u00e7\u00e3o conjunta da Receita Federal e da Secretaria de Seguran\u00e7a P\u00fablica, como parte da <a href=\"https:\/\/www.gov.br\/receitafederal\/pt-br\/assuntos\/noticias\/2024\/novembro\/receita-federal-deflagra-em-sao-paulo-operacao-vaporis-2\" target=\"_blank\" rel=\"noopener\">Opera\u00e7\u00e3o Vaporis 2<\/a>. Desde outubro o \u00f3rg\u00e3o tem desabilitado CNPJs de empresas que vendem o aparelho, proibido desde 2009, com atualiza\u00e7\u00e3o das regras em abril desse ano.<\/p>\n<h2>Meta<\/h2>\n<p>A empresa Meta se manifestou sobre as declara\u00e7\u00f5es do Procon, por meio de nota, em que diz observar a legisla\u00e7\u00e3o atual. \u201cProibimos an\u00fancios que promovam a venda ou o uso de produtos de tabaco ou nicotina e de equipamentos relacionados. Os an\u00fancios n\u00e3o devem promover dispositivos de vaporiza\u00e7\u00e3o como cigarros eletr\u00f4nicos, vaporizadores ou outros produtos que simulem o fumo. Usamos uma combina\u00e7\u00e3o de den\u00fancias da nossa comunidade, tecnologia e revis\u00e3o humana para aplicar nossas pol\u00edticas, removendo conte\u00fados violadores\u201d, diz a empresa.\u00a0<\/p>\n<p>A Meta esclarece ainda que tem recomendado que \u201cas pessoas denunciem quaisquer conte\u00fados que acreditem ir contra as Diretrizes da Comunidade do Instagram e os Padr\u00f5es de Publicidade da Meta atrav\u00e9s do pr\u00f3prio aplicativo\u201d.\u00a0<\/p>\n<p>Em busca realizada pela reportagem nas duas plataformas da empresa, os resultados s\u00e3o variados, com perfis contr\u00e1rios e favor\u00e1veis. Em ambas, n\u00e3o foi necess\u00e1rio realizar pesquisa por mais de 30 segundos para encontrar an\u00fancio de produtos variados, dos quais se dizia estarem dispon\u00edveis a pronta entrega.<\/p>\n<h2>Anvisa<\/h2>\n<p>Procurada, a <a href=\"http:\/\/https:\/\/www.gov.br\/anvisa\/pt-br\/assuntos\/noticias-anvisa\/2024\/anvisa-atualiza-regulacao-de-cigarro-eletronico-e-mantem-proibicao\" target=\"_blank\" rel=\"noopener\">Ag\u00eancia Nacional de Vigil\u00e2ncia Sanit\u00e1ria (Anvisa) <\/a>n\u00e3o se manifestou, por\u00e9m a Ag\u00eancia mant\u00e9m em sua p\u00e1gina na internet acervo sobre o tema. Um dos estudos mais recentes de impacto, da <a href=\"https:\/\/www.gov.br\/anvisa\/pt-br\/assuntos\/regulamentacao\/participacao-social\/tomada-publica-de-subsidios\/arquivos\/tomada-publica-de-subsidios-no-6-de-11-04-2021\/opas-documento-tecnico-sobre-riscos-e-impactos-do-registro-de-defs-no-brasil\/view\" target=\"_blank\" rel=\"noopener\">Organiza\u00e7\u00e3o Pan-Americana da Sa\u00fade (Opas)<\/a>, informa que &#8220;Mais de 7 milh\u00f5es dessas mortes s\u00e3o resultado do uso direto do tabaco, enquanto mais de 1,2 milh\u00e3o de mortes s\u00e3o resultado de n\u00e3o-fumantes expostos ao fumo passivo&#8221;.<br \/>\u00a0<\/p>\n<p>\u00a0<\/p>\n<p>      <!-- Relacionada --><\/p>\n<p>            <!-- Relacionada -->\n    <\/div>\n<p><br \/>\n<br \/><a href=\"https:\/\/agenciabrasil.ebc.com.br\/saude\/noticia\/2024-11\/procon-sp-notifica-meta-sobre-publicidade-de-vapes-em-suas-plataformas\" rel=\"noopener\">Ag\u00eancia Brasil <\/a><\/p>\n","protected":false},"excerpt":{"rendered":"<p>O Procon de S\u00e3o Paulo\u00a0est\u00e1 tomando medidas contra a publicidade irregular de aparelhos para uso de tabaco aquecido, os vapes\u00a0(cigarros eletr\u00f4nicos), em\u00a0redes sociais da empresa Meta, respons\u00e1vel por Facebook e Instagram. Al\u00e9m de pedir informa\u00e7\u00f5es sobre crit\u00e9rios de suspens\u00e3o de an\u00fancios, a Ag\u00eancia\u00a0solicitou medidas para impedir a veicula\u00e7\u00e3o\u00a0das pe\u00e7as publicit\u00e1rias aos assinantes brasileiros, informou\u00a0em nota\u00a0divulgada [&hellip;]<\/p>\n","protected":false},"author":1,"featured_media":16871,"comment_status":"open","ping_status":"open","sticky":false,"template":"","format":"standard","meta":{"_jetpack_newsletter_access":"","_jetpack_dont_email_post_to_subs":false,"_jetpack_newsletter_tier_id":0,"_jetpack_memberships_contains_paywalled_content":false,"_mbp_banners":[],"_jetpack_feature_clip_id":0,"_jetpack_memberships_contains_paid_content":false,"footnotes":"","jetpack_publicize_message":"","jetpack_publicize_feature_enabled":true,"jetpack_social_post_already_shared":true,"jetpack_social_options":{"image_generator_settings":{"template":"highway","default_image_id":0,"font":"","enabled":false},"version":2},"jetpack_post_was_ever_published":false},"categories":[15],"tags":[],"class_list":["post-16870","post","type-post","status-publish","format-standard","has-post-thumbnail","category-saude"],"jetpack_publicize_connections":[],"jetpack-related-posts":[],"jetpack_shortlink":"https:\/\/wp.me\/p7Eq1F-4o6","jetpack_sharing_enabled":true,"jetpack_featured_media_url":"https:\/\/i0.wp.com\/guialimeira.com.br\/news\/wp-content\/uploads\/2024\/11\/2021-10-28t192643z_1192726397_rc27jq9yt3z8_rtrmadp_3_facebook-connect.jpg?fit=1600%2C800&ssl=1","_links":{"self":[{"href":"https:\/\/guialimeira.com.br\/news\/wp-json\/wp\/v2\/posts\/16870","targetHints":{"allow":["GET"]}}],"collection":[{"href":"https:\/\/guialimeira.com.br\/news\/wp-json\/wp\/v2\/posts"}],"about":[{"href":"https:\/\/guialimeira.com.br\/news\/wp-json\/wp\/v2\/types\/post"}],"author":[{"embeddable":true,"href":"https:\/\/guialimeira.com.br\/news\/wp-json\/wp\/v2\/users\/1"}],"replies":[{"embeddable":true,"href":"https:\/\/guialimeira.com.br\/news\/wp-json\/wp\/v2\/comments?post=16870"}],"version-history":[{"count":0,"href":"https:\/\/guialimeira.com.br\/news\/wp-json\/wp\/v2\/posts\/16870\/revisions"}],"wp:featuredmedia":[{"embeddable":true,"href":"https:\/\/guialimeira.com.br\/news\/wp-json\/wp\/v2\/media\/16871"}],"wp:attachment":[{"href":"https:\/\/guialimeira.com.br\/news\/wp-json\/wp\/v2\/media?parent=16870"}],"wp:term":[{"taxonomy":"category","embeddable":true,"href":"https:\/\/guialimeira.com.br\/news\/wp-json\/wp\/v2\/categories?post=16870"},{"taxonomy":"post_tag","embeddable":true,"href":"https:\/\/guialimeira.com.br\/news\/wp-json\/wp\/v2\/tags?post=16870"}],"curies":[{"name":"wp","href":"https:\/\/api.w.org\/{rel}","templated":true}]}}