{"id":16853,"date":"2024-11-12T21:30:45","date_gmt":"2024-11-13T00:30:45","guid":{"rendered":"https:\/\/guialimeira.com.br\/2024\/11\/12\/rio-registra-aumento-de-casos-e-obitos-por-meningite-meningococica\/"},"modified":"2024-11-12T21:30:45","modified_gmt":"2024-11-13T00:30:45","slug":"rio-registra-aumento-de-casos-e-obitos-por-meningite-meningococica","status":"publish","type":"post","link":"https:\/\/guialimeira.com.br\/news\/rio-registra-aumento-de-casos-e-obitos-por-meningite-meningococica\/","title":{"rendered":"Rio registra aumento de casos e \u00f3bitos por meningite meningoc\u00f3cica"},"content":{"rendered":"<p> <br \/>\n<\/p>\n<div>\n<p>A Secretaria de Sa\u00fade do Rio de Janeiro fez um alerta nesta ter\u00e7a-feira (12) para a necessidade de vacina\u00e7\u00e3o contra a meningite meningoc\u00f3cica para adolescentes de 11 a 14 anos de idade e para grupos de risco elevado, como imunossuprimidos. Segundo a pasta, at\u00e9 o dia 4 de fevereiro foram registrados 12 casos e dois \u00f3bitos por doen\u00e7a meningoc\u00f3cica no estado.\u00a0<img data-recalc-dims=\"1\" decoding=\"async\" src=\"https:\/\/i0.wp.com\/agenciabrasil.ebc.com.br\/ebc.png?w=696&#038;ssl=1\" style=\"width:1px; height:1px; display:inline;\"\/><img data-recalc-dims=\"1\" decoding=\"async\" src=\"https:\/\/i0.wp.com\/agenciabrasil.ebc.com.br\/ebc.gif?w=696&#038;ssl=1\" style=\"width:1px; height:1px; display:inline;\"\/><\/p>\n<p>Entre 2017 e 2020, houve seis casos da doen\u00e7a e no ano passado n\u00e3o houve notifica\u00e7\u00f5es.<\/p>\n<p>A prote\u00e7\u00e3o \u00e9 garantida com a vacina meningoc\u00f3cica ACWY, que imuniza contra as doen\u00e7as provocadas pela bact\u00e9ria.\u201cCom o refor\u00e7o da vacina entre os nossos adolescentes, conseguimos proteger o desenvolvimento e garantir que, no futuro, n\u00e3o sejam afetados com formas graves da doen\u00e7a\u201d, avaliou a secret\u00e1ria de Estado de Sa\u00fade, Claudia Mello.<\/p>\n<p>No Sistema \u00danico de Sa\u00fade (SUS), o imunizante \u00e9 oferecido nas Cl\u00ednicas da Fam\u00edlia e postos de sa\u00fade como parte do Calend\u00e1rio Nacional de Vacina\u00e7\u00e3o. A ACWY conjugada \u00e9 aplicada em adolescentes de 11 e 14 anos de idade. O esquema da vacina Meningoc\u00f3cica C \u00e9 administrado em crian\u00e7as de 3 e 5 meses de idade, com refor\u00e7o aos 12 meses.\u00a0<\/p>\n<p>A vacina tamb\u00e9m \u00e9 oferecida nos Centros de Refer\u00eancia para Imunobiol\u00f3gicos Especiais para grupos de risco elevado, como imunossuprimidos e profissionais de microbiologia que podem ter contato com o v\u00edrus.\u00a0<\/p>\n<p>O diagn\u00f3stico da doen\u00e7a \u00e9 realizado por exames laboratoriais. A notifica\u00e7\u00e3o dos casos \u00e9 obrigat\u00f3ria para garantir o acompanhamento pela equipe de vigil\u00e2ncia epidemiol\u00f3gica estadual.<\/p>\n<p>      <!-- Relacionada --><\/p>\n<p>            <!-- Relacionada -->\n    <\/div>\n<p><br \/>\n<br \/><a href=\"https:\/\/agenciabrasil.ebc.com.br\/saude\/noticia\/2024-11\/rio-registra-aumento-de-casos-e-obitos-por-meningite-meningococica\" rel=\"noopener\">Ag\u00eancia Brasil <\/a><\/p>\n","protected":false},"excerpt":{"rendered":"<p>A Secretaria de Sa\u00fade do Rio de Janeiro fez um alerta nesta ter\u00e7a-feira (12) para a necessidade de vacina\u00e7\u00e3o contra a meningite meningoc\u00f3cica para adolescentes de 11 a 14 anos de idade e para grupos de risco elevado, como imunossuprimidos. Segundo a pasta, at\u00e9 o dia 4 de fevereiro foram registrados 12 casos e dois [&hellip;]<\/p>\n","protected":false},"author":1,"featured_media":4811,"comment_status":"open","ping_status":"open","sticky":false,"template":"","format":"standard","meta":{"_jetpack_newsletter_access":"","_jetpack_dont_email_post_to_subs":false,"_jetpack_newsletter_tier_id":0,"_jetpack_memberships_contains_paywalled_content":false,"_mbp_banners":[],"_jetpack_feature_clip_id":0,"_jetpack_memberships_contains_paid_content":false,"footnotes":"","jetpack_publicize_message":"","jetpack_publicize_feature_enabled":true,"jetpack_social_post_already_shared":true,"jetpack_social_options":{"image_generator_settings":{"template":"highway","default_image_id":0,"font":"","enabled":false},"version":2},"jetpack_post_was_ever_published":false},"categories":[15],"tags":[],"class_list":["post-16853","post","type-post","status-publish","format-standard","has-post-thumbnail","category-saude"],"jetpack_publicize_connections":[],"jetpack-related-posts":[],"jetpack_shortlink":"https:\/\/wp.me\/p7Eq1F-4nP","jetpack_sharing_enabled":true,"jetpack_featured_media_url":"https:\/\/i0.wp.com\/guialimeira.com.br\/news\/wp-content\/uploads\/2024\/05\/vacinacao_contra_meningite04092101682.jpg?fit=1600%2C800&ssl=1","_links":{"self":[{"href":"https:\/\/guialimeira.com.br\/news\/wp-json\/wp\/v2\/posts\/16853","targetHints":{"allow":["GET"]}}],"collection":[{"href":"https:\/\/guialimeira.com.br\/news\/wp-json\/wp\/v2\/posts"}],"about":[{"href":"https:\/\/guialimeira.com.br\/news\/wp-json\/wp\/v2\/types\/post"}],"author":[{"embeddable":true,"href":"https:\/\/guialimeira.com.br\/news\/wp-json\/wp\/v2\/users\/1"}],"replies":[{"embeddable":true,"href":"https:\/\/guialimeira.com.br\/news\/wp-json\/wp\/v2\/comments?post=16853"}],"version-history":[{"count":0,"href":"https:\/\/guialimeira.com.br\/news\/wp-json\/wp\/v2\/posts\/16853\/revisions"}],"wp:featuredmedia":[{"embeddable":true,"href":"https:\/\/guialimeira.com.br\/news\/wp-json\/wp\/v2\/media\/4811"}],"wp:attachment":[{"href":"https:\/\/guialimeira.com.br\/news\/wp-json\/wp\/v2\/media?parent=16853"}],"wp:term":[{"taxonomy":"category","embeddable":true,"href":"https:\/\/guialimeira.com.br\/news\/wp-json\/wp\/v2\/categories?post=16853"},{"taxonomy":"post_tag","embeddable":true,"href":"https:\/\/guialimeira.com.br\/news\/wp-json\/wp\/v2\/tags?post=16853"}],"curies":[{"name":"wp","href":"https:\/\/api.w.org\/{rel}","templated":true}]}}