{"id":1667,"date":"2024-04-16T17:51:11","date_gmt":"2024-04-16T20:51:11","guid":{"rendered":"https:\/\/guialimeira.com.br\/2024\/04\/16\/ministerio-publico-vai-investigar-atos-de-racismo-em-escola-do-df\/"},"modified":"2024-04-16T17:51:11","modified_gmt":"2024-04-16T20:51:11","slug":"ministerio-publico-vai-investigar-atos-de-racismo-em-escola-do-df","status":"publish","type":"post","link":"https:\/\/guialimeira.com.br\/news\/ministerio-publico-vai-investigar-atos-de-racismo-em-escola-do-df\/","title":{"rendered":"Minist\u00e9rio P\u00fablico vai investigar atos de racismo em escola do DF"},"content":{"rendered":"<p> <br \/>\n<\/p>\n<div>\n<p>O Minist\u00e9rio P\u00fablico do Distrito Federal e Territ\u00f3rios (MPDFT) vai investigar atos de racismo registrados durante uma partida de futsal entre alunos de duas escolas particulares de Bras\u00edlia. Em nota, a entidade diz que o N\u00facleo de Enfrentamento \u00e0 Discrimina\u00e7\u00e3o (NED) instaurou not\u00edcia de fato para esclarecer o incidente e apurar as responsabilidades.<img data-recalc-dims=\"1\" decoding=\"async\" src=\"https:\/\/i0.wp.com\/agenciabrasil.ebc.com.br\/ebc.png?w=696&#038;ssl=1\" style=\"width:1px; height:1px; display:inline;\"\/><img data-recalc-dims=\"1\" decoding=\"async\" src=\"https:\/\/i0.wp.com\/agenciabrasil.ebc.com.br\/ebc.gif?w=696&#038;ssl=1\" style=\"width:1px; height:1px; display:inline;\"\/><\/p>\n<p>\u201cO NED\/MPDFT agendou reuni\u00f5es com representantes das respectivas institui\u00e7\u00f5es de ensino e com o Sindicato dos Estabelecimentos Particulares de Ensino do Distrito Federal\u201d, informou o Minist\u00e9rio P\u00fablico. O \u00f3rg\u00e3o pede ainda que todas as escolas do DF promovam a\u00e7\u00f5es de preven\u00e7\u00e3o e enfrentamento a discrimina\u00e7\u00f5es, integrando a comunidade escolar no debate.<\/p>\n<h2>Entenda<\/h2>\n<p>No \u00faltimo dia 3, alunos da Escola Franciscana Nossa Senhora de F\u00e1tima compareceram ao Col\u00e9gio Galois para uma partida de futsal v\u00e1lida pelo torneio Liga das Escolas. Durante o jogo, os estudantes foram v\u00edtimas de <a href=\"http:\/\/agenciabrasil.ebc.com.br\/geral\/noticia\/2024-04\/escola-de-brasilia-denuncia-racismo-e-preconceito-durante-jogo\" target=\"_blank\" rel=\"noopener\">preconceito social e inj\u00faria racial<\/a>, conforme relato da diretora da Escola Franciscana Nossa Senhora de F\u00e1tima, In\u00eas Alves Louren\u00e7o.<\/p>\n<p>\u201cNa ocasi\u00e3o, os alunos do Col\u00e9gio Galois proferiram diversas palavras ofensivas aos alunos da Escola F\u00e1tima, tais como \u2018macaco\u2019, \u2018filho de empregada\u2019 e \u2018pobrinho\u2019, tornando o ambiente in\u00f3spito e deixando nossos alunos abalados\u201d, disse. \u201cVale salientar que, embora diversos respons\u00e1veis estivessem no local, nenhuma provid\u00eancia efetiva e adequada foi adotada pelos prepostos do Col\u00e9gio Galois que estavam presentes nas instala\u00e7\u00f5es do gin\u00e1sio.\u201d<\/p>\n<p>Em nota, o diretor do Col\u00e9gio Galois, Angel Andres, lamentou o que avaliou como \u201ccomportamento reprov\u00e1vel\u201d dos alunos de sua institui\u00e7\u00e3o e concordou com a diretora do Escola Franciscana Nossa Senhora de F\u00e1tima, ao afirmar que \u201co preconceito racial e social n\u00e3o deve ter espa\u00e7o em nenhum ambiente, especialmente em uma escola, onde os alunos devem ser ensinados a valorizar a diversidade e a promover o entendimento m\u00fatuo\u201d.<\/p>\n<p>\u201cPudemos apurar que, no intervalo do jogo, o professor do Galois que acompanhava os atletas foi comunicado pelo juiz da partida e pelo treinador da sua institui\u00e7\u00e3o a respeito de atitudes lament\u00e1veis de alguns alunos que estavam na torcida. Nosso professor questionou o juiz do porqu\u00ea n\u00e3o ter interrompido o jogo imediatamente ap\u00f3s os insultos. Em seguida, nosso professor conversou com a torcida e o segundo tempo transcorreu normalmente.\u201d<\/p>\n<p>\u201cEstamos identificando os respons\u00e1veis para aplica\u00e7\u00e3o das devidas medidas disciplinares e educativas. Ademais, estamos organizando atos de conscientiza\u00e7\u00e3o e contri\u00e7\u00e3o. Pedimos desculpas pelo ocorrido e agradecemos a preocupa\u00e7\u00e3o, que tamb\u00e9m \u00e9 nossa, com a boa forma\u00e7\u00e3o e educa\u00e7\u00e3o de crian\u00e7as e jovens\u201d, acrescenta a nota do Galois.<\/p>\n<h2>Rep\u00fadio<\/h2>\n<p>Em nota de rep\u00fadio publicada no \u00faltimo s\u00e1bado (13), o <a href=\"https:\/\/agenciabrasil.ebc.com.br\/direitos-humanos\/noticia\/2024-04\/ministerio-repudia-atos-de-racismo-envolvendo-escolas-em-brasilia\" target=\"_blank\" rel=\"noopener\">Minist\u00e9rio do Esporte condenou os atos<\/a>. O comunicado cita a indigna\u00e7\u00e3o e a tristeza causadas por relatos de insulto racistas direcionados a jovens atletas.<\/p>\n<p>\u201cS\u00e3o profundamente perturbadores e contr\u00e1rios aos valores de igualdade, respeito e diversidade que defendemos\u201d, diz o texto. \u201c\u00c9 inaceit\u00e1vel que epis\u00f3dios de discrimina\u00e7\u00e3o racial persistam em nossa sociedade, especialmente em um ambiente t\u00e3o importante para o desenvolvimento social e pessoal como o esporte escolar.\u201d<\/p>\n<\/p><\/div>\n<p><br \/>\n<br \/><a href=\"https:\/\/agenciabrasil.ebc.com.br\/justica\/noticia\/2024-04\/ministerio-publico-vai-investigar-atos-de-racismo-em-escola-do-df\" rel=\"noopener\">Ag\u00eancia Brasil<\/a><\/p>\n","protected":false},"excerpt":{"rendered":"<p>O Minist\u00e9rio P\u00fablico do Distrito Federal e Territ\u00f3rios (MPDFT) vai investigar atos de racismo registrados durante uma partida de futsal entre alunos de duas escolas particulares de Bras\u00edlia. Em nota, a entidade diz que o N\u00facleo de Enfrentamento \u00e0 Discrimina\u00e7\u00e3o (NED) instaurou not\u00edcia de fato para esclarecer o incidente e apurar as responsabilidades. \u201cO NED\/MPDFT [&hellip;]<\/p>\n","protected":false},"author":1,"featured_media":1668,"comment_status":"open","ping_status":"open","sticky":false,"template":"","format":"standard","meta":{"_jetpack_newsletter_access":"","_jetpack_dont_email_post_to_subs":false,"_jetpack_newsletter_tier_id":0,"_jetpack_memberships_contains_paywalled_content":false,"_mbp_banners":[],"_jetpack_feature_clip_id":0,"_jetpack_memberships_contains_paid_content":false,"footnotes":"","jetpack_publicize_message":"","jetpack_publicize_feature_enabled":true,"jetpack_social_post_already_shared":true,"jetpack_social_options":{"image_generator_settings":{"template":"highway","default_image_id":0,"font":"","enabled":false},"version":2},"jetpack_post_was_ever_published":false},"categories":[22],"tags":[],"class_list":["post-1667","post","type-post","status-publish","format-standard","has-post-thumbnail","category-nacional"],"jetpack_publicize_connections":[],"jetpack-related-posts":[],"jetpack_shortlink":"https:\/\/wp.me\/p7Eq1F-qT","jetpack_sharing_enabled":true,"jetpack_featured_media_url":"https:\/\/i0.wp.com\/guialimeira.com.br\/news\/wp-content\/uploads\/2024\/04\/imagem_materia.jpeg?fit=1600%2C800&ssl=1","_links":{"self":[{"href":"https:\/\/guialimeira.com.br\/news\/wp-json\/wp\/v2\/posts\/1667","targetHints":{"allow":["GET"]}}],"collection":[{"href":"https:\/\/guialimeira.com.br\/news\/wp-json\/wp\/v2\/posts"}],"about":[{"href":"https:\/\/guialimeira.com.br\/news\/wp-json\/wp\/v2\/types\/post"}],"author":[{"embeddable":true,"href":"https:\/\/guialimeira.com.br\/news\/wp-json\/wp\/v2\/users\/1"}],"replies":[{"embeddable":true,"href":"https:\/\/guialimeira.com.br\/news\/wp-json\/wp\/v2\/comments?post=1667"}],"version-history":[{"count":0,"href":"https:\/\/guialimeira.com.br\/news\/wp-json\/wp\/v2\/posts\/1667\/revisions"}],"wp:featuredmedia":[{"embeddable":true,"href":"https:\/\/guialimeira.com.br\/news\/wp-json\/wp\/v2\/media\/1668"}],"wp:attachment":[{"href":"https:\/\/guialimeira.com.br\/news\/wp-json\/wp\/v2\/media?parent=1667"}],"wp:term":[{"taxonomy":"category","embeddable":true,"href":"https:\/\/guialimeira.com.br\/news\/wp-json\/wp\/v2\/categories?post=1667"},{"taxonomy":"post_tag","embeddable":true,"href":"https:\/\/guialimeira.com.br\/news\/wp-json\/wp\/v2\/tags?post=1667"}],"curies":[{"name":"wp","href":"https:\/\/api.w.org\/{rel}","templated":true}]}}