{"id":16669,"date":"2024-11-10T14:40:51","date_gmt":"2024-11-10T17:40:51","guid":{"rendered":"https:\/\/guialimeira.com.br\/2024\/11\/10\/suecia-decide-comprar-aviao-militar-da-embraer\/"},"modified":"2024-11-10T14:40:51","modified_gmt":"2024-11-10T17:40:51","slug":"suecia-decide-comprar-aviao-militar-da-embraer","status":"publish","type":"post","link":"https:\/\/guialimeira.com.br\/news\/suecia-decide-comprar-aviao-militar-da-embraer\/","title":{"rendered":"Su\u00e9cia decide comprar avi\u00e3o militar da Embraer"},"content":{"rendered":"<p> <br \/>\n<\/p>\n<div>\n<p>O Minist\u00e9rio da Defesa da Su\u00e9cia anunciou a escolha do Embraer C-390 Millennium como a nova aeronave de transporte t\u00e1tico do pa\u00eds. A decis\u00e3o de mais um pa\u00eds membro da Organiza\u00e7\u00e3o do Tratado do Atl\u00e2ntico Norte (OTAN) marca a primeira aquisi\u00e7\u00e3o do C-390 no norte da Europa, o que ressalta o compromisso da Su\u00e9cia em aprimorar suas capacidades de defesa com aeronaves de \u00faltima gera\u00e7\u00e3o, diz a Embraer.\u00a0<img data-recalc-dims=\"1\" decoding=\"async\" src=\"https:\/\/i0.wp.com\/agenciabrasil.ebc.com.br\/ebc.png?w=696&#038;ssl=1\" style=\"width:1px; height:1px; display:inline;\"\/><img data-recalc-dims=\"1\" decoding=\"async\" src=\"https:\/\/i0.wp.com\/agenciabrasil.ebc.com.br\/ebc.gif?w=696&#038;ssl=1\" style=\"width:1px; height:1px; display:inline;\"\/><\/p>\n<p>\u201cA Embraer sente-se honrada com a escolha da Su\u00e9cia. Depois que v\u00e1rios pa\u00edses pertencentes \u00e0 Uni\u00e3o Europeia e \u00e0 OTAN selecionarem o C-390, essa decis\u00e3o confirma o fato de que a nossa aeronave multimiss\u00e3o representa um tremendo avan\u00e7o de capacidade operacional em rela\u00e7\u00e3o \u00e0s aeronaves de transporte t\u00e1tico da gera\u00e7\u00e3o anterior\u201d, disse Bosco da Costa Junior, presidente e CEO da Embraer Defesa &amp; Seguran\u00e7a.\u00a0<\/p>\n<p>\u201cA aeronave est\u00e1 sendo reconhecida, gradualmente, pelas For\u00e7as A\u00e9reas mais avan\u00e7adas do mundo, como a For\u00e7a A\u00e9rea Sueca. Essa sele\u00e7\u00e3o nos incentiva a oferecer aos nossos clientes o transporte t\u00e1tico de que necessitam para realizar suas miss\u00f5es mais desafiadoras com versatilidade, confiabilidade e desempenho inigual\u00e1veis\u201d, acrescenta o executivo.<\/p>\n<p>A Embraer tem uma parceria de longa data com a Su\u00e9cia, que ser\u00e1 ampliada com a sele\u00e7\u00e3o do C-390. A empresa informou que est\u00e1 pronta para apoiar as For\u00e7as Armadas suecas com a finalidade de atender aos exigentes requisitos de seu processo de aquisi\u00e7\u00e3o, uma vez que esta decis\u00e3o representa um novo cap\u00edtulo nas rela\u00e7\u00f5es Brasil-Su\u00e9cia.<\/p>\n<p>&#8220;A escolha do C-390 est\u00e1 alinhada a uma tend\u00eancia crescente entre os pa\u00edses membros da Uni\u00e3o Europeia e da Otan,\u00a0que reconhecem a efic\u00e1cia da aeronave para atender \u00e0s necessidades de defesa atuais e futuras. A Su\u00e9cia \u00e9 a sexta na\u00e7\u00e3o europeia a escolher a aeronave, juntamente com \u00c1ustria, Rep\u00fablica Tcheca, Hungria, Holanda e Portugal. A aquisi\u00e7\u00e3o do C-390 pela Su\u00e9cia n\u00e3o apenas refor\u00e7ar\u00e1 a defesa nacional, mas tamb\u00e9m aumentar\u00e1 a interoperabilidade com as for\u00e7as aliadas, ao mesmo tempo em que se beneficiar\u00e1 das sinergias presentes na Europa em termos de instala\u00e7\u00f5es de treinamento, suporte e log\u00edstica&#8221;, diz a Embraer.<\/p>\n<p>O C-390 tamb\u00e9m foi adquirido pelo Brasil e pela Coreia do Sul. Desde sua entrada em servi\u00e7o com a For\u00e7a A\u00e9rea Brasileira, em 2019, e na For\u00e7a A\u00e9rea Portuguesa, em 2023, a frota em opera\u00e7\u00e3o acumulou mais de 15.000 horas de voo, disponibilidade operacional em 93% e taxas de conclus\u00e3o de miss\u00e3o acima de 99%, demonstrando produtividade excepcional na categoria.<\/p>\n<p>      <!-- Relacionada --><\/p>\n<p>            <!-- Relacionada -->\n    <\/div>\n<p><br \/>\n<br \/><a href=\"https:\/\/agenciabrasil.ebc.com.br\/internacional\/noticia\/2024-11\/suecia-decide-comprar-aviao-militar-da-embraer\" rel=\"noopener\">Ag\u00eancia Brasil <\/a><\/p>\n","protected":false},"excerpt":{"rendered":"<p>O Minist\u00e9rio da Defesa da Su\u00e9cia anunciou a escolha do Embraer C-390 Millennium como a nova aeronave de transporte t\u00e1tico do pa\u00eds. A decis\u00e3o de mais um pa\u00eds membro da Organiza\u00e7\u00e3o do Tratado do Atl\u00e2ntico Norte (OTAN) marca a primeira aquisi\u00e7\u00e3o do C-390 no norte da Europa, o que ressalta o compromisso da Su\u00e9cia em [&hellip;]<\/p>\n","protected":false},"author":1,"featured_media":16670,"comment_status":"open","ping_status":"open","sticky":false,"template":"","format":"standard","meta":{"_jetpack_newsletter_access":"","_jetpack_dont_email_post_to_subs":false,"_jetpack_newsletter_tier_id":0,"_jetpack_memberships_contains_paywalled_content":false,"_mbp_banners":[],"_jetpack_feature_clip_id":0,"_jetpack_memberships_contains_paid_content":false,"footnotes":"","jetpack_publicize_message":"","jetpack_publicize_feature_enabled":true,"jetpack_social_post_already_shared":true,"jetpack_social_options":{"image_generator_settings":{"template":"highway","default_image_id":0,"font":"","enabled":false},"version":2},"jetpack_post_was_ever_published":false},"categories":[25],"tags":[],"class_list":["post-16669","post","type-post","status-publish","format-standard","has-post-thumbnail","category-internacional"],"jetpack_publicize_connections":[],"jetpack-related-posts":[],"jetpack_shortlink":"https:\/\/wp.me\/p7Eq1F-4kR","jetpack_sharing_enabled":true,"jetpack_featured_media_url":"https:\/\/i0.wp.com\/guialimeira.com.br\/news\/wp-content\/uploads\/2024\/11\/c-390_millennium.jpg?fit=1600%2C800&ssl=1","_links":{"self":[{"href":"https:\/\/guialimeira.com.br\/news\/wp-json\/wp\/v2\/posts\/16669","targetHints":{"allow":["GET"]}}],"collection":[{"href":"https:\/\/guialimeira.com.br\/news\/wp-json\/wp\/v2\/posts"}],"about":[{"href":"https:\/\/guialimeira.com.br\/news\/wp-json\/wp\/v2\/types\/post"}],"author":[{"embeddable":true,"href":"https:\/\/guialimeira.com.br\/news\/wp-json\/wp\/v2\/users\/1"}],"replies":[{"embeddable":true,"href":"https:\/\/guialimeira.com.br\/news\/wp-json\/wp\/v2\/comments?post=16669"}],"version-history":[{"count":0,"href":"https:\/\/guialimeira.com.br\/news\/wp-json\/wp\/v2\/posts\/16669\/revisions"}],"wp:featuredmedia":[{"embeddable":true,"href":"https:\/\/guialimeira.com.br\/news\/wp-json\/wp\/v2\/media\/16670"}],"wp:attachment":[{"href":"https:\/\/guialimeira.com.br\/news\/wp-json\/wp\/v2\/media?parent=16669"}],"wp:term":[{"taxonomy":"category","embeddable":true,"href":"https:\/\/guialimeira.com.br\/news\/wp-json\/wp\/v2\/categories?post=16669"},{"taxonomy":"post_tag","embeddable":true,"href":"https:\/\/guialimeira.com.br\/news\/wp-json\/wp\/v2\/tags?post=16669"}],"curies":[{"name":"wp","href":"https:\/\/api.w.org\/{rel}","templated":true}]}}