{"id":16637,"date":"2024-11-09T18:20:17","date_gmt":"2024-11-09T21:20:17","guid":{"rendered":"https:\/\/guialimeira.com.br\/2024\/11\/09\/assessor-diz-que-trump-pedira-visao-realista-a-ucranianos\/"},"modified":"2024-11-09T18:20:17","modified_gmt":"2024-11-09T21:20:17","slug":"assessor-diz-que-trump-pedira-visao-realista-a-ucranianos","status":"publish","type":"post","link":"https:\/\/guialimeira.com.br\/news\/assessor-diz-que-trump-pedira-visao-realista-a-ucranianos\/","title":{"rendered":"Assessor diz que Trump pedir\u00e1 \u2018vis\u00e3o realista\u2019 a ucranianos"},"content":{"rendered":"<p> <br \/>\n<\/p>\n<div>\n<p>Bryan Lanza, assessor do presidente eleito dos Estados Unidos, Donald Trump, afirmou em entrevista transmitida neste s\u00e1bado (9) que a prioridade do novo governo ser\u00e1 restabelecer a paz na Ucr\u00e2nia, e n\u00e3o restaurar os territ\u00f3rios que o pa\u00eds perdeu, como a Crimeia.<img data-recalc-dims=\"1\" decoding=\"async\" src=\"https:\/\/i0.wp.com\/agenciabrasil.ebc.com.br\/ebc.png?w=696&#038;ssl=1\" style=\"width:1px; height:1px; display:inline;\"\/><img data-recalc-dims=\"1\" decoding=\"async\" src=\"https:\/\/i0.wp.com\/agenciabrasil.ebc.com.br\/ebc.gif?w=696&#038;ssl=1\" style=\"width:1px; height:1px; display:inline;\"\/><\/p>\n<p>O estrategista do Partido Republicano afirmou \u00e0 BBC que o governo Trump pedir\u00e1 ao presidente da Ucr\u00e2nia, Volodymyr Zelenskiy, uma \u201cvis\u00e3o realista para a paz\u201d.<\/p>\n<p>\u201cE, se o presidente Zelenskiy chegar \u00e0 mesa e disser, &#8216;bom, s\u00f3 podemos ter paz com a Crimeia&#8217;, ele mostra para n\u00f3s que n\u00e3o \u00e9 s\u00e9rio. A Crimeia j\u00e1 era\u201d, afirmou. \u201cE se sua prioridade \u00e9 tomar a Crimeia de volta e ter soldados norte-americanos lutando para ter a Crimeia de volta, voc\u00ea est\u00e1 por sua conta.\u201d<\/p>\n<p>Ele afirmou que a prioridade \u00e9 a \u201cpaz e o fim das mortes\u201d.<\/p>\n<p>\u201cO que falaremos para a Ucr\u00e2nia \u00e9: voc\u00ea sabe o que est\u00e1 vendo? O que voc\u00ea v\u00ea como uma perspectiva real para a paz? N\u00e3o \u00e9 uma vis\u00e3o para vencer, mas uma vis\u00e3o para a paz. Vamos come\u00e7ar a ter uma conversa honesta\u201d, disse.<\/p>\n<p>A R\u00fassia anexou a pen\u00ednsula da Crimeia em 2014, ap\u00f3s uma revolta que obrigou o ent\u00e3o presidente, que era pr\u00f3-Moscou, a fugir. Mais de dois anos e meio ap\u00f3s lan\u00e7arem uma invas\u00e3o ampla sobre a na\u00e7\u00e3o, as for\u00e7as russas mant\u00eam controle de pouco menos de 20% do seu territ\u00f3rio.<\/p>\n<p>Zelenskiy tem repetidamente dito que a paz n\u00e3o \u00e9 poss\u00edvel at\u00e9 que todas as for\u00e7as russas sejam expulsas e todos os territ\u00f3rios tomados por Moscou, inclusive a Crimeia, devolvidos. Seu \u201cplano para a vit\u00f3ria\u201d, apresentado no m\u00eas passado, mant\u00e9m essa ideia e tamb\u00e9m a entrada da na\u00e7\u00e3o na Organiza\u00e7\u00e3o do Tratado do Atl\u00e2ntico Norte (Otan), algo criticado h\u00e1 tempos pela R\u00fassia.<\/p>\n<p>Durante a campanha, Trump afirmou que encontraria uma solu\u00e7\u00e3o para a guerra \u201cem um dia\u201d, mas n\u00e3o falou como o faria.<\/p>\n<p>Zelenskiy e Trump falaram por telefone nesta semana, depois da elei\u00e7\u00e3o, em conversa com participa\u00e7\u00e3o do bilion\u00e1rio Elon Musk, segundo informa\u00e7\u00f5es da imprensa.<\/p>\n<p><strong><em>\u00c9 proibida a reprodu\u00e7\u00e3o deste conte\u00fado<\/em><\/strong><\/p>\n<p>      <!-- Relacionada --><\/p>\n<p>            <!-- Relacionada -->\n    <\/div>\n<p><br \/>\n<br \/><a href=\"https:\/\/agenciabrasil.ebc.com.br\/internacional\/noticia\/2024-11\/assessor-diz-que-trump-pedira-visao-realista-ucranianos\" rel=\"noopener\">Ag\u00eancia Brasil <\/a><\/p>\n","protected":false},"excerpt":{"rendered":"<p>Bryan Lanza, assessor do presidente eleito dos Estados Unidos, Donald Trump, afirmou em entrevista transmitida neste s\u00e1bado (9) que a prioridade do novo governo ser\u00e1 restabelecer a paz na Ucr\u00e2nia, e n\u00e3o restaurar os territ\u00f3rios que o pa\u00eds perdeu, como a Crimeia. O estrategista do Partido Republicano afirmou \u00e0 BBC que o governo Trump pedir\u00e1 [&hellip;]<\/p>\n","protected":false},"author":1,"featured_media":269,"comment_status":"open","ping_status":"open","sticky":false,"template":"","format":"standard","meta":{"_jetpack_newsletter_access":"","_jetpack_dont_email_post_to_subs":false,"_jetpack_newsletter_tier_id":0,"_jetpack_memberships_contains_paywalled_content":false,"_mbp_banners":[],"_jetpack_feature_clip_id":0,"_jetpack_memberships_contains_paid_content":false,"footnotes":"","jetpack_publicize_message":"","jetpack_publicize_feature_enabled":true,"jetpack_social_post_already_shared":true,"jetpack_social_options":{"image_generator_settings":{"template":"highway","default_image_id":0,"font":"","enabled":false},"version":2},"jetpack_post_was_ever_published":false},"categories":[25],"tags":[],"class_list":["post-16637","post","type-post","status-publish","format-standard","has-post-thumbnail","category-internacional"],"jetpack_publicize_connections":[],"jetpack-related-posts":[],"jetpack_shortlink":"https:\/\/wp.me\/p7Eq1F-4kl","jetpack_sharing_enabled":true,"jetpack_featured_media_url":"https:\/\/i0.wp.com\/guialimeira.com.br\/news\/wp-content\/uploads\/2024\/03\/thumb_1200x600_agbrasil.png?fit=1200%2C600&ssl=1","_links":{"self":[{"href":"https:\/\/guialimeira.com.br\/news\/wp-json\/wp\/v2\/posts\/16637","targetHints":{"allow":["GET"]}}],"collection":[{"href":"https:\/\/guialimeira.com.br\/news\/wp-json\/wp\/v2\/posts"}],"about":[{"href":"https:\/\/guialimeira.com.br\/news\/wp-json\/wp\/v2\/types\/post"}],"author":[{"embeddable":true,"href":"https:\/\/guialimeira.com.br\/news\/wp-json\/wp\/v2\/users\/1"}],"replies":[{"embeddable":true,"href":"https:\/\/guialimeira.com.br\/news\/wp-json\/wp\/v2\/comments?post=16637"}],"version-history":[{"count":0,"href":"https:\/\/guialimeira.com.br\/news\/wp-json\/wp\/v2\/posts\/16637\/revisions"}],"wp:featuredmedia":[{"embeddable":true,"href":"https:\/\/guialimeira.com.br\/news\/wp-json\/wp\/v2\/media\/269"}],"wp:attachment":[{"href":"https:\/\/guialimeira.com.br\/news\/wp-json\/wp\/v2\/media?parent=16637"}],"wp:term":[{"taxonomy":"category","embeddable":true,"href":"https:\/\/guialimeira.com.br\/news\/wp-json\/wp\/v2\/categories?post=16637"},{"taxonomy":"post_tag","embeddable":true,"href":"https:\/\/guialimeira.com.br\/news\/wp-json\/wp\/v2\/tags?post=16637"}],"curies":[{"name":"wp","href":"https:\/\/api.w.org\/{rel}","templated":true}]}}