{"id":16623,"date":"2024-11-09T15:17:53","date_gmt":"2024-11-09T18:17:53","guid":{"rendered":"https:\/\/guialimeira.com.br\/2024\/11\/09\/brasil-manifesta-preocupacao-com-violencia-apos-eleicoes-em-mocambique\/"},"modified":"2024-11-09T15:17:53","modified_gmt":"2024-11-09T18:17:53","slug":"brasil-manifesta-preocupacao-com-violencia-apos-eleicoes-em-mocambique","status":"publish","type":"post","link":"https:\/\/guialimeira.com.br\/news\/brasil-manifesta-preocupacao-com-violencia-apos-eleicoes-em-mocambique\/","title":{"rendered":"Brasil manifesta preocupa\u00e7\u00e3o com viol\u00eancia ap\u00f3s elei\u00e7\u00f5es em Mo\u00e7ambique"},"content":{"rendered":"<p> <br \/>\n<\/p>\n<div>\n<p>O Minist\u00e9rio das Rela\u00e7\u00f5es Exteriores divulgou uma nota no fim da manh\u00e3 deste s\u00e1bado (9) em que afirma que o governo brasileiro acompanha, com preocupa\u00e7\u00e3o, a escalada de viol\u00eancia em Mo\u00e7ambique.<img data-recalc-dims=\"1\" decoding=\"async\" src=\"https:\/\/i0.wp.com\/agenciabrasil.ebc.com.br\/ebc.png?w=696&#038;ssl=1\" style=\"width:1px; height:1px; display:inline;\"\/><img data-recalc-dims=\"1\" decoding=\"async\" src=\"https:\/\/i0.wp.com\/agenciabrasil.ebc.com.br\/ebc.gif?w=696&#038;ssl=1\" style=\"width:1px; height:1px; display:inline;\"\/><\/p>\n<p>For\u00e7as de seguran\u00e7a e manifestantes contr\u00e1rios ao resultado das elei\u00e7\u00f5es realizadas no in\u00edcio de outubro t\u00eam se enfrentado no pa\u00eds africano, e h\u00e1 registro de mortes e dezenas de feridos.<\/p>\n<p>&#8220;Ao recordar o direito \u00e0 liberdade de reuni\u00e3o e de manifesta\u00e7\u00e3o, o Brasil exorta as partes \u00e0 conten\u00e7\u00e3o, de forma a assegurar o exerc\u00edcio pac\u00edfico da cidadania no quadro democr\u00e1tico&#8221;, diz o governo brasileiro.<\/p>\n<p>A Comiss\u00e3o Nacional de Elei\u00e7\u00f5es declarou vencedor Daniel Chapo, da frente de liberta\u00e7\u00e3o de Mo\u00e7ambique (Frelimo), partido do atual presidente, Filipe Nyusi.<\/p>\n<p>Entretanto, manifestantes apoiadores de Ven\u00e2ncio Mondlane, do partido Povo Optimista pelo Desenvolvimento de Mo\u00e7ambique (Podemos), contestam o resultado, e o candidato se declara vencedor do pleito.<\/p>\n<p>De acordo com a Ag\u00eancia de Informa\u00e7\u00f5es de Mo\u00e7ambique, o Hospital Central de Maputo (HCM), na capital do pa\u00eds, registrou tr\u00eas \u00f3bitos e 66 feridos ap\u00f3s o protesto da \u00faltima quinta-feira. \u00a0 \u00a0<\/p>\n<p>\u00a0<\/p>\n<p>      <!-- Relacionada --><\/p>\n<p>            <!-- Relacionada -->\n    <\/div>\n<p><br \/>\n<br \/><a href=\"https:\/\/agenciabrasil.ebc.com.br\/internacional\/noticia\/2024-11\/brasil-manifesta-preocupacao-com-violencia-apos-eleicoes-em-mocambique\" rel=\"noopener\">Ag\u00eancia Brasil <\/a><\/p>\n","protected":false},"excerpt":{"rendered":"<p>O Minist\u00e9rio das Rela\u00e7\u00f5es Exteriores divulgou uma nota no fim da manh\u00e3 deste s\u00e1bado (9) em que afirma que o governo brasileiro acompanha, com preocupa\u00e7\u00e3o, a escalada de viol\u00eancia em Mo\u00e7ambique. For\u00e7as de seguran\u00e7a e manifestantes contr\u00e1rios ao resultado das elei\u00e7\u00f5es realizadas no in\u00edcio de outubro t\u00eam se enfrentado no pa\u00eds africano, e h\u00e1 registro [&hellip;]<\/p>\n","protected":false},"author":1,"featured_media":16624,"comment_status":"open","ping_status":"open","sticky":false,"template":"","format":"standard","meta":{"_jetpack_newsletter_access":"","_jetpack_dont_email_post_to_subs":false,"_jetpack_newsletter_tier_id":0,"_jetpack_memberships_contains_paywalled_content":false,"_mbp_banners":[],"_jetpack_feature_clip_id":0,"_jetpack_memberships_contains_paid_content":false,"footnotes":"","jetpack_publicize_message":"","jetpack_publicize_feature_enabled":true,"jetpack_social_post_already_shared":true,"jetpack_social_options":{"image_generator_settings":{"template":"highway","default_image_id":0,"font":"","enabled":false},"version":2},"jetpack_post_was_ever_published":false},"categories":[25],"tags":[],"class_list":["post-16623","post","type-post","status-publish","format-standard","has-post-thumbnail","category-internacional"],"jetpack_publicize_connections":[],"jetpack-related-posts":[],"jetpack_shortlink":"https:\/\/wp.me\/p7Eq1F-4k7","jetpack_sharing_enabled":true,"jetpack_featured_media_url":"https:\/\/i0.wp.com\/guialimeira.com.br\/news\/wp-content\/uploads\/2024\/11\/brasilia_60_anos_itamaraty_0420202328_2.jpg?fit=1600%2C800&ssl=1","_links":{"self":[{"href":"https:\/\/guialimeira.com.br\/news\/wp-json\/wp\/v2\/posts\/16623","targetHints":{"allow":["GET"]}}],"collection":[{"href":"https:\/\/guialimeira.com.br\/news\/wp-json\/wp\/v2\/posts"}],"about":[{"href":"https:\/\/guialimeira.com.br\/news\/wp-json\/wp\/v2\/types\/post"}],"author":[{"embeddable":true,"href":"https:\/\/guialimeira.com.br\/news\/wp-json\/wp\/v2\/users\/1"}],"replies":[{"embeddable":true,"href":"https:\/\/guialimeira.com.br\/news\/wp-json\/wp\/v2\/comments?post=16623"}],"version-history":[{"count":0,"href":"https:\/\/guialimeira.com.br\/news\/wp-json\/wp\/v2\/posts\/16623\/revisions"}],"wp:featuredmedia":[{"embeddable":true,"href":"https:\/\/guialimeira.com.br\/news\/wp-json\/wp\/v2\/media\/16624"}],"wp:attachment":[{"href":"https:\/\/guialimeira.com.br\/news\/wp-json\/wp\/v2\/media?parent=16623"}],"wp:term":[{"taxonomy":"category","embeddable":true,"href":"https:\/\/guialimeira.com.br\/news\/wp-json\/wp\/v2\/categories?post=16623"},{"taxonomy":"post_tag","embeddable":true,"href":"https:\/\/guialimeira.com.br\/news\/wp-json\/wp\/v2\/tags?post=16623"}],"curies":[{"name":"wp","href":"https:\/\/api.w.org\/{rel}","templated":true}]}}